{"id":80321,"date":"2026-09-03T22:43:23","date_gmt":"2026-09-03T22:43:23","guid":{"rendered":"https:\/\/www.europesays.com\/spain\/80321\/"},"modified":"2026-09-03T22:43:23","modified_gmt":"2026-09-03T22:43:23","slug":"real-madrids-raul-asencio-cleared-of-charges-of-sharing-explicit-video-of-minor","status":"publish","type":"post","link":"https:\/\/www.europesays.com\/spain\/80321\/","title":{"rendered":"Real Madrid&#8217;s Ra\u00fal Asencio cleared of charges of sharing explicit video of minor"},"content":{"rendered":"<p><a data-clubhouse-guid=\"66434654-a8ba-a04c-98e5-6bbd0dbbb780\" href=\"https:\/\/www.espn.co.uk\/football\/team?id=86\" rel=\"nofollow noopener\" target=\"_blank\">Real Madrid<\/a>&#8216;s <a data-player-guid=\"af692d6d-f76a-3e38-b135-58ffb3529101\" href=\"http:\/\/espn.com\/soccer\/player\/_\/id\/388338\/raul-asencio\" rel=\"nofollow noopener\" target=\"_blank\">Ra\u00fal Asencio<\/a> was acquitted on Thursday by a Spanish court of charges related to allegedly recording sexual images of a woman and a minor and distributing them without their consent.<\/p>\n<p>Asencio&#8217;s former Real Madrid youth division teammates Andr\u00e9s Garc\u00eda, Ferr\u00e1n Ruiz and Juan Rodr\u00edguez, also on trial, all agreed to a one-year suspended jail sentence for distributing child pornography.<\/p>\n<p>The case centres on the filming of a sexual encounter in the private area of a beach club in the Canary Islands in June 2023, as well as the distribution of the video, without consent.<\/p>\n<p>Editor&#8217;s Picks<a name=\"&amp;lpos=story:editorspicks:inline:1\" href=\"https:\/\/www.espn.co.uk\/football\/story\/_\/id\/45152239\/madrids-asencio-charged-explicit-video\" class=\"img-link\" rel=\"nofollow noopener\" target=\"_blank\"><img loading=\"lazy\" decoding=\"async\" src=\"https:\/\/www.europesays.com\/spain\/wp-content\/uploads\/2026\/09\/r1492902_683x683_1-1.jpg&#038;w=130&#038;h=130&#038;scale=crop&#038;location=center.jpeg\" width=\"65\" height=\"65\"\/><\/a><a name=\"&amp;lpos=story:editorspicks:inline:2\" href=\"https:\/\/www.espn.co.uk\/football\/story\/_\/id\/49801732\/real-madrid-raul-asencio-convicted-drink-driving\" class=\"img-link\" rel=\"nofollow noopener\" target=\"_blank\"><img loading=\"lazy\" decoding=\"async\" src=\"https:\/\/www.europesays.com\/spain\/wp-content\/uploads\/2026\/09\/r1450424_1296x1296_1-1.jpg&#038;w=130&#038;h=130&#038;scale=crop&#038;location=center.jpeg\" width=\"65\" height=\"65\"\/><\/a><\/p>\n<p>1 Related<\/p>\n<p>Asencio, 23, was not accused of having been involved in the incident or the filming of it but of distributing the video without consent.<\/p>\n<p>The two young women who appear in the footage &#8212; one of whom was 16 at the time &#8212; confirmed during Thursday&#8217;s trial that they had forgiven the four players.<\/p>\n<p>Spanish prosecutors had requested two-and-a-half-year prison sentence for Asencio and jail sentences of four years and seven months for Garc\u00eda, Ruiz and Rodr\u00edguez.<\/p>\n<p>&#8220;After hearing the victims confirm that they forgave the defendants and the report from the representative of the Public Prosecutor&#8217;s Office withdrawing the charges against one of them and reducing the sentence sought for the other three, the judge handed down a verdict by consent in accordance with the prosecutor&#8217;s report,&#8221; a statement from a Las Palmas de Gran Canaria court said.<\/p>\n<p>&#8220;The three footballers accused of distributing child pornography have been sentenced to one year&#8217;s imprisonment (which is suspended on condition that they do not reoffend during that period), two years&#8217; restraining order from the victims, and a three-year ban on working in any profession involving minors. The footballer (Asencio) in question, against whom the prosecutor had withdrawn all charges, has been acquitted and is free to go.<\/p>\n<p><img class=\" lazyload lazyload\" data-image-container=\".inline-photo\" height=\"320\" width=\"570\"\/>Real Madrid&#8217;s Ra\u00fal Asencio was acquitted of charges related to the recording of a sexually explicit video of a minor.\u00a0Jose Breton\/Pics Action\/NurPhoto via Getty Images<\/p>\n<p>&#8220;The ruling is final and definitively concludes the proceedings, as the parties have confirmed that they accept it and will not appeal.&#8221;<\/p>\n<p>This ruling comes one day after Asencio <a href=\"https:\/\/www.espn.co.uk\/football\/story\/_\/id\/49801732\/real-madrid-raul-asencio-convicted-drink-driving\" target=\"_blank\" rel=\"nofollow noopener\">was convicted<\/a> of a traffic offence for driving under the influence of alcohol.<\/p>\n<p>The Spanish defender was fined \u20ac14,400 (\u20ac120 per day for four months), in addition to having his driver&#8217;s licence suspended for eight months.<\/p>\n<p>Real Madrid opened a disciplinary proceeding against Asencio after his DUI conviction, coach Jos\u00e9 Mourinho said on Thursday.<\/p>\n<p>&#8220;While the proceeding is open I see him as a Real Madrid player,&#8221; Mourinho said. &#8220;He&#8217;s injured and will continue to be sidelined for a couple of weeks. That helps me not to have to deal with this problem now.&#8221;<\/p>\n<p>Asencio hasn&#8217;t played this season because of a muscle injury.<\/p>\n<p>&#8220;He&#8217;s an exemplary professional. While he was fit, nobody trained harder or better than him,&#8221; Mourinho said. &#8221; Now he&#8217;s the first to arrive and the last to leave. But a Real Madrid player is a Real Madrid player 24 hours a day, seven days a week and 12 months a year. Everything you do off the field is still about Real Madrid. It still damages the prestige of a club that is untouchable. I&#8217;m not happy, and everyone makes mistakes, but accumulated mistakes are different.&#8221;<\/p>\n<p>Information from The Associated Press was used in this report. <\/p>\n","protected":false},"excerpt":{"rendered":"Real Madrid&#8216;s Ra\u00fal Asencio was acquitted on Thursday by a Spanish court of charges related to allegedly recording&hellip;\n","protected":false},"author":2,"featured_media":79472,"comment_status":"","ping_status":"","sticky":false,"template":"","format":"standard","meta":{"footnotes":""},"categories":[4],"tags":[82],"class_list":["post-80321","post","type-post","status-publish","format-standard","has-post-thumbnail","category-madrid","tag-madrid"],"_links":{"self":[{"href":"https:\/\/www.europesays.com\/spain\/wp-json\/wp\/v2\/posts\/80321","targetHints":{"allow":["GET"]}}],"collection":[{"href":"https:\/\/www.europesays.com\/spain\/wp-json\/wp\/v2\/posts"}],"about":[{"href":"https:\/\/www.europesays.com\/spain\/wp-json\/wp\/v2\/types\/post"}],"author":[{"embeddable":true,"href":"https:\/\/www.europesays.com\/spain\/wp-json\/wp\/v2\/users\/2"}],"replies":[{"embeddable":true,"href":"https:\/\/www.europesays.com\/spain\/wp-json\/wp\/v2\/comments?post=80321"}],"version-history":[{"count":0,"href":"https:\/\/www.europesays.com\/spain\/wp-json\/wp\/v2\/posts\/80321\/revisions"}],"wp:featuredmedia":[{"embeddable":true,"href":"https:\/\/www.europesays.com\/spain\/wp-json\/wp\/v2\/media\/79472"}],"wp:attachment":[{"href":"https:\/\/www.europesays.com\/spain\/wp-json\/wp\/v2\/media?parent=80321"}],"wp:term":[{"taxonomy":"category","embeddable":true,"href":"https:\/\/www.europesays.com\/spain\/wp-json\/wp\/v2\/categories?post=80321"},{"taxonomy":"post_tag","embeddable":true,"href":"https:\/\/www.europesays.com\/spain\/wp-json\/wp\/v2\/tags?post=80321"}],"curies":[{"name":"wp","href":"https:\/\/api.w.org\/{rel}","templated":true}]}}