{"id":80328,"date":"2026-09-03T22:57:15","date_gmt":"2026-09-03T22:57:15","guid":{"rendered":"https:\/\/www.europesays.com\/spain\/80328\/"},"modified":"2026-09-03T22:57:15","modified_gmt":"2026-09-03T22:57:15","slug":"champions-league-squad-list-real-madrid-shocks-its-player-and-surprises-its-new-signing","status":"publish","type":"post","link":"https:\/\/www.europesays.com\/spain\/80328\/","title":{"rendered":"Champions League squad list: Real Madrid shocks its player and surprises its new signing"},"content":{"rendered":"<p>Real Madrid have sent UEFA their list of players registered for the Champions League, and Ferland Mendy&#8217;s name was not on it.\u00a0<\/p>\n<p><a href=\"https:\/\/www.marca.com\/futbol\/real-madrid\/2026\/09\/03\/real-madrid-carga-mendy-lista-champions-e-inscribe-sergio-martinez-38.html\" target=\"_blank\" rel=\"nofollow noopener\">Marca<\/a> report that the French left-back missed out on Los Blancos&#8217; list to make room for new signing Sergio Mart\u00ednez.<\/p>\n<p>Handing the recent Racing arrival a place could solve a problem for Real Madrid before their opening game in Europe&#8217;s premier club competition, set for next Tuesday against visitors Inter Milan.<\/p>\n<p>Mourinho cannot call on Arda G\u00fcler, Camavinga or Bernardo Silva for that match, with all three suspended. The state of emergency deepens over Tchouam\u00e9ni&#8217;s fitness. He has featured in no squad all season, missed every warm-up game, and remains sidelined by a mysterious muscle injury. Doubts hang over Thiago Pitarch too.<\/p>\n<p>Sergio Mart\u00ednez could therefore make his Champions League debut just five days after his first squad call-up as a Real Madrid player. Real signed him from Racing to bolster Castilla, but he trained this week under Mourinho and impressed both the coach and the first-team players.<\/p>\n<p>Mendy stepped out onto the pitch at Valdebebas around two weeks ago, though only within the club, and his long injury history has left Real cautious about any timeline for his comeback. The most optimistic forecasts had pencilled in a September or October return, after he went under the knife following a tear in the rectus femoris tendon in his right leg.<\/p>\n<p>Marc Cucurella&#8217;s arrival, coupled with Fran Garc\u00eda&#8217;s departure, gives Real Madrid two options at left-back beyond Carreras. That matters all the more while doubts persist over whether Mendy can return to full fitness after surgery.<\/p>\n<p>Eight players from List B feature on the list Real Madrid sent to UEFA. They are Fortea, Juan Mart\u00ednez and Mario Rivas in defence, Thiago, Sistero, Lacoste and Valero in midfield, and Y\u00e1\u00f1ez in attack.<\/p>\n<p>You can discuss topics and news in greater depth in the Kooora forums<\/p>\n","protected":false},"excerpt":{"rendered":"Real Madrid have sent UEFA their list of players registered for the Champions League, and Ferland Mendy&#8217;s name&hellip;\n","protected":false},"author":2,"featured_media":80329,"comment_status":"","ping_status":"","sticky":false,"template":"","format":"standard","meta":{"footnotes":""},"categories":[4],"tags":[187,27106,1414,82,83,27928],"class_list":["post-80328","post","type-post","status-publish","format-standard","has-post-thumbnail","category-madrid","tag-champions-league","tag-f-mendy","tag-j-mourinho","tag-madrid","tag-real-madrid","tag-s-martinez"],"_links":{"self":[{"href":"https:\/\/www.europesays.com\/spain\/wp-json\/wp\/v2\/posts\/80328","targetHints":{"allow":["GET"]}}],"collection":[{"href":"https:\/\/www.europesays.com\/spain\/wp-json\/wp\/v2\/posts"}],"about":[{"href":"https:\/\/www.europesays.com\/spain\/wp-json\/wp\/v2\/types\/post"}],"author":[{"embeddable":true,"href":"https:\/\/www.europesays.com\/spain\/wp-json\/wp\/v2\/users\/2"}],"replies":[{"embeddable":true,"href":"https:\/\/www.europesays.com\/spain\/wp-json\/wp\/v2\/comments?post=80328"}],"version-history":[{"count":0,"href":"https:\/\/www.europesays.com\/spain\/wp-json\/wp\/v2\/posts\/80328\/revisions"}],"wp:featuredmedia":[{"embeddable":true,"href":"https:\/\/www.europesays.com\/spain\/wp-json\/wp\/v2\/media\/80329"}],"wp:attachment":[{"href":"https:\/\/www.europesays.com\/spain\/wp-json\/wp\/v2\/media?parent=80328"}],"wp:term":[{"taxonomy":"category","embeddable":true,"href":"https:\/\/www.europesays.com\/spain\/wp-json\/wp\/v2\/categories?post=80328"},{"taxonomy":"post_tag","embeddable":true,"href":"https:\/\/www.europesays.com\/spain\/wp-json\/wp\/v2\/tags?post=80328"}],"curies":[{"name":"wp","href":"https:\/\/api.w.org\/{rel}","templated":true}]}}