{"id":80375,"date":"2026-09-04T01:15:42","date_gmt":"2026-09-04T01:15:42","guid":{"rendered":"https:\/\/www.europesays.com\/spain\/80375\/"},"modified":"2026-09-04T01:15:42","modified_gmt":"2026-09-04T01:15:42","slug":"real-betis-vs-real-madrid-preview-predictions-and-lineups-2","status":"publish","type":"post","link":"https:\/\/www.europesays.com\/spain\/80375\/","title":{"rendered":"Real Betis vs. Real Madrid: Preview, Predictions and Lineups"},"content":{"rendered":"<p id=\"inline-text-0\" class=\"mt-[18px] md:mt-0 mb-[18px] [&amp;_a]:text-primary my-f-1.5\" q:key=\"0\" q:id=\"9p\">Things are going well for Jos\u00e9 Mourinho upon his return to Real Madrid.<\/p>\n<p id=\"inline-text-1\" class=\"my-[18px] [&amp;_a]:text-primary my-f-1.5\" q:key=\"0\" q:id=\"9u\">Los Blancos have enjoyed perfect start to the La Liga season with three wins from three, 10 goals scored and just two conceded. It all looks very different from the end of last season.<\/p>\n<p id=\"inline-text-2\" class=\"my-[18px] [&amp;_a]:text-primary my-f-1.5\" q:key=\"0\" q:id=\"9z\">Amid the celebrations and praise, however, skeptics have claimed that Mourinho\u2019s men are yet to face a proper test. That changes this week.<\/p>\n<p id=\"inline-text-3\" class=\"my-[18px] [&amp;_a]:text-primary my-f-1.5\" q:key=\"0\" q:id=\"a4\">Madrid travel to Real Betis this Friday, a fixture the club has yielded much joy for the club in recent seasons. Should they win, they will go top of La Liga, with Barcelona not scheduled to play until Sunday.<\/p>\n<p id=\"inline-text-4\" class=\"my-[18px] [&amp;_a]:text-primary my-f-1.5\" q:key=\"0\" q:id=\"a9\">After that, it\u2019s on to the Champions League with Inter visiting the Bernab\u00e9u on Tuesday. If Mourinho is still operating at a 100% win rate by midweek, he may have converted a few more doubters.<\/p>\n<p>Real Betis vs. Real Madrid Score PredictionLos Blancos Edge Tricky Test<img loading=\"lazy\" decoding=\"async\" src=\"https:\/\/www.europesays.com\/spain\/wp-content\/uploads\/2026\/09\/01m194rfvj822bsbw77x.jpg\" alt=\"Kylian Mbapp\u00e9, Vin\u00edcius Jr.\" title=\"Kylian Mbapp\u00e9, Vin\u00edcius Jr.\" width=\"360\" height=\"240\" class=\"undefined w-full w-full blur-[5px]\" q:id=\"b4\"\/><\/p>\n<p>Madrid may have too much for Betis to cope with. | Alberto Gardin\/NurPhoto via Getty Images<\/p>\n<p id=\"inline-text-10\" class=\"my-[18px] [&amp;_a]:text-primary my-f-1.5\" q:key=\"0\" q:id=\"ba\">After the resounding victories against Real Sociedad and M\u00e1laga at home, <a href=\"https:\/\/www.si.com\/soccer\/real-madrid\" rel=\"nofollow noopener\" target=\"_blank\">Madrid<\/a> are back on the road facing a far more dangerous opponent in Real Betis.<\/p>\n<p id=\"inline-text-11\" class=\"my-[18px] [&amp;_a]:text-primary my-f-1.5\" q:key=\"0\" q:id=\"bf\">Manuel Pellegrini\u2019s side may have been hammered 5\u20132 by Levante last time out, but remain one of<a href=\"https:\/\/www.si.com\/soccer\/la-liga\" rel=\"nofollow noopener\" target=\"_blank\"> La Liga\u2019s<\/a> strongest teams outside the big three.<\/p>\n<p id=\"inline-text-12\" class=\"my-[18px] [&amp;_a]:text-primary my-f-1.5\" q:key=\"0\" q:id=\"bk\">Madrid\u2019s poor recent record against Betis and the hosts\u2019 midfield quality mean this will serve as a proper test of where Mourinho\u2019s men are at in their makeover.<\/p>\n<p id=\"inline-text-13\" class=\"my-[18px] [&amp;_a]:text-primary my-f-1.5\" q:key=\"0\" q:id=\"bp\">Upcoming Champions League ties for both sides\u2014Real Betis make their return to the competition after a 21-year absence against Lille on Tuesday\u2014add another dimension to the match and Madrid\u2019s awesome firepower may be just enough to secure victory. Another four-goal win is unlikely, however.<\/p>\n<p>Madrid\u2019s bogey team:\u00a0Los Blancos have only won four of their last 10 against Betis, and none of their last four away. If they do achieve victory it will be their first on the road against the Verdiblancos since 2021.Mbapp\u00e9 gunning for glory:\u00a0Kylian Mbapp\u00e9 has started the season strongly with four goals in three matches. The Frenchman averages an impressive 4.7 shots on target per match this season.100% record:\u00a0Madrid hope to extend their winning run to four games at the start of the new season. They have now won their first three La Liga games in consecutive campaigns\u2014a club first<\/p>\n<p id=\"inline-text-15\" class=\"my-[18px] [&amp;_a]:text-primary my-f-1.5\" q:key=\"0\" q:id=\"bz\">Prediction: Real Betis 1\u20132 Real Madrid<\/p>\n<p>Real Betis Predicted Lineup vs. Real Madrid<img loading=\"lazy\" decoding=\"async\" src=\"https:\/\/www.europesays.com\/spain\/wp-content\/uploads\/2026\/09\/01m1kxa3y5hzx6dak6ft.jpg\" alt=\"Fran Garcia\" title=\"Fran Garcia\" width=\"360\" height=\"240\" class=\"undefined w-full w-full blur-[5px]\" q:id=\"ck\"\/><\/p>\n<p>Fran Garc\u00eda is set to face the team he just left. | Manuel Queimadelos\/Quality Sport Images\/Getty Images<\/p>\n<p id=\"inline-text-19\" class=\"my-[18px] [&amp;_a]:text-primary my-f-1.5\" q:key=\"0\" q:id=\"cq\">Defenders \u00c1ngel Ortiz and Aitor Rubial are set to miss this one with injury complaints, while former Tottenham Hotspur star Giovani Lo Celso\u2014who has yet to feature in 2026\u201327\u2014is another absentee.<\/p>\n<p id=\"inline-text-20\" class=\"my-[18px] [&amp;_a]:text-primary my-f-1.5\" q:key=\"0\" q:id=\"cv\">Summer signing and another ex-Spurs man Troy Parrott is still looking for his first goal in a Betis shirt, while two former Real Madrid stars could line up against their old club on Friday. Left back Fran Garc\u00eda departed Madrid this summer after three seasons with Madrid, while Isco spent nine years with Los Blancos and was part of one of the most successful periods in the club\u2019s history.<\/p>\n<p id=\"inline-text-21\" class=\"my-[18px] [&amp;_a]:text-primary my-f-1.5\" q:key=\"0\" q:id=\"d0\">The crossover connections continue to the dugout. Manuel Pellegrini, now aged 72, spent a year in charge of Madrid in the 2009\u201310 season and still holds the record for the most points as runner-up in La Liga (96).<\/p>\n<p id=\"inline-text-22\" class=\"my-[18px] [&amp;_a]:text-primary my-f-1.5\" q:key=\"0\" q:id=\"d5\">Real Betis predicted lineup vs. Real Madrid (4-2-3-1):\u00a0Vall\u00e9s; Beller\u00edn, Bartra, Natan, Garc\u00eda; Bernal, Roca; Antony, Isco, Ezzalzouli; Parrott.<\/p>\n<p>Real Madrid Predicted Lineup vs. Real Betis<img decoding=\"async\" src=\"https:\/\/www.europesays.com\/spain\/wp-content\/uploads\/2026\/09\/01m1kx6bbyfnkb19q04w.png\" alt=\"Real Madrid predicted XI vs. Real Betis\" title=\"Real Madrid predicted XI vs. Real Betis\" width=\"0\" class=\"undefined w-full w-full blur-[5px]\" q:id=\"dq\"\/><\/p>\n<p>Mourinho will have an eye on the midweek fixture.<\/p>\n<p id=\"inline-text-26\" class=\"my-[18px] [&amp;_a]:text-primary my-f-1.5\" q:key=\"0\" q:id=\"dw\">Aur\u00e9lien Tchouam\u00e9ni remains absent with a muscle injury and isn\u2019t expected back until later this month. Young midfielder Thiago Pitarch reduces Mourinho\u2019s engine-room options further as he recovers from a knee issue.<\/p>\n<p id=\"inline-text-27\" class=\"my-[18px] [&amp;_a]:text-primary my-f-1.5\" q:key=\"0\" q:id=\"e1\">At the back, \u00c9der Milit\u00e3o, Ra\u00fal Asencio and Ferland Mendy are still unavailable\u2014though the former has stepped up his recovery and could be back in contention next month.<\/p>\n<p id=\"inline-text-28\" class=\"my-[18px] [&amp;_a]:text-primary my-f-1.5\" q:key=\"0\" q:id=\"e6\">Endrick and Rodrygo are the two other first-team injury absentees.<\/p>\n<p id=\"inline-text-29\" class=\"my-[18px] [&amp;_a]:text-primary my-f-1.5\" q:key=\"0\" q:id=\"eb\">Record signing Yan Diomande could make his first start in this one, while Mourinho may have an eye on the midweek Champions League opener against Inter, which could inform his team selection.<\/p>\n<p id=\"inline-text-30\" class=\"my-[18px] [&amp;_a]:text-primary my-f-1.5\" q:key=\"0\" q:id=\"eg\">Real Madrid predicted lineup vs. M\u00e1laga (4-2-3-1):\u00a0Courtois; Alexander-Arnold, Konat\u00e9, Huijsen, Cucurella; Valverde, Silva; Diomande, Bellingham, Vini Jr; Mbapp\u00e9.<\/p>\n<p>What Time Does Real Betis vs. Real Madrid Kick Off?Location: Seville, SpainStadium: EstadioLa CartujaDate: Friday, Sep. 4Kick-off Time: 3 p.m. ET \/ 12 p.m. PT \/ 8 p.m. BSTReferee: Alejandro Hern\u00e1ndez Hern\u00e1ndezHow to Watch Real Betis vs. Real Madrid on TV, Live Stream<\/p>\n<p>Country<\/p>\n<p>TV Channel\/Live Stream<\/p>\n<p>United States<\/p>\n<p>ESPN Deportes, ESPN+, fuboTV, ESPN App<\/p>\n<p>United Kingdom<\/p>\n<p>Premier Sports 1, Premier Sports Player<\/p>\n<p>Canada<\/p>\n<p>TSN Premium, TSN5<\/p>\n<p>Mexico<\/p>\n<p>Sky Sports Mexico, Sky+, izzi<\/p>\n<p><a href=\"https:\/\/www.livesoccertv.com\/match\/real-madrid-vs-real-betis\/2dh1j#5667316\" rel=\"nofollow noopener\" target=\"_blank\">MORE: Full list of Real Betis vs. Real Madrid broadcasters around the world<\/a><img loading=\"lazy\" decoding=\"async\" width=\"22\" height=\"22\" alt=\"\" src=\"https:\/\/assets.minutemediacdn.com\/platform\/google_discover_icon.svg\" class=\"shrink-0\"\/>Add us as a preferred source on Google<a aria-label=\"Follow si.com on Google News\" href=\"https:\/\/www.google.com\/preferences\/source?q=si.com\" target=\"_blank\" rel=\"noopener noreferrer nofollow\" preventdefault:click=\"\" class=\"flex h-[30px] w-[30px] shrink-0 items-center justify-center rounded-full bg-primary font-group-large text-sm font-medium text-white transition-colors hover:bg-secondary focus:bg-secondary md:w-auto md:gap-2.5 md:px-4 md:py-[5px]\" on:pointerenter=\"q-DsTcwbGG.js#s_1NOcOpHWmT0\" on:touchstart=\"q-DKzyCckx.js#s_R8AiGTDeM28\" on:focus=\"q-LAnb4fzu.js#s_gxiTM6qMMu8\" on:click=\"q-BasC_x_p.js#s_lDqay9E5m5g[0]\" q:id=\"fr\">Follow<\/a><\/p>\n","protected":false},"excerpt":{"rendered":"Things are going well for Jos\u00e9 Mourinho upon his return to Real Madrid. Los Blancos have enjoyed perfect&hellip;\n","protected":false},"author":2,"featured_media":80376,"comment_status":"","ping_status":"","sticky":false,"template":"","format":"standard","meta":{"footnotes":""},"categories":[4],"tags":[82],"class_list":["post-80375","post","type-post","status-publish","format-standard","has-post-thumbnail","category-madrid","tag-madrid"],"_links":{"self":[{"href":"https:\/\/www.europesays.com\/spain\/wp-json\/wp\/v2\/posts\/80375","targetHints":{"allow":["GET"]}}],"collection":[{"href":"https:\/\/www.europesays.com\/spain\/wp-json\/wp\/v2\/posts"}],"about":[{"href":"https:\/\/www.europesays.com\/spain\/wp-json\/wp\/v2\/types\/post"}],"author":[{"embeddable":true,"href":"https:\/\/www.europesays.com\/spain\/wp-json\/wp\/v2\/users\/2"}],"replies":[{"embeddable":true,"href":"https:\/\/www.europesays.com\/spain\/wp-json\/wp\/v2\/comments?post=80375"}],"version-history":[{"count":0,"href":"https:\/\/www.europesays.com\/spain\/wp-json\/wp\/v2\/posts\/80375\/revisions"}],"wp:featuredmedia":[{"embeddable":true,"href":"https:\/\/www.europesays.com\/spain\/wp-json\/wp\/v2\/media\/80376"}],"wp:attachment":[{"href":"https:\/\/www.europesays.com\/spain\/wp-json\/wp\/v2\/media?parent=80375"}],"wp:term":[{"taxonomy":"category","embeddable":true,"href":"https:\/\/www.europesays.com\/spain\/wp-json\/wp\/v2\/categories?post=80375"},{"taxonomy":"post_tag","embeddable":true,"href":"https:\/\/www.europesays.com\/spain\/wp-json\/wp\/v2\/tags?post=80375"}],"curies":[{"name":"wp","href":"https:\/\/api.w.org\/{rel}","templated":true}]}}