{"id":80479,"date":"2026-09-04T07:28:26","date_gmt":"2026-09-04T07:28:26","guid":{"rendered":"https:\/\/www.europesays.com\/spain\/80479\/"},"modified":"2026-09-04T07:28:26","modified_gmt":"2026-09-04T07:28:26","slug":"barcelona-supporter-attacked-by-the-real-madrid-channel-referee-for-real-madrid-v-betis-match-announced","status":"publish","type":"post","link":"https:\/\/www.europesays.com\/spain\/80479\/","title":{"rendered":"Barcelona supporter attacked by the Real Madrid channel: referee for Real Madrid v Betis match announced"},"content":{"rendered":"<p>The referees&#8217; committee of the Spanish Football Federation has confirmed <a href=\"https:\/\/www.marca.com\/futbol\/real-madrid\/2026\/09\/03\/alejandro-hernandez-dirigira-betis-real-madrid.html\" target=\"_blank\" rel=\"nofollow noopener\">the appointment of Alejandro Hern\u00e1ndez Hern\u00e1ndez<\/a> to take charge of Real Madrid against Real Betis on Friday evening in the fourth round of the Spanish league. The choice looks set to spark controversy before a ball is even kicked.<\/p>\n<p>Hern\u00e1ndez Hern\u00e1ndez ranks among the most divisive officials in La Liga over recent years. He has held the international badge since 2014, sits among UEFA&#8217;s elite referees, and made the list for the 2026 World Cup. Back in 2017, he was named Spain&#8217;s best referee.<\/p>\n<p>He last handled Real Madrid and Real Betis in January at the Santiago Bernab\u00e9u, a game the Whites won 5-1. This season he also oversaw Atl\u00e9tico Madrid against Villarreal, a match that produced two penalties and a red card for Robin Le Normand.<\/p>\n<p>His standing counts for little with supporters, though. Hern\u00e1ndez Hern\u00e1ndez&#8217;s name keeps cropping up in the most contentious fixtures, above all Cl\u00e1sicos between Real Madrid and Barcelona, and fans of both clubs never miss a chance to have a go at him.<\/p>\n<p>You can discuss topics and news in greater depth in the &#8220;Kooora&#8221; forums.<\/p>\n<p>The story that follows him everywhere dates back to an interview he gave aged twelve, when he said that <a href=\"https:\/\/as.com\/futbol\/2021\/03\/07\/primera\/1615157752_210740.html?utm_source=chatgpt.com\" target=\"_blank\" rel=\"nofollow noopener\">Barcelona was the team he supported<\/a>. That quote resurfaces every single time he is handed a Real Madrid match, even though no official ruling has ever questioned his neutrality or barred him from taking charge of the Whites.<\/p>\n<p>Real Madrid&#8217;s own channel has hit back at the referee on more than one occasion. It has published reports picking apart what it called &#8220;refereeing errors&#8221; that damaged the team, particularly after his Cl\u00e1sico appointments, arguing that his decisions have gone heavily against the club over the years.<\/p>\n<p>Anticipation is building ahead of Friday. The fixture carries plenty of sensitivity, and Hern\u00e1ndez Hern\u00e1ndez drags a long trail of controversy behind him whenever he steps out to officiate a Real Madrid game.<\/p>\n","protected":false},"excerpt":{"rendered":"The referees&#8217; committee of the Spanish Football Federation has confirmed the appointment of Alejandro Hern\u00e1ndez Hern\u00e1ndez to take&hellip;\n","protected":false},"author":2,"featured_media":80480,"comment_status":"","ping_status":"","sticky":false,"template":"","format":"standard","meta":{"footnotes":""},"categories":[4],"tags":[85,82,1139,1487,83],"class_list":["post-80479","post","type-post","status-publish","format-standard","has-post-thumbnail","category-madrid","tag-laliga","tag-madrid","tag-real-betis","tag-real-betis-vs-real-madrid","tag-real-madrid"],"_links":{"self":[{"href":"https:\/\/www.europesays.com\/spain\/wp-json\/wp\/v2\/posts\/80479","targetHints":{"allow":["GET"]}}],"collection":[{"href":"https:\/\/www.europesays.com\/spain\/wp-json\/wp\/v2\/posts"}],"about":[{"href":"https:\/\/www.europesays.com\/spain\/wp-json\/wp\/v2\/types\/post"}],"author":[{"embeddable":true,"href":"https:\/\/www.europesays.com\/spain\/wp-json\/wp\/v2\/users\/2"}],"replies":[{"embeddable":true,"href":"https:\/\/www.europesays.com\/spain\/wp-json\/wp\/v2\/comments?post=80479"}],"version-history":[{"count":0,"href":"https:\/\/www.europesays.com\/spain\/wp-json\/wp\/v2\/posts\/80479\/revisions"}],"wp:featuredmedia":[{"embeddable":true,"href":"https:\/\/www.europesays.com\/spain\/wp-json\/wp\/v2\/media\/80480"}],"wp:attachment":[{"href":"https:\/\/www.europesays.com\/spain\/wp-json\/wp\/v2\/media?parent=80479"}],"wp:term":[{"taxonomy":"category","embeddable":true,"href":"https:\/\/www.europesays.com\/spain\/wp-json\/wp\/v2\/categories?post=80479"},{"taxonomy":"post_tag","embeddable":true,"href":"https:\/\/www.europesays.com\/spain\/wp-json\/wp\/v2\/tags?post=80479"}],"curies":[{"name":"wp","href":"https:\/\/api.w.org\/{rel}","templated":true}]}}