{"id":80516,"date":"2026-09-04T08:39:11","date_gmt":"2026-09-04T08:39:11","guid":{"rendered":"https:\/\/www.europesays.com\/spain\/80516\/"},"modified":"2026-09-04T08:39:11","modified_gmt":"2026-09-04T08:39:11","slug":"spain-premier-grilled-over-border-crisis","status":"publish","type":"post","link":"https:\/\/www.europesays.com\/spain\/80516\/","title":{"rendered":"Spain premier grilled over border crisis"},"content":{"rendered":"<p>MADRID &#8212; A day after tens of thousands of Spaniards protested the government&#8217;s handling of the Ceuta border crisis, Prime Minister Pedro S\u00e1nchez struggled to field lawmakers&#8217; questions about the matter, including what role Morocco played in the deadly mass crossing in July.<\/p>\n<p>Five weeks after the incident, it remains unclear how 72,000 people were able to stream across the border shared by the Spanish exclave in North Africa and Morocco in the first place. While rejecting suggestions that Moroccan authorities helped orchestrate the incident, S\u00e1nchez said Moroccan police &#8220;allowed the border to be crossed.&#8221;<\/p>\n<p>S\u00e1nchez said his government would release key reports about the border breach, but did not say when they would be made public or what they would entail.<\/p>\n<p>He also elevated the official death toll from the event to 141 people, up significantly from the most recent estimate of a total of 96 in Spain and Morocco, provided by authorities in Ceuta and Morocco&#8217;s National Human Rights Council. He cited the revised figure twice, but neither his office nor the interior ministry could say how it had been tallied when contacted by The Associated Press.<\/p>\n<p>S\u00e1nchez is facing mounting scrutiny amid a prolonged humanitarian crisis in Ceuta, where the flood of thousands of migrants has angered residents in the tiny community, which is ill-equipped to handle such an influx.<\/p>\n<p>\u00a0<\/p>\n<p>Top government officials have at times provided conflicting information about the event. Last week, the defense ministry said Spain&#8217;s intelligence agency provided prior warning of the border rush, while the interior ministry and others said it had not.<\/p>\n<p>Spaniards on Wednesday joined protests in support of Ceuta, demanding solutions to the city&#8217;s ongoing tensions and calling for S\u00e1nchez to step down. The crisis is shaping up to be one of the most serious threats his government has faced. S\u00e1nchez faced a barrage of questions on Thursday from lawmakers after his opening address alongside calls for early elections.<\/p>\n<p>&#8220;The people of Ceuta have been without normality, without security and without answers for over a month. And we Spaniards are at the same time perplexed and outraged in the face of the violation of our territorial integrity,&#8221; said opposition leader Alberto N\u00fa\u00f1ez Feij\u00f3o of the center-right Popular Party.<\/p>\n<p>&#8220;Why are you afraid of Morocco?&#8221; Feij\u00f3o asked.<\/p>\n<p>Most of the migrants who crossed into Ceuta in late July returned to neighboring Morocco or were ushered back within days. But around 5,000 people, including 1,200 minors, remain in the city weeks later, according to the national government. Ceuta&#8217;s local government cites a higher figure of about 9,000 people.<\/p>\n<p>S\u00e1nchez, who faces an election next year, has said a misinterpretation of a Supreme Court ruling and disinformation on social media encouraged people to rush the border.<\/p>\n<p>The prime minister has also accused social media accounts linked to Russia and Israel and right-wing groups of exploiting and amplifying the Ceuta crisis after it happened on July 30 and 31. Israel and Russia have denied the claim.<\/p>\n<p>S\u00e1nchez also maintained there was no evidence Morocco&#8217;s government was behind the mass crossing.<\/p>\n<p>&#8220;I can assure you that no institution &#8212; neither the diplomatic service, nor the European Commission, nor any international body &#8212; has provided the Spanish government with solid evidence that Morocco planned or carried out the incident. None,&#8221; S\u00e1nchez said.<\/p>\n<p>Earlier this week, Spanish media reported that a police report had highlighted the reported permissiveness of Moroccan security forces in the incident, but Spanish officials denied that the document blamed the Moroccan government.<\/p>\n<p>S\u00e1nchez acknowledged that for a 10-hour period on July 30 when migrant arrivals peaked, Morocco&#8217;s Gendarmerie police &#8220;allowed the border to be crossed&#8221; in Ceuta, but said the same force effectively took control of it later.<\/p>\n<p>As questions have grown on the right and left in Spain about Morocco&#8217;s role in the event, the Spanish leader said he would wait until there was solid evidence about Rabat&#8217;s involvement.<\/p>\n<p>&#8220;For the record, if such solid evidence existed, we would act accordingly with absolute decisiveness, as the situation demands,&#8221; he said.<\/p>\n<p>S\u00e1nchez condemned comments from two Moroccan ministers questioning the sovereignty of Ceuta and Melilla, Spain&#8217;s other territory in North Africa. Spain summoned Morocco&#8217;s ambassador in Madrid over the remarks, he said.<\/p>\n<p>Information for this article was contributed by Akram Oubachir and Renata Brito of The Associated Press.<\/p>\n<p><img loading=\"lazy\" decoding=\"async\" alt=\"Protesters gather in support of Ceuta to mark the city's anniversary in Madrid, Spain, Wednesday, Sept. 2, 2026. (Gabriel Luengas\/Europa Press via AP)\" class=\"article-photo fr-fic fr-dii\" height=\"533\" src=\"https:\/\/www.europesays.com\/spain\/wp-content\/uploads\/2026\/09\/213582257_213580303-75e725987d3a40fc9db37c0861b4541c_t800.jpg\" width=\"800\"\/>Protesters gather in support of Ceuta to mark the city&#8217;s anniversary in Madrid, Spain, Wednesday, Sept. 2, 2026. (Gabriel Luengas\/Europa Press via AP)<img loading=\"lazy\" decoding=\"async\" alt=\"Spanish Prime Minister Pedro S\u00e1nchez addresses lawmakers about the situation in Ceuta, the Spanish exclave in North Africa facing a migrant crisis, during a session of Parliament in Madrid, Thursday, Sept. 3, 2026. (Fernando S\u00e1nchez\/Europa Press via AP)\" class=\"article-photo fr-fic fr-dii\" height=\"533\" src=\"https:\/\/www.europesays.com\/spain\/wp-content\/uploads\/2026\/09\/213582257_213580303-76418bb198bb4e10a0b37aa138a48c81_t800.jpg\" width=\"800\"\/>Spanish Prime Minister Pedro S\u00e1nchez addresses lawmakers about the situation in Ceuta, the Spanish exclave in North Africa facing a migrant crisis, during a session of Parliament in Madrid, Thursday, Sept. 3, 2026. (Fernando S\u00e1nchez\/Europa Press via AP)<img loading=\"lazy\" decoding=\"async\" alt=\"Migrants wait to buy food at a store in the Spanish exclave of Ceuta, Wednesday, Sept. 2, 2026. (AP Photo\/Francis Gonz\u00e1lez)\" class=\"article-photo fr-fic fr-dii\" height=\"533\" src=\"https:\/\/www.europesays.com\/spain\/wp-content\/uploads\/2026\/09\/213582257_213580303-8d919df9e3d445fdbbd84c7af302769b_t800.jpg\" width=\"800\"\/>Migrants wait to buy food at a store in the Spanish exclave of Ceuta, Wednesday, Sept. 2, 2026. (AP Photo\/Francis Gonz\u00e1lez)<img loading=\"lazy\" decoding=\"async\" alt=\"Spanish Prime Minister Pedro S\u00e1nchez addresses lawmakers about the situation in Ceuta, the Spanish exclave in North Africa facing a migrant crisis, during a session of Parliament in Madrid, Thursday, Sept. 3, 2026. (Fernando S\u00e1nchez\/Europa Press via AP)\" class=\"article-photo fr-fic fr-dii\" height=\"533\" src=\"https:\/\/www.europesays.com\/spain\/wp-content\/uploads\/2026\/09\/213582257_213580303-aa6efe283e9c49bd9b53e7cd91810aa5_t800.jpg\" width=\"800\"\/>Spanish Prime Minister Pedro S\u00e1nchez addresses lawmakers about the situation in Ceuta, the Spanish exclave in North Africa facing a migrant crisis, during a session of Parliament in Madrid, Thursday, Sept. 3, 2026. (Fernando S\u00e1nchez\/Europa Press via AP)<\/p>\n","protected":false},"excerpt":{"rendered":"MADRID &#8212; A day after tens of thousands of Spaniards protested the government&#8217;s handling of the Ceuta border&hellip;\n","protected":false},"author":2,"featured_media":80517,"comment_status":"","ping_status":"","sticky":false,"template":"","format":"standard","meta":{"footnotes":""},"categories":[2],"tags":[17],"class_list":["post-80516","post","type-post","status-publish","format-standard","has-post-thumbnail","category-spain","tag-spain"],"_links":{"self":[{"href":"https:\/\/www.europesays.com\/spain\/wp-json\/wp\/v2\/posts\/80516","targetHints":{"allow":["GET"]}}],"collection":[{"href":"https:\/\/www.europesays.com\/spain\/wp-json\/wp\/v2\/posts"}],"about":[{"href":"https:\/\/www.europesays.com\/spain\/wp-json\/wp\/v2\/types\/post"}],"author":[{"embeddable":true,"href":"https:\/\/www.europesays.com\/spain\/wp-json\/wp\/v2\/users\/2"}],"replies":[{"embeddable":true,"href":"https:\/\/www.europesays.com\/spain\/wp-json\/wp\/v2\/comments?post=80516"}],"version-history":[{"count":0,"href":"https:\/\/www.europesays.com\/spain\/wp-json\/wp\/v2\/posts\/80516\/revisions"}],"wp:featuredmedia":[{"embeddable":true,"href":"https:\/\/www.europesays.com\/spain\/wp-json\/wp\/v2\/media\/80517"}],"wp:attachment":[{"href":"https:\/\/www.europesays.com\/spain\/wp-json\/wp\/v2\/media?parent=80516"}],"wp:term":[{"taxonomy":"category","embeddable":true,"href":"https:\/\/www.europesays.com\/spain\/wp-json\/wp\/v2\/categories?post=80516"},{"taxonomy":"post_tag","embeddable":true,"href":"https:\/\/www.europesays.com\/spain\/wp-json\/wp\/v2\/tags?post=80516"}],"curies":[{"name":"wp","href":"https:\/\/api.w.org\/{rel}","templated":true}]}}