{"id":80572,"date":"2026-09-04T10:55:14","date_gmt":"2026-09-04T10:55:14","guid":{"rendered":"https:\/\/www.europesays.com\/spain\/80572\/"},"modified":"2026-09-04T10:55:14","modified_gmt":"2026-09-04T10:55:14","slug":"the-three-cultures-foundation-promotes-cinema-as-part-of-the-seville-flamenco-biennial-2","status":"publish","type":"post","link":"https:\/\/www.europesays.com\/spain\/80572\/","title":{"rendered":"The Three Cultures Foundation promotes cinema as part of the Seville Flamenco Biennial"},"content":{"rendered":"<p>As part of the Seville Flamenco Biennial 2026, the most prestigious international festival dedicated to the art of flamenco, the <a href=\"https:\/\/tresculturas.org\/en\/\" rel=\"nofollow noopener\" target=\"_blank\">Three Cultures Foundation<\/a> continues its \u201cFlamencas\u201d film series.<\/p>\n<p>This series positions cinema as a space where cultures, artistic languages and shared memories converge, paying tribute to the women who have made a decisive contribution to building, preserving and promoting the world of flamenco both within and beyond Spain. Hence the title of the series: \u201cFlamencas\u201d.<\/p>\n<p>Through a carefully curated selection of films and documentaries, this film series traces the careers of key figures in flamenco singing, dancing and creativity, bringing the audience closer to stories of talent, commitment, freedom and personal triumph.<\/p>\n<p>These works celebrate the creative power of women and affirm their role as leading figures in flamenco, one of the Mediterranean\u2019s most universal cultural expressions.<\/p>\n<p>Organised by the Three Cultures Foundation, the series also represents a commitment to cinema made from a woman\u2019s perspective and to recognising women\u2019s contribution to the audiovisual industry, fostering new spaces for visibility, reflection and dialogue between filmmaking and cultural heritage.<\/p>\n<p>The event takes place next Tuesday, 15 September, at 8.30 pm, at the Foundation\u2019s headquarters, with a screening of the film Contemporary Masters of Lebrija, by Tere Pe\u00f1a and Alfonso Garc\u00eda (2024).<\/p>\n<p>The film offers an overview of an entire generation of artists from Lebrija who pursued their professional careers in the second half of the 20th century and the early 21st century, and who have championed \u2013 and continue to champion \u2013 the essence and purity of this art form, taking the name of Lebrija to stages all over the world.<\/p>\n<p>It features artists of the calibre of Juan Pe\u00f1a El Lebrijano, Curro Malena, El Funi, Pedro Bac\u00e1n, Manuel de Paula, Pepe Montaraz, In\u00e9s Bac\u00e1n, Pedro Pe\u00f1a and the fiery Concha Vargas.<\/p>\n<p>Tickets, which are free, will be available from 8 September on the website of the <a href=\"https:\/\/tresculturas.org\/en\/actividad\/bienal-de-flamenco-de-sevilla-2026-ciclo-de-cine-flamencas-maestros-contemporaneos\/\" rel=\"nofollow noopener\" target=\"_blank\">Three Cultures Foundation<\/a>.<\/p>\n<p>          Read more\n      <\/p>\n","protected":false},"excerpt":{"rendered":"As part of the Seville Flamenco Biennial 2026, the most prestigious international festival dedicated to the art of&hellip;\n","protected":false},"author":2,"featured_media":79995,"comment_status":"","ping_status":"","sticky":false,"template":"","format":"standard","meta":{"footnotes":""},"categories":[7],"tags":[3646,20,20150,3840,5402,109,28928],"class_list":["post-80572","post","type-post","status-publish","format-standard","has-post-thumbnail","category-seville","tag-cultura","tag-culture","tag-fondation-trois-cultures","tag-fundacion-tres-culturas","tag-portada","tag-seville","tag-the-three-cultures-foundation"],"_links":{"self":[{"href":"https:\/\/www.europesays.com\/spain\/wp-json\/wp\/v2\/posts\/80572","targetHints":{"allow":["GET"]}}],"collection":[{"href":"https:\/\/www.europesays.com\/spain\/wp-json\/wp\/v2\/posts"}],"about":[{"href":"https:\/\/www.europesays.com\/spain\/wp-json\/wp\/v2\/types\/post"}],"author":[{"embeddable":true,"href":"https:\/\/www.europesays.com\/spain\/wp-json\/wp\/v2\/users\/2"}],"replies":[{"embeddable":true,"href":"https:\/\/www.europesays.com\/spain\/wp-json\/wp\/v2\/comments?post=80572"}],"version-history":[{"count":0,"href":"https:\/\/www.europesays.com\/spain\/wp-json\/wp\/v2\/posts\/80572\/revisions"}],"wp:featuredmedia":[{"embeddable":true,"href":"https:\/\/www.europesays.com\/spain\/wp-json\/wp\/v2\/media\/79995"}],"wp:attachment":[{"href":"https:\/\/www.europesays.com\/spain\/wp-json\/wp\/v2\/media?parent=80572"}],"wp:term":[{"taxonomy":"category","embeddable":true,"href":"https:\/\/www.europesays.com\/spain\/wp-json\/wp\/v2\/categories?post=80572"},{"taxonomy":"post_tag","embeddable":true,"href":"https:\/\/www.europesays.com\/spain\/wp-json\/wp\/v2\/tags?post=80572"}],"curies":[{"name":"wp","href":"https:\/\/api.w.org\/{rel}","templated":true}]}}