{"id":80878,"date":"2026-09-04T21:56:19","date_gmt":"2026-09-04T21:56:19","guid":{"rendered":"https:\/\/www.europesays.com\/spain\/80878\/"},"modified":"2026-09-04T21:56:19","modified_gmt":"2026-09-04T21:56:19","slug":"immediate-reaction-real-betis-1-0-real-madrid-2","status":"publish","type":"post","link":"https:\/\/www.europesays.com\/spain\/80878\/","title":{"rendered":"Immediate Reaction: Real Betis 1-0 Real Madrid"},"content":{"rendered":"<p class=\"duet--article--dangerously-set-cms-markup duet--article--standard-paragraph _1upudxki _174s0un1 _174s0un0 _1mt21p01\">Real Betis 1-0 Real Madrid. A first defeat of the season for Real Madrid&#8230; Here is my immediate reaction to the loss. More for you: Player ratings, quotes and a podcast.<\/p>\n<p class=\"duet--article--dangerously-set-cms-markup duet--article--standard-paragraph _1upudxki _174s0un1 _174s0un0 _1mt21p01\">So far so good for Real Madrid this season, but Real Betis would represent a different challenge &#8211; and were unlikely to back down without a fight. Denzel Dumfries was back in the line-up, with Marc Cucurella getting the start on the other side. The rest of the team was as imagined by many prior to the match, with Yan Diomande still waiting for his chance. Some familiar faces littered the opposition squad. Fede Valverde captained the team.<\/p>\n<p class=\"duet--article--dangerously-set-cms-markup duet--article--standard-paragraph _1upudxki _174s0un1 _174s0un0 _1mt21p01\">The first half was a story of untaken chances, with Dean Huijsen testing the keeper and Vin\u00edcius J\u00fanior hitting the post. Betis then had a couple of opportunities denied before Kylian Mbapp\u00e9 and Jude Bellingham ended the half with misses of their own (before Dean again came close, hitting the crossbar). All square at the break.<\/p>\n<p class=\"duet--article--dangerously-set-cms-markup duet--article--standard-paragraph _1upudxki _174s0un1 _174s0un0 _1mt21p01\">A red mist descended unto the field in the second half. Yellow cards were dished out in numbers, and chances began to slow down. Kylian Mbapp\u00e9 came the closest for Madrid &#8211; before Troy Parrott put Betis ahead after coming off of the bench. Carlos Esp\u00ed appeared to cement himself as Madrid\u2019s very own super-sub, but his late equaliser was revoked by VAR for offside. Madrid were unable to find a leveller in the remaining minutes, even from the spot as Mbapp\u00e9 missed a life saving opportunity from a penalty kick. 1-0 the final score, and a first stumble, early on in the season. Are you calm or has the panic button been firmly pressed?<\/p>\n","protected":false},"excerpt":{"rendered":"Real Betis 1-0 Real Madrid. A first defeat of the season for Real Madrid&#8230; Here is my immediate&hellip;\n","protected":false},"author":2,"featured_media":80879,"comment_status":"","ping_status":"","sticky":false,"template":"","format":"standard","meta":{"footnotes":""},"categories":[4],"tags":[82,621],"class_list":["post-80878","post","type-post","status-publish","format-standard","has-post-thumbnail","category-madrid","tag-madrid","tag-real-madrid-cf-la-liga"],"_links":{"self":[{"href":"https:\/\/www.europesays.com\/spain\/wp-json\/wp\/v2\/posts\/80878","targetHints":{"allow":["GET"]}}],"collection":[{"href":"https:\/\/www.europesays.com\/spain\/wp-json\/wp\/v2\/posts"}],"about":[{"href":"https:\/\/www.europesays.com\/spain\/wp-json\/wp\/v2\/types\/post"}],"author":[{"embeddable":true,"href":"https:\/\/www.europesays.com\/spain\/wp-json\/wp\/v2\/users\/2"}],"replies":[{"embeddable":true,"href":"https:\/\/www.europesays.com\/spain\/wp-json\/wp\/v2\/comments?post=80878"}],"version-history":[{"count":0,"href":"https:\/\/www.europesays.com\/spain\/wp-json\/wp\/v2\/posts\/80878\/revisions"}],"wp:featuredmedia":[{"embeddable":true,"href":"https:\/\/www.europesays.com\/spain\/wp-json\/wp\/v2\/media\/80879"}],"wp:attachment":[{"href":"https:\/\/www.europesays.com\/spain\/wp-json\/wp\/v2\/media?parent=80878"}],"wp:term":[{"taxonomy":"category","embeddable":true,"href":"https:\/\/www.europesays.com\/spain\/wp-json\/wp\/v2\/categories?post=80878"},{"taxonomy":"post_tag","embeddable":true,"href":"https:\/\/www.europesays.com\/spain\/wp-json\/wp\/v2\/tags?post=80878"}],"curies":[{"name":"wp","href":"https:\/\/api.w.org\/{rel}","templated":true}]}}