{"id":81017,"date":"2026-09-05T04:46:17","date_gmt":"2026-09-05T04:46:17","guid":{"rendered":"https:\/\/www.europesays.com\/spain\/81017\/"},"modified":"2026-09-05T04:46:17","modified_gmt":"2026-09-05T04:46:17","slug":"real-madrid-and-psg-lose-their-first-games-in-the-domestic-leagues-4","status":"publish","type":"post","link":"https:\/\/www.europesays.com\/spain\/81017\/","title":{"rendered":"Real Madrid and PSG lose their first games in the domestic leagues"},"content":{"rendered":"<p class=\"sc-dLMFU sc-fHjqPf jbiTJv kYFPaL article-text\">Real Madrid and Paris Saint-Germain were dealt their first losses in their domestic leagues on Friday when Kylian Mbapp\u00e9 had an injury-time penalty saved in La Liga and PSG coughed up a lead in Ligue 1.<\/p>\n<p class=\"sc-dLMFU sc-fHjqPf jbiTJv kYFPaL article-text\">Madrid fell at Real Betis 1-0 for its first defeat since the return of coach Jose Mourinho.<\/p>\n<p class=\"sc-dLMFU sc-fHjqPf jbiTJv kYFPaL article-text\">PSG fell at home to Monaco 2-1 on the same day that coach <a href=\"https:\/\/apnews.com\/article\/psg-luis-enrique-contact-0e9621325d70249266dfba2f33188e82\" rel=\"nofollow noopener\" target=\"_blank\">Luis Enrique agreed to stay<\/a> at the European champion through 2030.<\/p>\n<p class=\"sc-dLMFU sc-fHjqPf jbiTJv kYFPaL article-text\">Madrid laid low in Seville<\/p>\n<p class=\"sc-dLMFU sc-fHjqPf jbiTJv kYFPaL article-text\">Betis stunned Madrid when newcomer Troy Parrott, an Irish striker, knocked in a ball that Thibaut Courtois did well to save from a header by a Betis teammate.<\/p>\n<p class=\"sc-dLMFU sc-fHjqPf jbiTJv kYFPaL article-text\">Madrid best chance to reply wasn&#8217;t until Vin\u00edcius J\u00fanior earned a penalty when he was cut down by Natan in the box in injury time. But Betis goalkeeper \u00c1lvaro Valles smothered Mbapp\u00e9\u2019s spot kick, adding to his great performance on the night.<\/p>\n<p class=\"sc-dLMFU sc-fHjqPf jbiTJv kYFPaL article-text\">Madrid had won its first three games in La Liga. Betis was coming off a shock 5-2 loss to Levante, after it had won twice.<\/p>\n<p class=\"sc-dLMFU sc-fHjqPf jbiTJv kYFPaL article-text\">Mbapp\u00e9 scored four goals in his previous two games but the France star was off at La Cartuja Stadium. Besides wasting the penalty, he also squandered a great setup by Vin\u00edcius in the first half when he sent back-to-back shots into the bodies of Betis defenders.<\/p>\n<p class=\"sc-dLMFU sc-fHjqPf jbiTJv kYFPaL article-text\">\u201cMy team played a great game, and sometime you lose and you don\u2019t know why,\u201d Mourinho said. \u201cWe dominated, controlling everything, lots of attacks, lots of chances. If we had drawn we would have been left frustrated, so imagine how we feel after losing.\u201d<\/p>\n<p class=\"sc-dLMFU sc-fHjqPf jbiTJv kYFPaL article-text\">Next up for Madrid is a home game against Inter Milan in the opening round of the Champions League on Tuesday.<\/p>\n<p class=\"sc-dLMFU sc-fHjqPf jbiTJv kYFPaL article-text\">PSG falls after giving out new contracts<\/p>\n<p class=\"sc-dLMFU sc-fHjqPf jbiTJv kYFPaL article-text\">PSG looked to be on its way to its first win when Marquinhos put the host ahead in the 31st, but Monaco rallied with goals by Flavio Nazinho in the 58th and Stanis Idumbo in the 72nd.<\/p>\n<p class=\"sc-dLMFU sc-fHjqPf jbiTJv kYFPaL article-text\">Monaco leads Ligue 1 as the only team to win its first three games.<\/p>\n<p class=\"sc-dLMFU sc-fHjqPf jbiTJv kYFPaL article-text\">PSG had already drawn 2-2 with Rennes and Lille in its first two games. It also lost the French Super Cup to Lens 1-0 last month.<\/p>\n<p class=\"sc-dLMFU sc-fHjqPf jbiTJv kYFPaL article-text\">Its first league defeat came hours after the French powerhouse announced contract extensions for coach Luis Enrique and several players.<\/p>\n<p class=\"sc-dLMFU sc-fHjqPf jbiTJv kYFPaL article-text\">Jo\u00e3o Neves, Lucas Beraldo, Senny Mayulu and Willian Pacho all got new deals through 2031, while Fabian Ruiz had his contract extended through 2028.<\/p>\n<p class=\"sc-dLMFU sc-fHjqPf jbiTJv kYFPaL article-text\">U.S. striker Folarin Balogun was left out of Monaco\u2019s squad after the <a href=\"https:\/\/apnews.com\/article\/balogun-monaco-everton-transfer-bb6aaec4f3a164510385415eaa993384\" rel=\"nofollow noopener\" target=\"_blank\">collapse of his proposed transfer<\/a> to Everton this week.<\/p>\n<p class=\"sc-dLMFU sc-fHjqPf jbiTJv kYFPaL article-text\">Liverpool gets first win<\/p>\n<p class=\"sc-dLMFU sc-fHjqPf jbiTJv kYFPaL article-text\">Alexander Isak scored twice and Bradley Barcola debuted as Liverpool got its first win in the Premier League under its new coach after beating Ipswich 2-0 away.<\/p>\n<p class=\"sc-dLMFU sc-fHjqPf jbiTJv kYFPaL article-text\">Liverpool had been held to a pair of 2-2s against Newcastle and Nottingham Forest in Andoni Iraola\u2019s first games in charge.<\/p>\n<p class=\"sc-dLMFU sc-fHjqPf jbiTJv kYFPaL article-text\">But Liverpool got clicking right from kickoff at Ipswich as Isak struck twice in the sixth and ninth minutes from a pair of assists by Cody Gakpo.<\/p>\n<p class=\"sc-dLMFU sc-fHjqPf jbiTJv kYFPaL article-text\">Barcola went on for his first action in a Liverpool shirt as a 63rd-minute substitution. He <a href=\"https:\/\/apnews.com\/article\/liverpool-barcola-psg-e9185d8f55e0ef6424c31ed25146bc7a\" rel=\"nofollow noopener\" target=\"_blank\">joined from PSG<\/a> on Monday in a deal worth 123 million pounds ($166 million).<\/p>\n<p class=\"sc-dLMFU sc-fHjqPf jbiTJv kYFPaL article-text\">Como atop Italy ahead of Champions League debut<\/p>\n<p class=\"sc-dLMFU sc-fHjqPf jbiTJv kYFPaL article-text\">Assane Diao scored a brace as Como rolled to a 4-1 win at Genoa in Serie A. Nico Paz and Martin Baturina also added goals.<\/p>\n<p class=\"sc-dLMFU sc-fHjqPf jbiTJv kYFPaL article-text\">Cesc Fabregas\u2019 side leads the Italian standings by one point ahead of a pack of six teams that have yet to play this round.<\/p>\n<p class=\"sc-dLMFU sc-fHjqPf jbiTJv kYFPaL article-text\">Como will make its <a href=\"https:\/\/apnews.com\/article\/como-champions-league-serie-a-3147582d0619315e5b4c30866ce53e35\" rel=\"nofollow noopener\" target=\"_blank\">Champions League debut<\/a> against Leipzig on Sept. 10, with Manchester United to visit in October and PSG in January.<\/p>\n<p class=\"sc-dLMFU sc-fHjqPf jbiTJv kYFPaL article-text\">In Germany, Stuttgart stomped Koln 4-1 in the Bundesliga.<\/p>\n<p class=\"sc-dLMFU sc-fHjqPf jbiTJv kYFPaL article-text\">___<\/p>\n<p class=\"sc-dLMFU sc-fHjqPf jbiTJv kYFPaL article-text\">\n<a href=\"https:\/\/apnews.com\/hub\/soccer\" rel=\"nofollow noopener\" target=\"_blank\">See AP\u2019s full soccer coverage here<\/a>\n<\/p>\n<p>Copyright 2026 The Associated Press. All rights reserved. This material may not be published, broadcast, rewritten or redistributed without permission.<\/p>\n","protected":false},"excerpt":{"rendered":"Real Madrid and Paris Saint-Germain were dealt their first losses in their domestic leagues on Friday when Kylian&hellip;\n","protected":false},"author":2,"featured_media":81018,"comment_status":"","ping_status":"","sticky":false,"template":"","format":"standard","meta":{"footnotes":""},"categories":[4],"tags":[3090,3527,5296,3315,19947,14718,30298,22246,15228,4297,30299,7052,82,30300,29392,1874,396,1496,28197],"class_list":["post-81017","post","type-post","status-publish","format-standard","has-post-thumbnail","category-madrid","tag-alexander-isak","tag-andoni-iraola","tag-bradley-barcola","tag-cesc-fabregas","tag-cody-gakpo","tag-fabian-ruiz","tag-flavio-nazinho","tag-folarin-balogun","tag-joao-neves","tag-jose-mourinho","tag-lucas-beraldo","tag-luis-enrique","tag-madrid","tag-marcus-vinicius","tag-martin-baturina","tag-nico-paz","tag-sports","tag-thibaut-courtois","tag-troy-parrott"],"_links":{"self":[{"href":"https:\/\/www.europesays.com\/spain\/wp-json\/wp\/v2\/posts\/81017","targetHints":{"allow":["GET"]}}],"collection":[{"href":"https:\/\/www.europesays.com\/spain\/wp-json\/wp\/v2\/posts"}],"about":[{"href":"https:\/\/www.europesays.com\/spain\/wp-json\/wp\/v2\/types\/post"}],"author":[{"embeddable":true,"href":"https:\/\/www.europesays.com\/spain\/wp-json\/wp\/v2\/users\/2"}],"replies":[{"embeddable":true,"href":"https:\/\/www.europesays.com\/spain\/wp-json\/wp\/v2\/comments?post=81017"}],"version-history":[{"count":0,"href":"https:\/\/www.europesays.com\/spain\/wp-json\/wp\/v2\/posts\/81017\/revisions"}],"wp:featuredmedia":[{"embeddable":true,"href":"https:\/\/www.europesays.com\/spain\/wp-json\/wp\/v2\/media\/81018"}],"wp:attachment":[{"href":"https:\/\/www.europesays.com\/spain\/wp-json\/wp\/v2\/media?parent=81017"}],"wp:term":[{"taxonomy":"category","embeddable":true,"href":"https:\/\/www.europesays.com\/spain\/wp-json\/wp\/v2\/categories?post=81017"},{"taxonomy":"post_tag","embeddable":true,"href":"https:\/\/www.europesays.com\/spain\/wp-json\/wp\/v2\/tags?post=81017"}],"curies":[{"name":"wp","href":"https:\/\/api.w.org\/{rel}","templated":true}]}}