{"id":81192,"date":"2026-09-05T13:19:26","date_gmt":"2026-09-05T13:19:26","guid":{"rendered":"https:\/\/www.europesays.com\/spain\/81192\/"},"modified":"2026-09-05T13:19:26","modified_gmt":"2026-09-05T13:19:26","slug":"valencia-v-barca-did-you-know-2","status":"publish","type":"post","link":"https:\/\/www.europesays.com\/spain\/81192\/","title":{"rendered":"Valencia v Bar\u00e7a: Did you know?"},"content":{"rendered":"<p>Bar\u00e7a travel to Mestalla on matchday four of the Liga season. Hansi Flick\u2019s side will be looking to maintain their perfect start this Sunday at 4.15pm CEST. Here are some of the key facts and figures ahead of this historic fixture.<\/p>\n<p>Raphinha at his best<\/p>\n<p>Bar\u00e7a have made an impressive start in front of goal this season, scoring 10 times in their opening three games, with Raphinha responsible for five of them. If the Brazilian scores against Valencia, he will equal Kubala, R\u00e9 and Cesc, who all found the net in each of the first four league games of a season. Ibrahimovic and C\u00e9sar are the only Bar\u00e7a players to have done so in five consecutive matches.<\/p>\n<p>Last dance at Mestalla<\/p>\n<p>Bar\u00e7a will visit Mestalla for the final time this Sunday. If everything goes according to schedule, Valencia are set to move to the Nou Mestalla for the 2027\/28 season.<\/p>\n<p>Opened in 1923, Mestalla is therefore approaching the end of more than a century of history. Bar\u00e7a have played 115 games there, winning 43, drawing 30 and losing 42.<\/p>\n<p>Hansi Flick&#8217;s debut<\/p>\n<p>Hansi Flick made his competitive debut as Bar\u00e7a coach at Mestalla. On 17 August 2024, his side came from behind to win 2-1 thanks to two Robert Lewandowski goals after Hugo Duro had put Valencia ahead. It earned Bar\u00e7a their first three points of a 2024\/25 Liga campaign that ultimately ended with the title.<\/p>\n<p>Favourite victim<\/p>\n<p>With 20 goals in five games, Valencia are the side against whom Flick\u2019s Bar\u00e7a have the highest scoring average, at four goals per game. Across those five meetings (four in La Liga and one in the Copa del Rey) Bar\u00e7a have recorded four wins and one defeat: victories by 2-1, 7-1, 5-0 and 6-0, with the other game ending in a 3-1 defeat.<\/p>\n<p>                <img decoding=\"async\" src=\"https:\/\/www.europesays.com\/spain\/wp-content\/uploads\/2026\/09\/1788614366_996__MGA1303.jpg\" alt=\"_MGA1303\" class=\"embeddable-photo__image\"\/><\/p>\n<p>Valencia are not, however, the team against whom Flick\u2019s Bar\u00e7a have scored the most goals overall. That distinction belongs to Real Madrid, against whom they have scored 22, but across seven matches, two more than against Valencia. Bar\u00e7a therefore average 4 goals per game against Valencia, compared to 3.14 against Madrid.<\/p>\n","protected":false},"excerpt":{"rendered":"Bar\u00e7a travel to Mestalla on matchday four of the Liga season. Hansi Flick\u2019s side will be looking to&hellip;\n","protected":false},"author":2,"featured_media":81193,"comment_status":"","ping_status":"","sticky":false,"template":"","format":"standard","meta":{"footnotes":""},"categories":[6],"tags":[483,95],"class_list":["post-81192","post","type-post","status-publish","format-standard","has-post-thumbnail","category-valencia","tag-text","tag-valencia"],"_links":{"self":[{"href":"https:\/\/www.europesays.com\/spain\/wp-json\/wp\/v2\/posts\/81192","targetHints":{"allow":["GET"]}}],"collection":[{"href":"https:\/\/www.europesays.com\/spain\/wp-json\/wp\/v2\/posts"}],"about":[{"href":"https:\/\/www.europesays.com\/spain\/wp-json\/wp\/v2\/types\/post"}],"author":[{"embeddable":true,"href":"https:\/\/www.europesays.com\/spain\/wp-json\/wp\/v2\/users\/2"}],"replies":[{"embeddable":true,"href":"https:\/\/www.europesays.com\/spain\/wp-json\/wp\/v2\/comments?post=81192"}],"version-history":[{"count":0,"href":"https:\/\/www.europesays.com\/spain\/wp-json\/wp\/v2\/posts\/81192\/revisions"}],"wp:featuredmedia":[{"embeddable":true,"href":"https:\/\/www.europesays.com\/spain\/wp-json\/wp\/v2\/media\/81193"}],"wp:attachment":[{"href":"https:\/\/www.europesays.com\/spain\/wp-json\/wp\/v2\/media?parent=81192"}],"wp:term":[{"taxonomy":"category","embeddable":true,"href":"https:\/\/www.europesays.com\/spain\/wp-json\/wp\/v2\/categories?post=81192"},{"taxonomy":"post_tag","embeddable":true,"href":"https:\/\/www.europesays.com\/spain\/wp-json\/wp\/v2\/tags?post=81192"}],"curies":[{"name":"wp","href":"https:\/\/api.w.org\/{rel}","templated":true}]}}