{"id":1045975,"date":"2026-06-24T00:13:27","date_gmt":"2026-06-24T00:13:27","guid":{"rendered":"https:\/\/www.europesays.com\/uk\/1045975\/"},"modified":"2026-06-24T00:13:27","modified_gmt":"2026-06-24T00:13:27","slug":"argentina-eye-scotland-with-34-man-roster-to-open-july","status":"publish","type":"post","link":"https:\/\/www.europesays.com\/uk\/1045975\/","title":{"rendered":"Argentina Eye Scotland with 34-man Roster to Open July"},"content":{"rendered":"<p>Argentina is eyeing Scotland with a 34-man roster to open July and 2026. In their first match of 2026, Los Pumas will play host to Scotland in C\u00f3rdoba. Felipe Contepomi has named a 34-man roster for the fixture which is an opening round clash in the inaugural Nations Championship.<\/p>\n<p>Contepomi\u2019s roster comes with come key returnees as well as uncapped players and a number of unavailable stars too. The assignment is the first of three in July with more players to join the roster during the month of July.<\/p>\n<p>Argentina\u2019s complete home series in the month of July will see matches on July 04, 11 and 18. The aforementioned test match against Scotland in C\u00f3rdoba will be the July 04 fixture. July 11 sees Argentina facing Wales in San Juan while Los Pumas take-on England on July 18 in Santiago del Estero.<\/p>\n<p>\u00a0<\/p>\n<tr>\n<td><strong><img loading=\"lazy\" decoding=\"async\" class=\"tie-appear alignnone wp-image-96902 \" src=\"https:\/\/www.europesays.com\/uk\/wp-content\/uploads\/2025\/07\/logo-argentina-pumas-thumbnail-2023.png\" alt=\"\" width=\"34\" height=\"34\"  \/>UNCAPPED NAMES<\/strong><\/td>\n<\/tr>\n<p>Contepomi\u2019s first roster of the year comes with five uncapped players. One plays Super Rugby in Australia while four are domestic-based players in Super Rugby Americas (SRA).<\/p>\n<p>The Australian-based player is Leonel Oviedo. The hooker is the older brother of the established N8, Joaqu\u00edn Oviedo. Leonel Oviedo has been in Pumas rosters previously but remains uncapped. He featured for the <a href=\"https:\/\/www.americasrugbynews.com\/2026\/06\/21\/south-africa-dominate-but-franco-molina-scores-for-the-barbarians\/\" rel=\"nofollow noopener\" target=\"_blank\">Barbarians against South Africa in June 2026<\/a>.<\/p>\n<p>Second-rower Luciano Asevedo has previously trained with Los Pumas but has not yet been capped. The 2.03m tall, 124kg forward has the height and the size in his favor. He has attracted interest from Toulon about joining the French giants. His selection comes with Tom\u00e1s Lavanini (91 caps) missing out.<\/p>\n<p>Dogos fullback, Mateo Soler has also been included on the roster. The 23-year-old has previously featured on Pumas rosters too but is uncapped. He has been preferred to Pampas fullback, Tob\u00edas Wade who had a strong debut season in SRA.<\/p>\n<p>In addition to the trio there are two additional uncapped players included but as invitational players. Flanker Juan Penoucos and center Agust\u00edn Fraga both played SRA for Pampas.<\/p>\n<p>\u00a0<\/p>\n<tr>\n<td><strong><img loading=\"lazy\" decoding=\"async\" class=\"tie-appear alignnone wp-image-96902 \" src=\"https:\/\/www.europesays.com\/uk\/wp-content\/uploads\/2025\/07\/logo-argentina-pumas-thumbnail-2023.png\" alt=\"\" width=\"34\" height=\"34\"  \/>RECALLED PUMAS<\/strong><\/td>\n<\/tr>\n<p>There are three recalled Pumas for July 2026 who were not involved in the November 2026 tour of the UK. The trio in question all played under Contepomi in 2025 but did so in differing ways.<\/p>\n<p>In 2024-2024 scrum-half Gonzalo Garc\u00eda successfully established himself as Contepomi\u2019s starting scrum-half. He missed out on selection for November after being forced-off against South Africa in the Rugby Championship. The 27-year-old has recently said goodbye to Zebre Parma and signed for Pau in the Top 14.<\/p>\n<p>2025 saw N8 Joaquin Moro making the step-up from Los Pampas in SRA to the Leicester Tigers in the English Premiership. Moro debuted for Los Pumas in 2024 and played his most recent test match against Uruguay in 2025.<\/p>\n<p>Faustino S\u00e1nchez Valarolo debuted for Argentina against Uruguay in what was Moro\u2019s most recent cap. The home win over Uruguay saw S\u00e1nchez Valarolo entering as a replacement. The Dogos center earned his one cap to date in Salta.<\/p>\n<p>\u00a0<\/p>\n<tr>\n<td><strong><img loading=\"lazy\" decoding=\"async\" class=\"tie-appear alignnone wp-image-96902 \" src=\"https:\/\/www.europesays.com\/uk\/wp-content\/uploads\/2025\/07\/logo-argentina-pumas-thumbnail-2023.png\" alt=\"\" width=\"34\" height=\"34\"  \/>NOT SELECTED<\/strong><\/td>\n<\/tr>\n<p>The expansion of SRA has contributed to an expanded player base. As a result there are members of <a href=\"https:\/\/www.americasrugbynews.com\/player-pools\/player-pool-argentina\/\" rel=\"nofollow noopener\" target=\"_blank\">Argentina\u2019s player pool<\/a> who have missed out based on selection alone.<\/p>\n<p>Loose Head props Ignacio Calles and Rodrigo Mart\u00ednez play in elite competitions but have not been selected. Similarly, Santiago Medrano and Facundo Bosch were regulars under Mario Ledesma but neither has made the July roster.<\/p>\n<p>Second-rowers Lucas Paulos, and Tom\u00e1s Lavanini both continue to play at the elite level professionally but they have been left out as has the uncapped Franco Carrera who plays in the United Rugby Championship (URC).<\/p>\n<p>A trio of French-based back-rowers are additional talking points. Contepomi has not selected Bautista Pedemonte, Rodrigo Bruni, or Facundo Isa.<\/p>\n<p>Former first-choice scrum-half Gonzalo Bertranou misses out while Jer\u00f3nimo de la Fuente last played for Argentina in what was his 80th cap back in July 2024. In addition, former Puma Mat\u00edas Orlando has missed out despite another SRA center being selected. The uncapped Tom\u00e1s Medina watches on from the URC.<\/p>\n<p>Contepomi handed Santiago Pernas his first cap in July 2025 against Uruguay. He was injured and replaced early and is yet to play again. He and fullback Mart\u00edn Bogado are notable back-three omissions.<\/p>\n<p>\u00a0<\/p>\n<tr>\n<td><strong><img loading=\"lazy\" decoding=\"async\" class=\"tie-appear alignnone wp-image-96902 \" src=\"https:\/\/www.europesays.com\/uk\/wp-content\/uploads\/2025\/07\/logo-argentina-pumas-thumbnail-2023.png\" alt=\"\" width=\"34\" height=\"34\"  \/>INJURED AND NOT AVAILABLE<\/strong><\/td>\n<\/tr>\n<p>Injuries have contributed to selections. They include front-line players Thomas Gallo, Juan Martin Gonz\u00e1lez, Juan Cruz Mall\u00eda and Pedro Rubiolo. All four have been regulars under Contepomi when available.<\/p>\n<p>The trio of Bautista Bernasconi, Benjam\u00edn Elizalde and Benjam\u00edn Grondona all debuted for Argentina in 2025 but are sidelined through injuries now. Injury to Eduardo Bello ended his Rugby Championship early in 2024 and he is not yet ready for a recall.<\/p>\n<p>The Top 14 Final takes place in France on Saturday June 27. The date means Toulouse and Montpellier players have not been considered for the July 04 home test match against Scotland. This means that Santiago Chocobares, Efra\u00edn El\u00edas, Domingo Miotti and Justo Piccardo will not feature in C\u00f3rdoba.<\/p>\n<p><strong>INJURED LIST<\/strong><br \/>Eduardo Bello<br \/>Emiliano Boffelli<br \/>Bautista Bernasconi<br \/>Benjam\u00edn Elizalde<br \/>Thomas Gallo<br \/>Juan Mart\u00edn Gonz\u00e1lez<br \/>Benjam\u00edn Grondona<br \/>Juan Cruz Mall\u00eda<br \/>Pedro Rubiolo<br \/>Joel Sclavi<\/p>\n<p>\u00a0<\/p>\n<tr>\n<td><strong><img loading=\"lazy\" decoding=\"async\" class=\"tie-appear alignnone wp-image-96902 \" src=\"https:\/\/www.europesays.com\/uk\/wp-content\/uploads\/2025\/07\/logo-argentina-pumas-thumbnail-2023.png\" alt=\"\" width=\"34\" height=\"34\"  \/>JULY FIXTURES \u2013 NATIONS CHAMPIONSHIP<\/strong><\/td>\n<\/tr>\n<p><strong>JULY 04 <img loading=\"lazy\" decoding=\"async\" class=\"alignnone size-full wp-image-96902 tie-appear\" src=\"https:\/\/www.europesays.com\/uk\/wp-content\/uploads\/2025\/07\/logo-argentina-pumas-thumbnail-2023.png\"   alt=\"\" width=\"64\" height=\"64\"\/>VS<img loading=\"lazy\" decoding=\"async\" class=\"alignnone size-full wp-image-34505 tie-appear\" src=\"https:\/\/www.europesays.com\/uk\/wp-content\/uploads\/2025\/09\/logo-scotland-thumbnail.png\" alt=\"\" width=\"64\" height=\"64\"\/> (Estadio Mario Kempes, C\u00f3rdoba, AR)<\/strong><\/p>\n<p><strong>JULY 11 <img loading=\"lazy\" decoding=\"async\" class=\"alignnone size-full wp-image-96902 tie-appear\" src=\"https:\/\/www.europesays.com\/uk\/wp-content\/uploads\/2025\/07\/logo-argentina-pumas-thumbnail-2023.png\"   alt=\"\" width=\"64\" height=\"64\"\/>VS<img loading=\"lazy\" decoding=\"async\" class=\"alignnone size-full wp-image-34507 tie-appear\" src=\"https:\/\/www.europesays.com\/uk\/wp-content\/uploads\/2025\/06\/logo-wales-thumbnail.png\" alt=\"\" width=\"64\" height=\"64\"\/>(Estadio Bicentenario, San Juan, AR)<\/strong><\/p>\n<p><strong>JULY 18 <img loading=\"lazy\" decoding=\"async\" class=\"alignnone size-full wp-image-96902 tie-appear\" src=\"https:\/\/www.europesays.com\/uk\/wp-content\/uploads\/2025\/07\/logo-argentina-pumas-thumbnail-2023.png\"   alt=\"\" width=\"64\" height=\"64\"\/>VS<img loading=\"lazy\" decoding=\"async\" class=\"alignnone size-full wp-image-26726 tie-appear\" src=\"https:\/\/www.europesays.com\/uk\/wp-content\/uploads\/2025\/07\/logo-england-thumbnail.png\" alt=\"\" width=\"64\" height=\"64\"\/>(Estadio \u00danico Madre de Ciudades, Santiago del Estero, AR)<\/strong><\/p>\n<p>\u00a0<\/p>\n<tr>\n<td><strong><img loading=\"lazy\" decoding=\"async\" class=\"tie-appear alignnone wp-image-96902 \" src=\"https:\/\/www.europesays.com\/uk\/wp-content\/uploads\/2025\/07\/logo-argentina-pumas-thumbnail-2023.png\" alt=\"\" width=\"34\" height=\"34\"  \/>ARGENTINA ROSTER \u2013 FORWARDS<\/strong><\/td>\n<\/tr>\n<p><strong>LOOSE HEAD PROP<\/strong><br \/>Mayco Vivas (Oyonnax, Fr, 39 caps)<br \/>Boris Wenger (Harlequins, UK, 5 caps)<\/p>\n<p><strong>HOOKER<\/strong><br \/>Juli\u00e1n Montoya (Pau, UK, 117 caps)<br \/>Leonel Oviedo (Western Force, uncapped)<br \/>Ignacio Ruiz (Perpignan, FR, 26 caps)<\/p>\n<p><strong>TIGHT HEAD PROP<\/strong><br \/>Francisco Coria Marchetti (Brive, FR, 8 caps)<br \/>Pedro Delgado (Harlequins, UK, 9 caps)<br \/>Tom\u00e1s Rapetti (Toulouse, FR, 3 caps)<\/p>\n<p><strong>LOOSE HEAD SECOND-ROW<\/strong><br \/>Franco Molina (Newcastle Red Bulls, UK, 19 caps)<br \/>Guido Petti (Harlequins, UK, 98 caps)<\/p>\n<p><strong>TIGHT HEAD SECOND-ROW<\/strong><br \/>Mat\u00edas Alemanno (Vannes, FR, 99 caps)<br \/>Luciano Asevedo (Tarucas, uncapped)<\/p>\n<p><strong>FLANKER<\/strong><br \/>Santiago Grondona (Pau, FR, 25 caps)<br \/>Marcos Kremer (Clermont, FR, 81 caps)<br \/>Pablo Matera (Honda Heat, JP, 121 caps)<br \/>Juan Penoucos (Pampas, uncapped) *<\/p>\n<p><strong>N8<\/strong><br \/>Joaquin Moro (Leicester Tigers, UK, 3 caps<br \/>Joaquin Oviedo (Perpignan, FR, 22 caps)<\/p>\n<p>* Invitational<\/p>\n<p><img loading=\"lazy\" decoding=\"async\" class=\"wp-image-117483 size-large\" src=\"https:\/\/www.europesays.com\/uk\/wp-content\/uploads\/2026\/06\/Argentina-Scotland-2025-Mayco-Vivas-e1763405428233-660x330.jpeg\" alt=\"\" width=\"618\" height=\"309\"  \/>Foto: Gaspafotos \/ Prensa UAR<\/p>\n<p>\u00a0<\/p>\n<p>\u00a0<\/p>\n<tr>\n<td><strong><img loading=\"lazy\" decoding=\"async\" class=\"tie-appear alignnone wp-image-96902 \" src=\"https:\/\/www.europesays.com\/uk\/wp-content\/uploads\/2025\/07\/logo-argentina-pumas-thumbnail-2023.png\" alt=\"\" width=\"34\" height=\"34\"  \/>ARGENTINA ROSTER \u2013 BACKS<\/strong><\/td>\n<\/tr>\n<p><strong>SCRUM-HALF<\/strong><br \/>Sim\u00f3n Ben\u00edtez Cruz Newcastle Red Bulls, 10 caps)<br \/>Gonzalo Garc\u00eda (Pau, FR, 16 caps)<br \/>Agust\u00edn Moyano (Western Force, AU, 8 caps)<\/p>\n<p><strong>FLY HALF<\/strong><br \/>Tom\u00e1s Albornoz (Toulon, FR, 21 caps)<br \/>Ger\u00f3nimo Prisciantelli (Racing 92, FR, 4 caps)<br \/>Nicol\u00e1s Roger (Dogos, 3 caps)<\/p>\n<p><strong>INSIDE CENTER<\/strong><br \/>Faustino S\u00e1nchez Valarolo (Dogos, 1 cap)<\/p>\n<p><strong>OUTSIDE CENTER<\/strong><br \/>Lucio Cinti (Saracens, UK, 39 caps)<br \/>Agust\u00edn Fraga (Pampas, uncapped) *<br \/>Mat\u00edas Moroni (Bristol Bears, UK, 94 caps)<\/p>\n<p><strong>WING<\/strong><br \/>Mateo Carreras (Bayonne, FR, 33 caps)<br \/>Bautista Delguy (Clermont, FR, 39 caps)<br \/>Rodrigo Isgr\u00f3 (Harlequins, UK, 16 caps)<br \/>Ignacio Mendy (Benetton, IT, 4 caps)<\/p>\n<p><strong>FULLBACK<\/strong><br \/>Santiago Carreras (Bath, UK, 64 caps)<br \/>Mateo Soler (Dogos, uncapped)<\/p>\n<p>* Invitational<\/p>\n<p><img loading=\"lazy\" decoding=\"async\" class=\"wp-image-117307 size-large\" src=\"https:\/\/www.europesays.com\/uk\/wp-content\/uploads\/2026\/06\/Argentina-Wales-2025-Geronimo-Prisciantelli-Mateo-Carreras-e1762713577846-660x330.jpg\" alt=\"\" width=\"618\" height=\"309\"  \/>Foto: Prensa UAR<\/p>\n","protected":false},"excerpt":{"rendered":"Argentina is eyeing Scotland with a 34-man roster to open July and 2026. In their first match of&hellip;\n","protected":false},"author":2,"featured_media":1045976,"comment_status":"","ping_status":"","sticky":false,"template":"","format":"standard","meta":{"footnotes":"","_share_on_mastodon":"0"},"categories":[5009],"tags":[748,122531,4884,287667,287668,228523,287669,712,10264,287670,5707,16,15,4510],"class_list":["post-1045975","post","type-post","status-publish","format-standard","has-post-thumbnail","category-scotland","tag-britain","tag-english-premiership","tag-great-britain","tag-japan-league-one","tag-july-internationals","tag-nations-championship","tag-pro-d2","tag-scotland","tag-super-rugby","tag-super-rugby-americas","tag-top-14","tag-uk","tag-united-kingdom","tag-united-rugby-championship"],"share_on_mastodon":{"url":"https:\/\/pubeurope.com\/@uk\/116802199729804795","error":""},"_links":{"self":[{"href":"https:\/\/www.europesays.com\/uk\/wp-json\/wp\/v2\/posts\/1045975","targetHints":{"allow":["GET"]}}],"collection":[{"href":"https:\/\/www.europesays.com\/uk\/wp-json\/wp\/v2\/posts"}],"about":[{"href":"https:\/\/www.europesays.com\/uk\/wp-json\/wp\/v2\/types\/post"}],"author":[{"embeddable":true,"href":"https:\/\/www.europesays.com\/uk\/wp-json\/wp\/v2\/users\/2"}],"replies":[{"embeddable":true,"href":"https:\/\/www.europesays.com\/uk\/wp-json\/wp\/v2\/comments?post=1045975"}],"version-history":[{"count":0,"href":"https:\/\/www.europesays.com\/uk\/wp-json\/wp\/v2\/posts\/1045975\/revisions"}],"wp:featuredmedia":[{"embeddable":true,"href":"https:\/\/www.europesays.com\/uk\/wp-json\/wp\/v2\/media\/1045976"}],"wp:attachment":[{"href":"https:\/\/www.europesays.com\/uk\/wp-json\/wp\/v2\/media?parent=1045975"}],"wp:term":[{"taxonomy":"category","embeddable":true,"href":"https:\/\/www.europesays.com\/uk\/wp-json\/wp\/v2\/categories?post=1045975"},{"taxonomy":"post_tag","embeddable":true,"href":"https:\/\/www.europesays.com\/uk\/wp-json\/wp\/v2\/tags?post=1045975"}],"curies":[{"name":"wp","href":"https:\/\/api.w.org\/{rel}","templated":true}]}}