{"id":1061587,"date":"2026-07-01T10:20:13","date_gmt":"2026-07-01T10:20:13","guid":{"rendered":"https:\/\/www.europesays.com\/uk\/1061587\/"},"modified":"2026-07-01T10:20:13","modified_gmt":"2026-07-01T10:20:13","slug":"the-eus-transatlantic-strategy-is-broken-it-courts-maga-powerbrokers-and-sidelines-americas-opposition-euobserver","status":"publish","type":"post","link":"https:\/\/www.europesays.com\/uk\/1061587\/","title":{"rendered":"The EU\u2019s transatlantic strategy is broken: it courts MAGA powerbrokers and sidelines America\u2019s opposition \u2013 EUobserver"},"content":{"rendered":"<p>Since Donald Trump\u2019s return, Europe has consistently failed to get into the rooms where straight answers exist.\u00a0<\/p>\n<p>When EU trade commissioner Maro\u0161 \u0160ef\u010dovi\u010d travelled to Washington in February 2025 for talks with US commerce secretary Howard Lutnick, National Economic Council director Kevin Hassett, and US trade representative Jamieson Greer, he left with a false sense of \u201cpositive momentum.\u201d<\/p>\n<p>When EU foreign affairs chief Kaja Kallas flew to Washington that same month to meet with secretary of state Marco Rubio, she found the meeting cancelled. <\/p>\n<p>The European Parliament sent its own delegation \u2014 foreign affairs chair David McAllister, trade chair <a href=\"https:\/\/euobserver.com\/217197\/top-mep-issues-trump-ultimatum-ahead-of-final-us-trade-deal-talks\/\" data-type=\"post\" data-id=\"217197\" rel=\"nofollow noopener\" target=\"_blank\">Bernd Lange<\/a> \u2014 and did the normal diplomatic rounds, meeting with the Trump administration, MAGA-aligned think tanks, and Congressional leadership. <\/p>\n<p>Yet little, if any, genuine understanding emerged from these encounters. If clarity was gained in Washington, Europe never received it.<\/p>\n<p><a href=\"https:\/\/euobserver.com\/217197\/top-mep-issues-trump-ultimatum-ahead-of-final-us-trade-deal-talks\/\" rel=\"nofollow noopener\" target=\"_blank\"><img loading=\"lazy\" decoding=\"async\" width=\"600\" height=\"401\" src=\"https:\/\/www.europesays.com\/uk\/wp-content\/uploads\/2026\/07\/4e5600adff810ae4e584f83c49fc9dde-600x401.jpg\" class=\"attachment-thumbnail size-thumbnail wp-post-image\" alt=\"\"  \/><\/a><\/p>\n<p>The big-ticket visits: Macron in February, Starmer days later, were all Ukraine-driven and assembled under reactive crisis conditions. When Ursula von der Leyen traveled to Trump\u2019s Scottish golf course at Turnberry, she returned with a trade deal built on capitulation. <\/p>\n<p>By January 2026, Washington was threatening to seize Danish territory by force.\u00a0\u00a0<\/p>\n<p>Smoke and mirrors<\/p>\n<p>What Europe receives from these engagements is smoke and mirrors: fronted insults written off as political truth-telling, and counterparts unwilling or unable to be constructive, let alone straight with their allies.<\/p>\n<p>The hard pill Europe has not yet swallowed is this \u2014 the United States is now, functionally, a government run by one man. In normal times, working Washington meant running all the bases, shifting fluently between Democratic and Republican power centres.\u00a0<\/p>\n<p>That paradigm is broken. Power today exists only in proximity to Trump himself, and for those around him, the primary objective is climbing the MAGA ladder, not managing allied relationships.\u00a0<\/p>\n<p>Sub-principal diplomatic contacts are left without substance or influence. An administration staffed by Heritage and America First Policy Institute alumni is far more at home with interlocutors from <a href=\"https:\/\/euobserver.com\/42958\/orban-backed-think-tank-courts-farmers-linked-to-far-right-ahead-of-elections\/\" data-type=\"post\" data-id=\"42958\" rel=\"nofollow noopener\" target=\"_blank\">the MCC<\/a> than from the Berlaymont.<\/p>\n<p>The one European figure who appears to have cracked the code is Nato secretary general Mark Rutte, whose strategy of public flattery has earned him access. <\/p>\n<p>But don&#8217;t confuse access with influence. Strip away the warm optics and what Rutte has actually delivered? A trail of concessions \u2014 on Ukraine aid, a war of choice with Iran, and a series of uncoordinated US force-posture withdrawals \u2014 and little to show for it beyond a single counterfactual, that the United States remains in Nato. <\/p>\n<p>He has not bent Trump toward Europe. He has bent Europe toward Trump.<\/p>\n<p>What Europe has not done is structurally engage enough with the one constituency that can actually give it clear eyes: the opposition. <\/p>\n<p>And no, not just speaking to Democrats, but speaking to those that recognize the party must no longer be a minority party, but an opposition party. <\/p>\n<p>The progressive Democrats in Congress, progressive think-tanks in Washington, staffed by former officials and analysts who can call a spade a spade and have enough access to see the picture clearly. <\/p>\n<p>While individually, MEPs and European politicians have increased their engagement with the American opposition, it has yet to take a structural form from Brussels, that places it at the forefront of European transatlantic posture.\u00a0\u00a0\u00a0\u00a0<\/p>\n<p>Back in Brussels, a veneer\u00a0 of normalcy has drained\u00a0 any urgency to build new channels with the organisations and people who will eventually forge a new transatlantic relationship. <\/p>\n<p>MCC and far-right think tanks now dominate the ideological space, hosting American powerbrokers and lobbying on their behalf. <\/p>\n<p><a href=\"https:\/\/euobserver.com\/213703\/orbans-fall-does-not-mean-the-end-for-europes-far-right-think-tanks-and-financing\/\" rel=\"nofollow noopener\" target=\"_blank\"><img loading=\"lazy\" decoding=\"async\" width=\"600\" height=\"448\" src=\"https:\/\/www.europesays.com\/uk\/wp-content\/uploads\/2026\/07\/8902c54f-a016-414e-b2c0-f9613304a7ed-64cda902-4073-428a-a083-00e02e52a2da-2f791440-d78f-4f7f-8691-5c.png\" class=\"attachment-thumbnail size-thumbnail wp-post-image\" alt=\"\"  \/><\/a><\/p>\n<p>AmCham and major US corporations preserve the appearance of business as usual, unable or unwilling to speak candidly about shifting dynamics in Washington. Without a structured presence that can explain\u00a0 the reality of modern America, the work falls by default to scattered individuals \u2014 journalists like <a href=\"https:\/\/x.com\/DaveKeating?lang=en\" rel=\"nofollow\">Dave Keating<\/a> \u2014 operating without institutional backing to organise this new relationship.\u00a0<\/p>\n<p>This infrastructure failure is deepened by a generational one. <\/p>\n<p>The European left has, in its own way, already processed the death of the old Washington. <\/p>\n<p>Suspicious of American power long before Trump, shaped by Iraq, Gaza, and a structural critique of liberal hegemony, the MAGA turn registers for them less as rupture than confirmation. But they have never held the keys to the transatlantic relationship.<\/p>\n<p>The problem lies with the centre \u2014the European People&#8217;s Party, much of Renew Europe, and the mainstream social democrats who built their foreign policy worldview in the long shadow of the post-Cold War settlement. <\/p>\n<p>The average MEP is 50-years old \u2014 and the figures who actually hold foreign policy power across the Commission and European Council skew older still. They insist Brussels and Washington remain natural partners.\u00a0<\/p>\n<p>&#8216;Old Guard&#8217; collapses<\/p>\n<p>These are the transatlanticists, and they hold the levers of power across the European Council, the Commission, and the major member state governments. They should continue to be transatlanticist, but ones that recognise the relationship as it is, not as it was. This old guard is precisely the least equipped to engage what Washington has become \u2014 because doing so would require acknowledging that the world in which their entire political identity was formed has now collapsed.\u00a0<\/p>\n<p>The basis for transatlanticism in the United States has not merely shifted with Trump. It has broken. And what Europe needs now is not another Alice in Wonderland delegation, or warm diplomatic communiqu\u00e9 \u2014 but a new courtship, built with clear eyes \u2014 one that engages Americans whose hands are not tied by loyalty oaths, who will not insult Europe\u2019s intelligence with elaborate rationalisations, and who will ultimately bear responsibility for rebuilding what this administration has wilfully damaged.\u00a0<\/p>\n<p>Unless JD Vance or Tucker Carlson wins the next election, the next administration, regardless of party, will likely prove more transatlanticist than Trump \u2014 but that is an exceedingly low bar. <\/p>\n<p>Europeans should therefore identify those interlocutors now, so that when the time comes, both sides can begin to mend \u2014 not by restoring what was, but by finding a new way forward.<\/p>\n","protected":false},"excerpt":{"rendered":"Since Donald Trump\u2019s return, Europe has consistently failed to get into the rooms where straight answers exist.\u00a0 When&hellip;\n","protected":false},"author":2,"featured_media":1061588,"comment_status":"","ping_status":"","sticky":false,"template":"","format":"standard","meta":{"footnotes":"","_share_on_mastodon":"0"},"categories":[5174],"tags":[217083,2000,299,5187,217272,217281,226411,217270,226409,217279,217271,226410,217280],"class_list":["post-1061587","post","type-post","status-publish","format-standard","has-post-thumbnail","category-eu","tag-typedefinedterm","tag-eu","tag-europe","tag-european","tag-identifier4296","tag-identifier4313","tag-identifier4401","tag-namedonald-trump","tag-nameeu-and-the-world","tag-nameus","tag-termcodedonald-trump","tag-termcodeeu-and-the-world","tag-termcodeus"],"share_on_mastodon":{"url":"https:\/\/pubeurope.com\/@uk\/116844222792634913","error":""},"_links":{"self":[{"href":"https:\/\/www.europesays.com\/uk\/wp-json\/wp\/v2\/posts\/1061587","targetHints":{"allow":["GET"]}}],"collection":[{"href":"https:\/\/www.europesays.com\/uk\/wp-json\/wp\/v2\/posts"}],"about":[{"href":"https:\/\/www.europesays.com\/uk\/wp-json\/wp\/v2\/types\/post"}],"author":[{"embeddable":true,"href":"https:\/\/www.europesays.com\/uk\/wp-json\/wp\/v2\/users\/2"}],"replies":[{"embeddable":true,"href":"https:\/\/www.europesays.com\/uk\/wp-json\/wp\/v2\/comments?post=1061587"}],"version-history":[{"count":0,"href":"https:\/\/www.europesays.com\/uk\/wp-json\/wp\/v2\/posts\/1061587\/revisions"}],"wp:featuredmedia":[{"embeddable":true,"href":"https:\/\/www.europesays.com\/uk\/wp-json\/wp\/v2\/media\/1061588"}],"wp:attachment":[{"href":"https:\/\/www.europesays.com\/uk\/wp-json\/wp\/v2\/media?parent=1061587"}],"wp:term":[{"taxonomy":"category","embeddable":true,"href":"https:\/\/www.europesays.com\/uk\/wp-json\/wp\/v2\/categories?post=1061587"},{"taxonomy":"post_tag","embeddable":true,"href":"https:\/\/www.europesays.com\/uk\/wp-json\/wp\/v2\/tags?post=1061587"}],"curies":[{"name":"wp","href":"https:\/\/api.w.org\/{rel}","templated":true}]}}