{"id":116810,"date":"2025-05-20T10:22:11","date_gmt":"2025-05-20T10:22:11","guid":{"rendered":"https:\/\/www.europesays.com\/uk\/116810\/"},"modified":"2025-05-20T10:22:11","modified_gmt":"2025-05-20T10:22:11","slug":"centenary-celebrations-in-france-for-canonisation-of-the-little-flower","status":"publish","type":"post","link":"https:\/\/www.europesays.com\/uk\/116810\/","title":{"rendered":"Centenary celebrations in France for canonisation of \u2018The Little Flower\u2019"},"content":{"rendered":"<p>Catholics in Normandy have commemorated the 100th anniversary of\u00a0St. Th\u00e9r\u00e8se of Lisieux\u2019s\u00a0canonisation with three days of both joyful and solemn celebrations.<\/p>\n<p>The events during 16-18 May included a live broadcast of Pope Leo XIV\u2019s inauguration Mass on screens in the Basilica of St. Th\u00e9r\u00e8se in Lisieux. Father Emmanuel Schwab, rector of the Sanctuary of St. Th\u00e9r\u00e8se of Lisieux since 2023, oversaw the organisation of the festivities, <a href=\"https:\/\/www.osvnews.com\/lisieux-celebrates-100-years-since-the-canonization-of-the-little-flower\/\" target=\"_blank\" rel=\"noopener\">reports<\/a> OSV News.<\/p>\n<p>\u201cThey were designed to be widely open to an audience unfamiliar with the Church,\u201d he said. \u201cThe entire city got involved, and activities were planned to appeal to everyone, regardless of their age, level of faith or religious practice.\u201d<\/p>\n<p>On the evening of 16 May, a procession carrying the relics of St. Th\u00e9r\u00e8se on a horse-drawn cart traveled through the streets of Lisieux, followed by several hundred people.\u00a0<\/p>\n<p>\u201cWe took (the relics) out of the Carmelite convent and brought them to St. Peter\u2019s Cathedral, where Th\u00e9r\u00e8se used to go to Mass with her family,\u201d Father Schwab explained. \u201cTh\u00e9r\u00e8se\u2019s relics always stir up a lot of emotion and fervor.\u201d<\/p>\n<p><img fetchpriority=\"high\" decoding=\"async\" width=\"1024\" height=\"768\" src=\"https:\/\/www.europesays.com\/uk\/wp-content\/uploads\/2025\/05\/20250519T1230-ST-THERESE-100-YEARS-FROM-CANONIZATION-1797815-1024x768-1.jpg\" alt=\"\" class=\"wp-image-813813\"  \/>Women dressed in late 19th-century costumes welcome visitors to the family home of St. Th\u00e9r\u00e8se of Lisieux in the town of Lisieux, France, 16 May 2025 (Image by OSV News\/Olivier Valentine)<\/p>\n<p>The famed French saint, affectionately known by devotees as \u201cThe Little Flower\u201d, who was born Th\u00e9r\u00e8se Martin, died of tuberculosis in 1897 at age 24, after nine years of religious life at the Carmelite convent in Lisieux. <\/p>\n<p>She quickly became the object of astonishing devotion, far beyond the borders of France. Beatified in 1923, she was canonised in Rome on 17 May 1925 by Pope Pius XI, who proclaimed her patroness of missions in 1927.\u00a0<\/p>\n<p>One hundred years after her death, Pope John Paul II in 1997 declared her a doctor of the Church.<\/p>\n<p>The events to mark the centenary of the young French woman\u2019s canonisation offer an uplifting respite to increasing religious tensions afflicting the country. <\/p>\n<p>This month alone, France has been severely rattled by what some are calling\u00a0Christianophobie\u00a0that has swept over the nation, and which appears to be related to ongoing problems with immigration and assimilation into society.  <\/p>\n<p>In the Brittany city of Rennes, the church of Saint Jean Marie Vianney was desecrated, and in Normandy the parish hall of a church was vandalised. A similar fate befell the parish hall of the Saint-Laurent church in Maurepas, south of Paris, while in the middle of the French capital a man carrying a knife\u00a0entered Saint-Ambroise church\u00a0just before Mass. Police were swiftly on the scene and no one was hurt in the incident.<\/p>\n<p>In his article on the tensions for the Herald, Gavin Mortimer notes that political leaders like to sing the praises of \u201cintegration\u201d but in France, as in Britain, a sizeable number of immigrants have no wish to integrate.  <\/p>\n<p>\u201cIn France the fear is that religious tension will increase in the coming years, and the appalling incidents of recent weeks will become commonplace,\u201d Mortimer writes. <\/p>\n<p><a href=\"https:\/\/thecatholicherald.com\/desecrations-threats-and-silence-anti-christian-violence-grips-france\/\" target=\"_blank\" rel=\"noopener\"><strong>RELATED: Desecrations, threats and silence: anti-Christian violence grips France<\/strong><\/a><\/p>\n<p>Photo: One of the many portraits of Saint Therese on display in the Basilica of Saint Therese in Lisieux, France, 1 May 2025. (Photo by JIMMY BEUNARDEAU\/Hans Lucas\/AFP via Getty Images.)<\/p>\n<p id=\"pvc_stats_813806\" class=\"pvc_stats all  pvc_load_by_ajax_update\" data-element-id=\"813806\" style=\"\"> <img loading=\"lazy\" decoding=\"async\" width=\"16\" height=\"16\" alt=\"Loading\" src=\"https:\/\/www.europesays.com\/uk\/wp-content\/uploads\/2025\/04\/1745250618_694_ajax-loader-2x.gif\" border=\"0\"\/><\/p>\n","protected":false},"excerpt":{"rendered":"Catholics in Normandy have commemorated the 100th anniversary of\u00a0St. Th\u00e9r\u00e8se of Lisieux\u2019s\u00a0canonisation with three days of both joyful&hellip;\n","protected":false},"author":2,"featured_media":116811,"comment_status":"","ping_status":"","sticky":false,"template":"","format":"standard","meta":{"footnotes":""},"categories":[5309],"tags":[2000,299,36,40,41442,52467],"class_list":{"0":"post-116810","1":"post","2":"type-post","3":"status-publish","4":"format-standard","5":"has-post-thumbnail","7":"category-france","8":"tag-eu","9":"tag-europe","10":"tag-france","11":"tag-immigration","12":"tag-pope-leo-xiv","13":"tag-st-therese"},"share_on_mastodon":{"url":"https:\/\/pubeurope.com\/@uk\/114539668743820497","error":""},"_links":{"self":[{"href":"https:\/\/www.europesays.com\/uk\/wp-json\/wp\/v2\/posts\/116810","targetHints":{"allow":["GET"]}}],"collection":[{"href":"https:\/\/www.europesays.com\/uk\/wp-json\/wp\/v2\/posts"}],"about":[{"href":"https:\/\/www.europesays.com\/uk\/wp-json\/wp\/v2\/types\/post"}],"author":[{"embeddable":true,"href":"https:\/\/www.europesays.com\/uk\/wp-json\/wp\/v2\/users\/2"}],"replies":[{"embeddable":true,"href":"https:\/\/www.europesays.com\/uk\/wp-json\/wp\/v2\/comments?post=116810"}],"version-history":[{"count":0,"href":"https:\/\/www.europesays.com\/uk\/wp-json\/wp\/v2\/posts\/116810\/revisions"}],"wp:featuredmedia":[{"embeddable":true,"href":"https:\/\/www.europesays.com\/uk\/wp-json\/wp\/v2\/media\/116811"}],"wp:attachment":[{"href":"https:\/\/www.europesays.com\/uk\/wp-json\/wp\/v2\/media?parent=116810"}],"wp:term":[{"taxonomy":"category","embeddable":true,"href":"https:\/\/www.europesays.com\/uk\/wp-json\/wp\/v2\/categories?post=116810"},{"taxonomy":"post_tag","embeddable":true,"href":"https:\/\/www.europesays.com\/uk\/wp-json\/wp\/v2\/tags?post=116810"}],"curies":[{"name":"wp","href":"https:\/\/api.w.org\/{rel}","templated":true}]}}