{"id":117034,"date":"2025-05-20T12:20:13","date_gmt":"2025-05-20T12:20:13","guid":{"rendered":"https:\/\/www.europesays.com\/uk\/117034\/"},"modified":"2025-05-20T12:20:13","modified_gmt":"2025-05-20T12:20:13","slug":"thomas-sankara-mausoleum-kere-architecture","status":"publish","type":"post","link":"https:\/\/www.europesays.com\/uk\/117034\/","title":{"rendered":"Thomas Sankara Mausoleum \/ Kere Architecture"},"content":{"rendered":"<p><a class=\"js-image-size__link \" href=\"https:\/\/www.archdaily.com\/1030302\/thomas-sankara-mausoleum-kere-architecture\/682b56165ae7be018667494c-thomas-sankara-mausoleum-kere-architecture-image\" rel=\"attachment noopener\" style=\"width: 100%; height: 100%;\" target=\"_blank\"><img decoding=\"async\" alt=\"Thomas Sankara Mausoleum \/ Kere Architecture - Exterior Photography\" data-nr-picture-id=\"682b56165ae7be018667494c\" fetchpriority=\"high\" height=\"480\" itemprop=\"image\" loading=\"eager\" longdesc=\"https:\/\/www.archdaily.com\/1030302\/thomas-sankara-mausoleum-kere-architecture\/682b56165ae7be018667494c-thomas-sankara-mausoleum-kere-architecture-image\" src=\"https:\/\/www.europesays.com\/uk\/wp-content\/uploads\/2025\/05\/thomas-sankara-mausoleum-kere-architecture_1.jpg\" style=\"min-height: var(--featured-height, auto); aspect-ratio: auto 640 \/ 480\" width=\"640\"\/><\/a>Courtesy of K\u00e9r\u00e9 Architecture<\/p>\n<p class=\"thumbs afd-desktop-e clearfix\"><a class=\"thumbs__link\" data-nr-picture-id=\"682b56166d7aff0188e494de\" href=\"https:\/\/www.archdaily.com\/1030302\/thomas-sankara-mausoleum-kere-architecture\/682b56166d7aff0188e494de-thomas-sankara-mausoleum-kere-architecture-image\" rel=\"attachment noopener\" target=\"_blank\"><img loading=\"lazy\" decoding=\"async\" alt=\"Thomas Sankara Mausoleum \/ Kere Architecture - Exterior Photography\" class=\"thumbs__img b-lazy\" data-nr-picture-id=\"682b56166d7aff0188e494de\" data-pin-nopin=\"true\" src=\"https:\/\/www.europesays.com\/uk\/wp-content\/uploads\/2025\/05\/thomas-sankara-mausoleum-kere-architecture_5.jpg\" height=\"125\" longdesc=\"https:\/\/www.archdaily.com\/1030302\/thomas-sankara-mausoleum-kere-architecture\/682b56166d7aff0188e494de-thomas-sankara-mausoleum-kere-architecture-image\" title=\"Courtesy of K\u00e9r\u00e9 Architecture\" width=\"125\"\/><\/a><a class=\"thumbs__link\" data-nr-picture-id=\"682b56146d7aff0188e494da\" href=\"https:\/\/www.archdaily.com\/1030302\/thomas-sankara-mausoleum-kere-architecture\/682b56146d7aff0188e494da-thomas-sankara-mausoleum-kere-architecture-image\" rel=\"attachment noopener\" target=\"_blank\"><img loading=\"lazy\" decoding=\"async\" alt=\"Thomas Sankara Mausoleum \/ Kere Architecture - Image 3 of 11\" class=\"thumbs__img b-lazy\" data-nr-picture-id=\"682b56146d7aff0188e494da\" data-pin-nopin=\"true\" src=\"https:\/\/www.europesays.com\/uk\/wp-content\/uploads\/2025\/05\/thomas-sankara-mausoleum-kere-architecture_3.jpg\" height=\"125\" longdesc=\"https:\/\/www.archdaily.com\/1030302\/thomas-sankara-mausoleum-kere-architecture\/682b56146d7aff0188e494da-thomas-sankara-mausoleum-kere-architecture-image\" title=\"Courtesy of K\u00e9r\u00e9 Architecture\" width=\"125\"\/><\/a><a class=\"thumbs__link\" data-nr-picture-id=\"682b56156d7aff0188e494dd\" href=\"https:\/\/www.archdaily.com\/1030302\/thomas-sankara-mausoleum-kere-architecture\/682b56156d7aff0188e494dd-thomas-sankara-mausoleum-kere-architecture-image\" rel=\"attachment noopener\" target=\"_blank\"><img loading=\"lazy\" decoding=\"async\" alt=\"Thomas Sankara Mausoleum \/ Kere Architecture - Interior Photography\" class=\"thumbs__img b-lazy\" data-nr-picture-id=\"682b56156d7aff0188e494dd\" data-pin-nopin=\"true\" src=\"https:\/\/www.europesays.com\/uk\/wp-content\/uploads\/2025\/05\/thomas-sankara-mausoleum-kere-architecture_2.jpg\" height=\"125\" longdesc=\"https:\/\/www.archdaily.com\/1030302\/thomas-sankara-mausoleum-kere-architecture\/682b56156d7aff0188e494dd-thomas-sankara-mausoleum-kere-architecture-image\" title=\"Courtesy of K\u00e9r\u00e9 Architecture\" width=\"125\"\/><\/a><a class=\"thumbs__link\" data-nr-picture-id=\"682b56145ae7be018667494b\" href=\"https:\/\/www.archdaily.com\/1030302\/thomas-sankara-mausoleum-kere-architecture\/682b56145ae7be018667494b-thomas-sankara-mausoleum-kere-architecture-image\" rel=\"attachment noopener\" target=\"_blank\"><img loading=\"lazy\" decoding=\"async\" alt=\"Thomas Sankara Mausoleum \/ Kere Architecture - Image 5 of 11\" class=\"thumbs__img b-lazy\" data-nr-picture-id=\"682b56145ae7be018667494b\" data-pin-nopin=\"true\" src=\"https:\/\/www.europesays.com\/uk\/wp-content\/uploads\/2025\/05\/thomas-sankara-mausoleum-kere-architecture_6.jpg\" height=\"125\" longdesc=\"https:\/\/www.archdaily.com\/1030302\/thomas-sankara-mausoleum-kere-architecture\/682b56145ae7be018667494b-thomas-sankara-mausoleum-kere-architecture-image\" title=\"Courtesy of K\u00e9r\u00e9 Architecture\" width=\"125\"\/><\/a><a class=\"gallery-link afd-desktop-e\" href=\"https:\/\/www.archdaily.com\/1030302\/thomas-sankara-mausoleum-kere-architecture\/682b56165ae7be018667494c-thomas-sankara-mausoleum-kere-architecture-image\" target=\"_blank\" rel=\"noopener\"><img decoding=\"async\" alt=\"Thomas Sankara Mausoleum \/ Kere Architecture - More Images\" class=\"thumbs__img b-lazy\" src=\"https:\/\/www.europesays.com\/uk\/wp-content\/uploads\/2025\/05\/thomas-sankara-mausoleum-kere-architecture_1.jpg\" itemprop=\"image\" bad-src=\"data:image\/gif;base64,R0lGODlhAQABAIAAAAUEBAAAACwAAAAAAQABAAACAkQBADs=\"\/>+ 6<\/a><\/p>\n<p>    Share<\/p>\n<p>Share<\/p>\n<ul class=\"afd-share__networks clearfix\">\n<li class=\"afd-share__social\"><a aria-label=\"Facebook\" class=\"afd-share__button\" data-insights-category=\"share\" data-insights-label=\"facebook_sharing_options\" data-insights-value=\"1030302\" data-social=\"facebook\" href=\"https:\/\/www.facebook.com\/sharer\/sharer.php?u=https:\/\/www.archdaily.com\/1030302\/thomas-sankara-mausoleum-kere-architecture\" target=\"_blank\" rel=\"noopener\"><\/a>\n<p>Facebook<\/p>\n<\/li>\n<li class=\"afd-share__social\"><a aria-label=\"Twitter\" class=\"afd-share__button\" data-insights-category=\"share\" data-insights-label=\"twitter_sharing_options\" data-insights-value=\"1030302\" data-social=\"twitter\" href=\"https:\/\/twitter.com\/intent\/tweet?text=Thomas%20Sankara%20Mausoleum%20%2F%20Kere%20Architecture&amp;url=https:\/\/www.archdaily.com\/1030302\/thomas-sankara-mausoleum-kere-architecture&amp;via=archdaily\" target=\"_blank\" rel=\"noopener\"><\/a>\n<p>Twitter<\/p>\n<\/li>\n<li class=\"afd-share__social\"><a class=\"afd-share__button\" data-insights-category=\"share\" data-insights-label=\"email_sharing_options\" data-insights-value=\"1030302\" data-social=\"email\" href=\"mailto:?subject=Thomas Sankara Mausoleum \/ Kere Architecture&amp;body=https:\/\/www.archdaily.com\/1030302\/thomas-sankara-mausoleum-kere-architecture\"><\/a>\n<p>Mail<\/p>\n<\/li>\n<li class=\"afd-share__social\"><a aria-label=\"Pinterest\" class=\"afd-share__button\" data-insights-category=\"share\" data-insights-label=\"pinterest_sharing_options\" data-insights-value=\"1030302\" data-social=\"pinterest\" href=\"https:\/\/pinterest.com\/pin\/create\/button\/?url=https%3A%2F%2Fwww.archdaily.com%2F1030302%2Fthomas-sankara-mausoleum-kere-architecture&amp;media=https%3A%2F%2Fimages.adsttc.com%2Fmedia%2Fimages%2F682b%2F5616%2F5ae7%2Fbe01%2F8667%2F494c%2Flarge_jpg%2Fthomas-sankara-mausoleum-kere-architecture_1.jpg%3F1747670571&amp;description=Thomas%20Sankara%20Mausoleum%20%2F%20Kere%20Architecture\" target=\"_blank\" rel=\"noopener\"><\/a>\n<p>Pinterest<\/p>\n<\/li>\n<li class=\"afd-share__social\"><a aria-label=\"Whatsapp\" class=\"afd-share__button\" data-action=\"share\/whatsapp\/share\" data-insights-category=\"share\" data-insights-label=\"whatsapp_sharing_options\" data-insights-value=\"1030302\" data-social=\"whatsapp\" href=\"whatsapp:\/\/send?text=Thomas+Sankara+Mausoleum+%2F+Kere+Architecture+%7C+https%3A%2F%2Fwww.archdaily.com%2F1030302%2Fthomas-sankara-mausoleum-kere-architecture%3Futm_source%3DWhatsapp%26utm_medium%3DIM%26utm_campaign%3Dshare-button\" rel=\"nofollow\"><\/a>\n<p>Whatsapp<\/p>\n<\/li>\n<\/ul>\n<p>Or<\/p>\n<p>https:\/\/www.archdaily.com\/1030302\/thomas-sankara-mausoleum-kere-architecture<\/p>\n<ul class=\"afd-char-list afd-specs__item-container js-char-list\" wp_automatic_readability=\"-1.7303370786517\">\n<li class=\"afd-specs__item\">\n<\/li>\n<li class=\"afd-specs__item\">\n  Area<br \/>\n  Area of this architecture project<\/p>\n<p>Area:\u00a0<br \/>\n        <a href=\"https:\/\/www.archdaily.com\/search\/projects\/min_area\/360\/max_area\/540?ad_name=project-specs&amp;ad_medium=single\" target=\"_blank\" rel=\"noopener\">450<\/a> m\u00b2<\/li>\n<li class=\"afd-specs__item\">\n<p>  Year<br \/>\n  Completion year of this architecture project <\/p>\n<p>            Year:\u00a0<\/p>\n<p>                    <a href=\"https:\/\/www.archdaily.com\/search\/projects\/year\/2025?ad_name=project-specs&amp;ad_medium=single\" target=\"_blank\" rel=\"noopener\"><br \/>\n          2025<br \/>\n        <\/a><\/p>\n<\/li>\n<li class=\"afd-specs__item\" wp_automatic_readability=\"-1\">\n<p>                Lead Architect:<\/p>\n<p>                Francis K\u00e9r\u00e9<\/p>\n<\/li>\n<\/ul>\n<p><a class=\"js-image-size__link lazy-anchor\" href=\"https:\/\/www.archdaily.com\/1030302\/thomas-sankara-mausoleum-kere-architecture\/682b56145ae7be018667494b-thomas-sankara-mausoleum-kere-architecture-image\" target=\"_blank\" rel=\"noopener\"><img decoding=\"async\" alt=\"Thomas Sankara Mausoleum \/ Kere Architecture - Image 5 of 11\" data-nr-picture-id=\"682b56145ae7be018667494b\" height=\"427\" itemprop=\"image\" loading=\"lazy\" longdesc=\"https:\/\/www.archdaily.com\/1030302\/thomas-sankara-mausoleum-kere-architecture\/682b56145ae7be018667494b-thomas-sankara-mausoleum-kere-architecture-image\" src=\"https:\/\/www.europesays.com\/uk\/wp-content\/uploads\/2025\/05\/1747743612_781_thomas-sankara-mausoleum-kere-architecture_6.jpg\" width=\"640\"\/>Courtesy of K\u00e9r\u00e9 Architecture<\/a><\/p>\n<p>Text description provided by the architects. Rimtalba Jean Emmanuel Ou\u00e9draogo, Prime Minister of Burkina Faso, has inaugurated a mausoleum commemorating a pan-Africanist revolutionary and the former president of Burkina Faso, Thomas Sankara, along with twelve of his aides. Sankara was president of Burkina Faso from 1983 until his assassination at the age of 37 during a coup on October 15, 1987, when twelve officials were also killed. Under his leadership, Sankara championed women&#8217;s rights, launched environmental campaigns, pursued economic independence, and left an enduring legacy of national reforms. The Thomas Sankara Mausoleum is the final resting place of the former president and his twelve closest companions. Inspired by the path of the sun, the thirteen tombs are arranged concentrically from the centre of the building, each underneath a single skylight. At each hour, a new tomb is lit by the sun overhead, moving the visitor across the room and into a new space of remembrance. Thirteen columns create thirteen open spaces that physically represent the absence of those who were killed \u2014 a poignant reminder of the gap created in the lives of their families. Outside, a winding and colorful pavilion directs visitors from Boulevard Thomas Sankara to the entrance of the building.<\/p>\n<p><a class=\"js-image-size__link lazy-anchor\" href=\"https:\/\/www.archdaily.com\/1030302\/thomas-sankara-mausoleum-kere-architecture\/682b56156d7aff0188e494dd-thomas-sankara-mausoleum-kere-architecture-image\" target=\"_blank\" rel=\"noopener\"><img decoding=\"async\" alt=\"Thomas Sankara Mausoleum \/ Kere Architecture - Interior Photography\" data-nr-picture-id=\"682b56156d7aff0188e494dd\" height=\"427\" itemprop=\"image\" loading=\"lazy\" longdesc=\"https:\/\/www.archdaily.com\/1030302\/thomas-sankara-mausoleum-kere-architecture\/682b56156d7aff0188e494dd-thomas-sankara-mausoleum-kere-architecture-image\" src=\"https:\/\/www.europesays.com\/uk\/wp-content\/uploads\/2025\/05\/1747743612_981_thomas-sankara-mausoleum-kere-architecture_2.jpg\" width=\"640\"\/>Courtesy of K\u00e9r\u00e9 Architecture<\/a><\/p>\n<p>A large 34-metre dome seals the mausoleum and protects the space from the intense heat of the sun above. Oriented to capture prevailing east-west winds, two large gates marking the entrance to the mausoleum are louvred open to provide passive ventilation to the structure \u2014 retaining coolth through its large thermal mass. The mausoleum is made of laterite and clay bricks that were sourced locally from the region, continuing Sankara&#8217;s commitment to using earth construction in Burkina Faso. Local communities were involved in sourcing the clay for the site, initiating a system of building that spread far beyond the immediate area of <a href=\"https:\/\/www.archdaily.com\/tag\/ouagadougou\" target=\"_blank\" rel=\"noopener\">Ouagadougou<\/a> and across Burkina Faso at large. The completion of this mausoleum marks the conclusion of the first stage of a larger memorial project: the Thomas Sankara Memorial Park, initiated by the Comit\u00e9 International pour le M\u00e9morial Thomas Sankara, financed by the government of Burkina Faso, and designed by K\u00e9r\u00e9 Architecture. The Thomas Sankara Memorial Park will span 14 hectares and feature an amphitheater, restaurants, shops, offices, educational and conference facilities. In addition to the mausoleum, which serves as its ceremonial center, a tower will rise above the site where Sankara and his comrades were killed. The tower will be 100 meters in height, with an accessible terrace at 87 meters \u2014 a symbolic reference to the year of the assassination. The platform invites generations to come to dream the dream of Thomas Sankara.<\/p>\n<p><a class=\"js-image-size__link lazy-anchor\" href=\"https:\/\/www.archdaily.com\/1030302\/thomas-sankara-mausoleum-kere-architecture\/682b56146d7aff0188e494da-thomas-sankara-mausoleum-kere-architecture-image\" target=\"_blank\" rel=\"noopener\"><img decoding=\"async\" alt=\"Thomas Sankara Mausoleum \/ Kere Architecture - Image 3 of 11\" data-nr-picture-id=\"682b56146d7aff0188e494da\" height=\"427\" itemprop=\"image\" loading=\"lazy\" longdesc=\"https:\/\/www.archdaily.com\/1030302\/thomas-sankara-mausoleum-kere-architecture\/682b56146d7aff0188e494da-thomas-sankara-mausoleum-kere-architecture-image\" src=\"https:\/\/www.europesays.com\/uk\/wp-content\/uploads\/2025\/05\/1747743612_8_thomas-sankara-mausoleum-kere-architecture_3.jpg\" width=\"640\"\/>Courtesy of K\u00e9r\u00e9 Architecture<\/a><a class=\"js-image-size__link lazy-anchor\" href=\"https:\/\/www.archdaily.com\/1030302\/thomas-sankara-mausoleum-kere-architecture\/682b56146d7aff0188e494db-thomas-sankara-mausoleum-kere-architecture-image\" target=\"_blank\" rel=\"noopener\"><img decoding=\"async\" alt=\"Thomas Sankara Mausoleum \/ Kere Architecture - Image 6 of 11\" data-nr-picture-id=\"682b56146d7aff0188e494db\" height=\"427\" itemprop=\"image\" loading=\"lazy\" longdesc=\"https:\/\/www.archdaily.com\/1030302\/thomas-sankara-mausoleum-kere-architecture\/682b56146d7aff0188e494db-thomas-sankara-mausoleum-kere-architecture-image\" src=\"https:\/\/www.europesays.com\/uk\/wp-content\/uploads\/2025\/05\/thomas-sankara-mausoleum-kere-architecture_4.jpg\" width=\"640\"\/>Courtesy of K\u00e9r\u00e9 Architecture<\/a><\/p>\n<p>Francis K\u00e9r\u00e9 remarked: &#8220;This is the first time I have been asked to take on the responsibility of constructing a building in memory of a great figure. Given that Sankara was killed there, the site remained a place of fear for a long time. It has now been transformed into a space of encounter and recreation that fosters remembrance, respect, and hope. Thomas Sankara played a crucial role in shaping Burkina Faso \u2014 even giving our country its name \u2014 and his pan-Africanist ideas resonate more deeply today than ever before. Meeting him was a pivotal moment in my early life, and I think many people in Burkina Faso feel a strong connection to Thomas Sankara and his work. The mausoleum will be a space that belongs to the people, presenting an important<br \/>historic site as a symbol of progress, change, and hope for all.&#8221; The Thomas Sankara Memorial Park is integrated into the <a href=\"https:\/\/www.archdaily.com\/tag\/ouagadougou\" target=\"_blank\" rel=\"noopener\">Ouagadougou<\/a> Green Belt development plan, which will establish new buildings within a park, creating valuable green space for the arid capital city and honoring Sankara&#8217;s environmental legacy.<\/p>\n<p><a class=\"js-image-size__link lazy-anchor\" href=\"https:\/\/www.archdaily.com\/1030302\/thomas-sankara-mausoleum-kere-architecture\/682b56166d7aff0188e494de-thomas-sankara-mausoleum-kere-architecture-image\" target=\"_blank\" rel=\"noopener\"><img decoding=\"async\" alt=\"Thomas Sankara Mausoleum \/ Kere Architecture - Exterior Photography\" data-nr-picture-id=\"682b56166d7aff0188e494de\" height=\"427\" itemprop=\"image\" loading=\"lazy\" longdesc=\"https:\/\/www.archdaily.com\/1030302\/thomas-sankara-mausoleum-kere-architecture\/682b56166d7aff0188e494de-thomas-sankara-mausoleum-kere-architecture-image\" src=\"https:\/\/www.europesays.com\/uk\/wp-content\/uploads\/2025\/05\/1747743613_308_thomas-sankara-mausoleum-kere-architecture_5.jpg\" width=\"640\"\/>Courtesy of K\u00e9r\u00e9 Architecture<\/a><script async src=\"https:\/\/platform.twitter.com\/widgets.js\" charset=\"utf-8\"><\/script><\/p>\n","protected":false},"excerpt":{"rendered":"Courtesy of K\u00e9r\u00e9 Architecture + 6 Share Share Facebook Twitter Mail Pinterest Whatsapp Or https:\/\/www.archdaily.com\/1030302\/thomas-sankara-mausoleum-kere-architecture Area Area of&hellip;\n","protected":false},"author":2,"featured_media":117035,"comment_status":"","ping_status":"","sticky":false,"template":"","format":"standard","meta":{"footnotes":""},"categories":[3939],"tags":[4023,4021,4020,52522,52523,4022,77,52524,52521,16,15],"class_list":{"0":"post-117034","1":"post","2":"type-post","3":"status-publish","4":"format-standard","5":"has-post-thumbnail","7":"category-arts-and-design","8":"tag-architecture","9":"tag-arts","10":"tag-arts-and-design","11":"tag-burial","12":"tag-crypts-mausoleums","13":"tag-design","14":"tag-entertainment","15":"tag-ouagadougou","16":"tag-religious-architecture","17":"tag-uk","18":"tag-united-kingdom"},"share_on_mastodon":{"url":"https:\/\/pubeurope.com\/@uk\/114540132861566361","error":""},"_links":{"self":[{"href":"https:\/\/www.europesays.com\/uk\/wp-json\/wp\/v2\/posts\/117034","targetHints":{"allow":["GET"]}}],"collection":[{"href":"https:\/\/www.europesays.com\/uk\/wp-json\/wp\/v2\/posts"}],"about":[{"href":"https:\/\/www.europesays.com\/uk\/wp-json\/wp\/v2\/types\/post"}],"author":[{"embeddable":true,"href":"https:\/\/www.europesays.com\/uk\/wp-json\/wp\/v2\/users\/2"}],"replies":[{"embeddable":true,"href":"https:\/\/www.europesays.com\/uk\/wp-json\/wp\/v2\/comments?post=117034"}],"version-history":[{"count":0,"href":"https:\/\/www.europesays.com\/uk\/wp-json\/wp\/v2\/posts\/117034\/revisions"}],"wp:featuredmedia":[{"embeddable":true,"href":"https:\/\/www.europesays.com\/uk\/wp-json\/wp\/v2\/media\/117035"}],"wp:attachment":[{"href":"https:\/\/www.europesays.com\/uk\/wp-json\/wp\/v2\/media?parent=117034"}],"wp:term":[{"taxonomy":"category","embeddable":true,"href":"https:\/\/www.europesays.com\/uk\/wp-json\/wp\/v2\/categories?post=117034"},{"taxonomy":"post_tag","embeddable":true,"href":"https:\/\/www.europesays.com\/uk\/wp-json\/wp\/v2\/tags?post=117034"}],"curies":[{"name":"wp","href":"https:\/\/api.w.org\/{rel}","templated":true}]}}