{"id":117238,"date":"2025-05-20T14:13:09","date_gmt":"2025-05-20T14:13:09","guid":{"rendered":"https:\/\/www.europesays.com\/uk\/117238\/"},"modified":"2025-05-20T14:13:09","modified_gmt":"2025-05-20T14:13:09","slug":"martinez-echevarria-strengthens-employment-law-practice","status":"publish","type":"post","link":"https:\/\/www.europesays.com\/uk\/117238\/","title":{"rendered":"Mart\u00ednez-Echevarr\u00eda strengthens Employment Law practice"},"content":{"rendered":"<p><strong><a href=\"https:\/\/iberianlawyer.com\/?s=Mart%C3%ADnez-Echevarr%C3%ADa\" target=\"_blank\" rel=\"noopener\">Mart\u00ednez-Echevarr\u00eda Abogados<\/a><\/strong> has announced the dual appointment of <strong>Luis Mosquera<\/strong> as partner and <strong>Jimena Fern\u00e1ndez<\/strong> as head of the firm\u2019s Labor Law practice in Madrid, reinforcing its commitment to top-tier legal talent in a growing and increasingly complex area.<\/p>\n<p>With over 25 years of experience, Mosquera brings deep sectoral expertise, particularly in the aviation, construction, maintenance, and handling industries. He has previously led labor departments at <strong>MA Abogados<\/strong> and <strong>\u00c1lvarez-Ossorio M\u00fcller &amp; Co<\/strong>, and has also served as an in-house and external labor advisor at firms like <strong>Grupo Gestiona-T<\/strong> and <strong>Casa de Ley<\/strong>.<\/p>\n<p>A graduate in Law from the Complutense University of Madrid, Mosquera is also an active lecturer in labor law and HR strategy, collaborating with institutions such as Centro de Estudios Garrigues, IFFE Business School, and CECE.<\/p>\n<p>Joining him is <strong>Jimena Fern\u00e1ndez<\/strong>, who will lead the Madrid labor team. With experience at <strong>KPMG Abogados<\/strong>, <strong>RCD<\/strong>, and the <strong>Spanish Airline Pilots Union (SEPLA)<\/strong>, Fern\u00e1ndez has advised across diverse sectors including transportation, hospitality, healthcare, aviation, and telecom.<\/p>\n<p>She specializes in complex labor disputes, collective bargaining agreements, large-scale layoffs, and negotiation of sectoral and in-house agreements, as well as strike-related legal processes. She holds a Law degree and a diploma in Business Sciences from the Complutense University of Madrid.<\/p>\n<p>Her broad procedural experience spans representation before Spain\u2019s Labor Inspectorate, national labor courts, and mediation at SIMA.<\/p>\n<p>With these strategic additions, Mart\u00ednez-Echevarr\u00eda significantly bolsters its labor law capabilities, combining Mosquera\u2019s strategic leadership with Fern\u00e1ndez\u2019s hands-on legal expertise in high-stakes collective labor scenarios.<\/p>\n","protected":false},"excerpt":{"rendered":"Mart\u00ednez-Echevarr\u00eda Abogados has announced the dual appointment of Luis Mosquera as partner and Jimena Fern\u00e1ndez as head of&hellip;\n","protected":false},"author":2,"featured_media":117239,"comment_status":"","ping_status":"","sticky":false,"template":"","format":"standard","meta":{"footnotes":""},"categories":[3092],"tags":[51,52626,897,52627,52628,52629,16,15],"class_list":{"0":"post-117238","1":"post","2":"type-post","3":"status-publish","4":"format-standard","5":"has-post-thumbnail","7":"category-jobs","8":"tag-business","9":"tag-jimena-fernandez","10":"tag-jobs","11":"tag-luis-mosquera","12":"tag-martinez-echevarria","13":"tag-sx2","14":"tag-uk","15":"tag-united-kingdom"},"share_on_mastodon":{"url":"https:\/\/pubeurope.com\/@uk\/114540577721772061","error":""},"_links":{"self":[{"href":"https:\/\/www.europesays.com\/uk\/wp-json\/wp\/v2\/posts\/117238","targetHints":{"allow":["GET"]}}],"collection":[{"href":"https:\/\/www.europesays.com\/uk\/wp-json\/wp\/v2\/posts"}],"about":[{"href":"https:\/\/www.europesays.com\/uk\/wp-json\/wp\/v2\/types\/post"}],"author":[{"embeddable":true,"href":"https:\/\/www.europesays.com\/uk\/wp-json\/wp\/v2\/users\/2"}],"replies":[{"embeddable":true,"href":"https:\/\/www.europesays.com\/uk\/wp-json\/wp\/v2\/comments?post=117238"}],"version-history":[{"count":0,"href":"https:\/\/www.europesays.com\/uk\/wp-json\/wp\/v2\/posts\/117238\/revisions"}],"wp:featuredmedia":[{"embeddable":true,"href":"https:\/\/www.europesays.com\/uk\/wp-json\/wp\/v2\/media\/117239"}],"wp:attachment":[{"href":"https:\/\/www.europesays.com\/uk\/wp-json\/wp\/v2\/media?parent=117238"}],"wp:term":[{"taxonomy":"category","embeddable":true,"href":"https:\/\/www.europesays.com\/uk\/wp-json\/wp\/v2\/categories?post=117238"},{"taxonomy":"post_tag","embeddable":true,"href":"https:\/\/www.europesays.com\/uk\/wp-json\/wp\/v2\/tags?post=117238"}],"curies":[{"name":"wp","href":"https:\/\/api.w.org\/{rel}","templated":true}]}}