{"id":1179049,"date":"2026-08-31T14:16:24","date_gmt":"2026-08-31T14:16:24","guid":{"rendered":"https:\/\/www.europesays.com\/uk\/1179049\/"},"modified":"2026-08-31T14:16:24","modified_gmt":"2026-08-31T14:16:24","slug":"the-weekend-in-france-you-dont-want-to-miss","status":"publish","type":"post","link":"https:\/\/www.europesays.com\/uk\/1179049\/","title":{"rendered":"The Weekend In France You Don\u2019t Want To Miss"},"content":{"rendered":"<p>The French flag under the vault of the Arc de Triomphe in Paris.<\/p>\n<p>getty<\/p>\n<p class=\"p2\">Paris is always a good idea, so the saying goes; France is, too, especially during the third weekend in September, this year the 19th\u201420th, when the annual cultural extravaganza known as <strong>Heritage Days (<\/strong><a class=\"color-link\" href=\"https:\/\/journeesdupatrimoine.culture.gouv.fr\/\" target=\"_blank\" rel=\"nofollow noopener noreferrer\" data-ga-track=\"ExternalLink:https:\/\/journeesdupatrimoine.culture.gouv.fr\/\" aria-label=\"Journ\u00e9es Europ\u00e9ennes du Patrimoine)\"><strong data-ga-track=\"ExternalLink:https:\/\/journeesdupatrimoine.culture.gouv.fr\/\">Journ\u00e9es Europ\u00e9ennes du Patrimoine)<\/strong><\/a><strong> <\/strong>takes place throughout the country. (Heritage Days are scheduled in many other countries, but the dates vary.)<\/p>\n<p class=\"p2\">On this event-filled Saturday and Sunday, countless museums, historic buildings and chateaux will be open to the public, often free or at a reduced cost. Many sites, not accessible at other times of the year, will be available for visits, too. During Heritage Days, with themes this year celebrating the history and bicentenary  of photography and protecting at-risk historic sites,  you can also expect a variety of one-off events, like guided walking tours, concerts, theatrical performances, workshops and artisanal demonstrations. Many happenings during this popular weekend require advance reservations, so book as far ahead as you can.<\/p>\n<p class=\"p2\">Here are some highlights for 2026\u2019s Heritage Days.<\/p>\n<p>PARIS<\/p>\n<p class=\"p3\">The<strong> \u00c9lys\u00e9e Palace<\/strong>, the official residence and office of France\u2019s president, is not generally open to visitors, but this landmark on the Rue du Faubourg Saint-Honor\u00e9 has welcomed visitors for Heritage Days in the past. Among the usual highlights are the ceremonial salons, the president\u2019s office and the palace grounds, although the itinerary can change from year to year. (This is a popular event; visitors will have to register at <a href=\"http:\/\/www.elysee.fr\/\" target=\"_blank\" rel=\"nofollow noopener noreferrer\" data-ga-track=\"ExternalLink:http:\/\/www.elysee.fr\/\" aria-label=\"www.elysee.fr\">www.elysee.fr<\/a>&#8211;the date to be announced&#8211;and reservations go very quickly.)<\/p>\n<p class=\"p3\"><strong>The Maison Elys\u00e9e Museum,<\/strong> which is accessible throughout the year, can also be visited. Located opposite the palace at 88 rue du Faubourg Saint-Honor\u00e9, the museum provides an insider\u2019s look at the history of the French presidency\u2014there\u2019s even a reconstruction of the French counterpart to the Oval Office, the Salon Dor\u00e9. The museum offers an immersive virtual tour of  the palace tracing the \u00c9lys\u00e9e\u2019s architectural history from its 18th-century construction to the present.<\/p>\n<p>The Mus\u00e9e National Picasso-Paris, (Photo by Franck CHAZOT\/Gamma-Rapho via Getty Images)<\/p>\n<p>Gamma-Rapho via Getty Images<\/p>\n<p class=\"p2\">The <a class=\"color-link\" href=\"https:\/\/www.museepicassoparis.fr\/en\/\" target=\"_blank\" rel=\"nofollow noopener noreferrer\" data-ga-track=\"ExternalLink:https:\/\/www.museepicassoparis.fr\/en\/\" aria-label=\"Mus\u00e9e National Picasso-Paris\"><strong data-ga-track=\"ExternalLink:https:\/\/www.museepicassoparis.fr\/en\/\">Mus\u00e9e National Picasso-Paris<\/strong><\/a><strong>,<\/strong> with more than 5000 works reflecting the arc of the artist\u2019s career, is one of the city\u2019s star cultural attractions. Housed in the <strong>H\u00f4tel Sal\u00e9<\/strong>, a 17th-century Baroque mansion located in the Marais, this magnificent structure, described by the museum as  a \u201cheritage space amplifying modern experiments,\u201d provides a dramatic physical counterpoint to Picasso\u2019s radicality. For Heritage Days, there will be tours of the<strong> <\/strong>Sal\u00e9, focusing on its rich architectural history; guided visits to the new <strong>Centre d\u2019\u00c9tudes Picasso<\/strong>, the research library and archives devoted to the artist at the nearby H\u00f4tel de Rohan, are also scheduled for the weekend.<\/p>\n<p>Yves Saint Laurent with models and muses Betty Catroux (left) and Loulou de la Falaise, outside his Rive Gauche store. (Photo by John Minihan\/Getty Images)<\/p>\n<p>Getty Images<\/p>\n<p class=\"p2\">The Mus\u00e9e Yves Saint Laurent Paris will be hosting  90-minute walking tours, <strong>Rive Gauche: Promenade dans le Paris d\u2019Yves Saint Laurent<\/strong>, that looks at how the designer\u2019s career evolved in the City of Light.<\/p>\n<p class=\"p2\">Starting in the sixth arrondissement, the tours, directed by guides from the museum, stop at 21 rue de Tournon in Saint-Germain-des-Pr\u00e9s, where YSL introduced his first store, Saint Laurent Rive Gauche sixty years ago (September 1966). It was an important debut for the fashion world, as the designer became the first couturier to open a ready-to-wear boutique.  The Left Bank location, near the Rue Bonaparte, an area noted noted for its youthful, artistic and intellectual vibe and another stop on the itinerary, was key in positioning the new YSL store as a modern alternative to Paris\u2019s established couture salons. The walk concludes at the Cour Carr\u00e9e of the Louvre, where YSL ready-to-wear fashion shows were held.<\/p>\n<p>Red silk and gray calfskin pumps designed by Roger Vivier for Christian Dior in the 1950s. (Photo by David Attie\/Conde Nast via Getty Images)<\/p>\n<p>Conde Nast via Getty Images<\/p>\n<p class=\"p2\">To mark the special weekend,<strong> <\/strong><a href=\"https:\/\/www.3oud.com\/en\/posts\/roger-vivier-welcomes-the-public-inside-la-maison-vivier-for-the-first-time-during-european-heritage-days\" target=\"_blank\" rel=\"nofollow noopener noreferrer\" data-ga-track=\"ExternalLink:https:\/\/www.3oud.com\/en\/posts\/roger-vivier-welcomes-the-public-inside-la-maison-vivier-for-the-first-time-during-european-heritage-days\" aria-label=\"La Maison Vivier,\"><strong data-ga-track=\"ExternalLink:https:\/\/www.3oud.com\/en\/posts\/roger-vivier-welcomes-the-public-inside-la-maison-vivier-for-the-first-time-during-european-heritage-days\">La Maison Vivier<\/strong>,<\/a> the Paris headquarters for the influential French designer Roger Vivier,  famous for<strong> <\/strong>popularizing the stiletto heel and buckled pump, will be open to the public for the first time. Among the exhibit highlights will be several immersive, themed rooms, like the Salon de l\u2019H\u00e9ritage, curated by French style guru, In\u00e8s de La Fressange, highlighting the atelier\u2019s history. The Salon Vivier will explore Vivier\u2019s interior design aesthetic, and the Salle des Archives will feature over 1000 archival pieces including many historic shoes. Over his long career, Vivier\u2019s shoes were worn by numerous luminaries, like Catherine Deneuve, Audrey Hepburn and Queen Elizabeth.<\/p>\n<p>Champagne<\/p>\n<p>Champagne vineyards.<\/p>\n<p>getty<\/p>\n<p class=\"p2\">The<strong> Champagne region<\/strong>, as little as a 45-50 minute high-speed train ride from Paris, has planned lots of happenings for Heritage weekend, among them guided tours, visits to chalk cellars, and tastings at the maisons of major producers, like G. H. Mumm, Vranken-Pommery, Taittinger and G.H. Martel. There will be special openings and guided visits to major Reims landmarks, including <strong>Notre-Dame Cathedra<\/strong>l, the <strong>Palais du Tau<\/strong>, an important site for the French monarchy, the <strong>Basilica of Saint-Remi <\/strong>and <strong>City Hall<\/strong>.<\/p>\n<p class=\"p2\">Collectors of wine memorabilia and design-minded Champagne lovers should head to nearby<strong> \u00c9pernay <\/strong>and visit the producer, Champagne de Castellane, which is hosting Heritage tours. The visit will include a stop at the Salle des \u00c9tiquettes et Collerettes, a space that contains an archive of some 10,000 historic labels and collerettes (neck collars), that trace the brand\u2019s design evolution from the late 19th century. Another stop is at the estate\u2019s historic Tour de Castellane, a 66-meter tower, affording sweeping views<strong> <\/strong>of the  Champagne countryside.<\/p>\n<p>Gamais, Yvelines<\/p>\n<p>Many historic ch\u00e2teaux throughout France will be open on Heritage Days, as they are at other times of the year. One providing special access on September 20 is the <a class=\"color-link\" href=\"https:\/\/www.chateau-neuville.com\/\" target=\"_blank\" rel=\"nofollow noopener noreferrer\" data-ga-track=\"ExternalLink:https:\/\/www.chateau-neuville.com\/\" aria-label=\"Ch\u00e2teau de Neuville\"><strong data-ga-track=\"ExternalLink:https:\/\/www.chateau-neuville.com\/\">Ch\u00e2teau de Neuville<\/strong><\/a><strong>\u2014<\/strong>a little more than an hour\u2019s drive west of Paris. This estate, built in late Renaissance style, will offer guided tours led by members of the chateau-owners\u2019 family, whose connections to the property date to the 18th century.<\/p>\n<p>LYON <\/p>\n<p>Lyon has long been known for its silk production.<\/p>\n<p>getty<\/p>\n<p class=\"p6\">Lyon was once Europe\u2019s capital of silk production, supplying the luxury fabrics that helped shape fashion taste at the continent\u2019s royal courts. To pay homage to Lyon\u2019s soierie history during Heritage Days, <strong>De Baecque &amp; Associ\u00e9s auction house<\/strong> will host an exhibition <strong>s<\/strong>howcasing five centuries (16th to 20th centuries) of antique textiles from some of Lyon\u2019s major producers, like Pernon and Tassinari &amp; Chatel;  historic costumes; and sample albums. Tours of the auction house will be available.  On September 21, there will be an auction for the exhibition\u2019s textiles.<\/p>\n<p>AVIGNON<\/p>\n<p>The Palais des Papes.<\/p>\n<p>getty<\/p>\n<p class=\"p6\">This Provencal city offers an abundance of cultural riches and one of France\u2019s most memorable food markets,<strong> <\/strong>Les Halles d\u2019Avignon.<strong> <\/strong>For Heritage Days, five of the city\u2019s museums, including the <strong>Mus\u00e9e Calvet,<\/strong> with a collection of centuries-spanning European paintings, among them works by C\u00e9zanne, Modigliani and Utrillo, and the <strong>Mus\u00e9e du Petit Palais, <\/strong>which does a deep dive into medieval and early Renaissance art, will be free of charge.<\/p>\n<p class=\"p6\">The <strong>Hotel de Forbin de la Barben<\/strong>, a private mansion designed by one of Provence\u2019s most celebrated architects, Jean-Baptiste Franque, will open for Heritage Days. Check out the 18th-century salons and medieval painted ceilings.<\/p>\n<p class=\"p6\">But the star attraction in Avignon is the UNESCO Heritage Site, the<strong> <\/strong><a class=\"color-link\" href=\"https:\/\/whc.unesco.org\/en\/list\/228\/\" target=\"_blank\" rel=\"nofollow noopener noreferrer\" data-ga-track=\"ExternalLink:https:\/\/whc.unesco.org\/en\/list\/228\/\" aria-label=\"Palais des Papes\"><strong data-ga-track=\"ExternalLink:https:\/\/whc.unesco.org\/en\/list\/228\/\">Palais des Papes<\/strong><\/a><strong> (Pope\u2019s Palace), <\/strong>one of Western civilization\u2019s most important landmarks, which served as the seat of Catholicism in the 14th century. While at the Palais, take in contemporary artist Lee Ufan\u2019s exhibit titled Relatum, which runs through mid-November.<\/p>\n<p>NANCY<\/p>\n<p>Art Nouveau architectural detail in Nancy. (Photo by Jean-Erick PASQUIER\/Gamma-Rapho via Getty Images)<\/p>\n<p>Gamma-Rapho via Getty Images<\/p>\n<p class=\"p7\"><strong>Nancy <\/strong>will provide experiences that are sure to appeal to design enthusiasts and art historians. Guided walks will highlight how the city fostered the rise of the \u00c9cole de Nancy, the movement spearheaded by a cohort of artists, architects, decorators, and industrialists, who helped develop and define French Art Nouveau style in the early 20th century. Various itineraries will focus on key representations of the style, including <strong>Brasserie Excelsior<\/strong>, noted for its Art Nouveau interior; the recently restored <strong>Villa Majorelle<\/strong>, once the home of the influential furniture maker and decorator <strong>Louis<\/strong> <strong>Majorelle<\/strong>; and the houses of the <strong>Saurupt<\/strong> district, known for their Art Nouveau and Art Deco architecture. In addition to the Art Nouveau highlights, there will be opportunities to visit the modernist 1954 home of <strong>Jean Prouv\u00e9,<\/strong> the influential architect-designer, and the <strong>Biblioth\u00e8que Stanislas<\/strong>, whose collections include rare medieval manuscripts.<\/p>\n","protected":false},"excerpt":{"rendered":"The French flag under the vault of the Arc de Triomphe in Paris. getty Paris is always a&hellip;\n","protected":false},"author":2,"featured_media":1179050,"comment_status":"","ping_status":"","sticky":false,"template":"","format":"standard","meta":{"footnotes":"","_share_on_mastodon":"0"},"categories":[5309],"tags":[44456,2000,299,36,319616,1411,319617],"class_list":["post-1179049","post","type-post","status-publish","format-standard","has-post-thumbnail","category-france","tag-elysee-palace","tag-eu","tag-europe","tag-france","tag-heritage-days","tag-paris","tag-rive-gauche"],"share_on_mastodon":{"url":"https:\/\/pubeurope.com\/@uk\/117190550193917981","error":""},"_links":{"self":[{"href":"https:\/\/www.europesays.com\/uk\/wp-json\/wp\/v2\/posts\/1179049","targetHints":{"allow":["GET"]}}],"collection":[{"href":"https:\/\/www.europesays.com\/uk\/wp-json\/wp\/v2\/posts"}],"about":[{"href":"https:\/\/www.europesays.com\/uk\/wp-json\/wp\/v2\/types\/post"}],"author":[{"embeddable":true,"href":"https:\/\/www.europesays.com\/uk\/wp-json\/wp\/v2\/users\/2"}],"replies":[{"embeddable":true,"href":"https:\/\/www.europesays.com\/uk\/wp-json\/wp\/v2\/comments?post=1179049"}],"version-history":[{"count":0,"href":"https:\/\/www.europesays.com\/uk\/wp-json\/wp\/v2\/posts\/1179049\/revisions"}],"wp:featuredmedia":[{"embeddable":true,"href":"https:\/\/www.europesays.com\/uk\/wp-json\/wp\/v2\/media\/1179050"}],"wp:attachment":[{"href":"https:\/\/www.europesays.com\/uk\/wp-json\/wp\/v2\/media?parent=1179049"}],"wp:term":[{"taxonomy":"category","embeddable":true,"href":"https:\/\/www.europesays.com\/uk\/wp-json\/wp\/v2\/categories?post=1179049"},{"taxonomy":"post_tag","embeddable":true,"href":"https:\/\/www.europesays.com\/uk\/wp-json\/wp\/v2\/tags?post=1179049"}],"curies":[{"name":"wp","href":"https:\/\/api.w.org\/{rel}","templated":true}]}}