{"id":1181649,"date":"2026-09-02T02:19:18","date_gmt":"2026-09-02T02:19:18","guid":{"rendered":"https:\/\/www.europesays.com\/uk\/1181649\/"},"modified":"2026-09-02T02:19:18","modified_gmt":"2026-09-02T02:19:18","slug":"new-alopecia-drug-approved-in-the-eu","status":"publish","type":"post","link":"https:\/\/www.europesays.com\/uk\/1181649\/","title":{"rendered":"New alopecia drug approved in the EU"},"content":{"rendered":"<p data-start=\"0\" data-end=\"530\">You can only appreciate just how powerful a source of confidence hair can be when it begins to <a class=\"decorated-link\" href=\"https:\/\/vogueadria.com\/autumn-hair-loss-hair-anchoring-serum\/\" target=\"_blank\" rel=\"noopener nofollow\" data-start=\"95\" data-end=\"189\">fall out excessively<\/a>. But sudden hair loss is not merely an aesthetic concern. This change is often a sign of much deeper problems within the body. Still, there is excellent news for people with alopecia. By approving a new systemic drug for alopecia, the European Commission has officially broken new ground, while its ease of use will bring particular relief.<\/p>\n<p data-start=\"532\" data-end=\"851\">As reported by Dermatology Times, the European Commission has approved upadacitinib (known under the brand name Rinvoq) in 15 mg and 30 mg doses for daily oral use. It is an oral JAK inhibitor, a smart molecule that specifically targets the immune pathways responsible for the body attacking its own hair follicles.<\/p>\n<p><a href=\"https:\/\/vogueadria.com\/how-to-stimulate-hair-growth\/\" target=\"_blank\" rel=\"noopener nofollow\"><strong>Related:<\/strong> How to stimulate hair growth like a dermatologist, and the most common mistakes to avoid<\/a><\/p>\n<p>Who is the new alopecia treatment for?<\/p>\n<p data-start=\"1081\" data-end=\"1501\">The treatment has been approved for adults and adolescents over the age of 12 who suffer from severe alopecia areata. This condition causes sudden, extensive and, in many cases, complete hair loss, including the loss of eyebrows and eyelashes. The approval offers new hope to patients with severe forms of the condition for whom conventional topical therapies, such as creams or shampoos, have failed to deliver results.<\/p>\n<p><a href=\"https:\/\/vogueadria.com\/autumn-hair-loss-hair-anchoring-serum\/\" target=\"_blank\" rel=\"noopener nofollow\"><strong>Related:<\/strong> This autumn, swap your growth serum for one that anchors hair at the root<\/a><\/p>\n<p><img aria-describedby=\"caption-attachment-727227\" loading=\"lazy\" decoding=\"async\" class=\"wp-image-727227\" src=\"https:\/\/www.europesays.com\/uk\/wp-content\/uploads\/2026\/09\/elasticnost-kose-kosa-koja-lako-puca-1-212x300.jpg\" alt=\"\u017eena s crnom kosom ra\u0161\u010de\u0161ljava masku u mokru kosu s tankim bijelim \u010de\u0161ljem\" width=\"820\" height=\"1160\"  \/><\/p>\n<p id=\"caption-attachment-727227\" class=\"wp-caption-text\">Photo: Getty Images<\/p>\n<p>What was the drug\u2019s approval based on?<\/p>\n<p data-start=\"2005\" data-end=\"2126\">The European Commission\u2019s decision is based on the extensive global Phase 3 UP-AA program, which included 1,399 patients:<\/p>\n<ul data-start=\"2128\" data-end=\"2901\">\n<li data-section-id=\"woccs4\" data-start=\"2128\" data-end=\"2302\"><strong data-start=\"2130\" data-end=\"2172\">Fast, visible results within 24 weeks:<\/strong> After just 24 weeks of treatment, a significant number of patients achieved the primary goal of at least 80% scalp hair coverage.<\/li>\n<li data-section-id=\"ijxhkd\" data-start=\"2303\" data-end=\"2551\"><strong data-start=\"2305\" data-end=\"2344\">Complete regrowth in some patients:<\/strong> Upadacitinib stood out as one of the few treatments to produce complete scalp hair regrowth by week 24, in around 14% of patients receiving the lower dose and up to 23% of those receiving the higher dose.<\/li>\n<li data-section-id=\"tg6ipo\" data-start=\"2552\" data-end=\"2697\"><strong data-start=\"2554\" data-end=\"2588\">Long-term progress (52 weeks):<\/strong> With continued treatment for up to 52 weeks, the rate of complete hair regrowth rose to between 27% and 37%.<\/li>\n<li data-section-id=\"1eiad19\" data-start=\"2698\" data-end=\"2901\"><strong data-start=\"2700\" data-end=\"2732\">Eyebrow and eyelash density:<\/strong> An exceptionally important aesthetic and psychological aspect of this treatment is that the study also confirmed statistically significant eyebrow and eyelash regrowth.<\/li>\n<\/ul>\n<p data-start=\"2903\" data-end=\"3114\"><a class=\"decorated-link\" href=\"https:\/\/vogueadria.com\/minoxidil-for-hair-growth\/\" target=\"_blank\" rel=\"noopener nofollow\" data-start=\"2903\" data-end=\"2971\"><strong data-start=\"2904\" data-end=\"2918\">Related: <\/strong>Why everyone\u2019s turning to minoxidil for hair growth<\/a><\/p>\n<p>Tolerability of the new alopecia treatment<\/p>\n<p data-start=\"3163\" data-end=\"3477\" data-is-last-node=\"\" data-is-only-node=\"\">As with any systemic therapy that modulates the immune system, clinical trials also monitored the treatment\u2019s safety. Most reported side effects were mild to moderate, most commonly acne and mild upper respiratory tract infections, while the rate of treatment discontinuation due to side effects was extremely low.<\/p>\n","protected":false},"excerpt":{"rendered":"You can only appreciate just how powerful a source of confidence hair can be when it begins to&hellip;\n","protected":false},"author":2,"featured_media":1181650,"comment_status":"","ping_status":"","sticky":false,"template":"","format":"standard","meta":{"footnotes":"","_share_on_mastodon":"0"},"categories":[4315],"tags":[105,4326,16,15],"class_list":["post-1181649","post","type-post","status-publish","format-standard","has-post-thumbnail","category-medication","tag-health","tag-medication","tag-uk","tag-united-kingdom"],"share_on_mastodon":{"url":"https:\/\/pubeurope.com\/@uk\/117199057067425724","error":""},"_links":{"self":[{"href":"https:\/\/www.europesays.com\/uk\/wp-json\/wp\/v2\/posts\/1181649","targetHints":{"allow":["GET"]}}],"collection":[{"href":"https:\/\/www.europesays.com\/uk\/wp-json\/wp\/v2\/posts"}],"about":[{"href":"https:\/\/www.europesays.com\/uk\/wp-json\/wp\/v2\/types\/post"}],"author":[{"embeddable":true,"href":"https:\/\/www.europesays.com\/uk\/wp-json\/wp\/v2\/users\/2"}],"replies":[{"embeddable":true,"href":"https:\/\/www.europesays.com\/uk\/wp-json\/wp\/v2\/comments?post=1181649"}],"version-history":[{"count":0,"href":"https:\/\/www.europesays.com\/uk\/wp-json\/wp\/v2\/posts\/1181649\/revisions"}],"wp:featuredmedia":[{"embeddable":true,"href":"https:\/\/www.europesays.com\/uk\/wp-json\/wp\/v2\/media\/1181650"}],"wp:attachment":[{"href":"https:\/\/www.europesays.com\/uk\/wp-json\/wp\/v2\/media?parent=1181649"}],"wp:term":[{"taxonomy":"category","embeddable":true,"href":"https:\/\/www.europesays.com\/uk\/wp-json\/wp\/v2\/categories?post=1181649"},{"taxonomy":"post_tag","embeddable":true,"href":"https:\/\/www.europesays.com\/uk\/wp-json\/wp\/v2\/tags?post=1181649"}],"curies":[{"name":"wp","href":"https:\/\/api.w.org\/{rel}","templated":true}]}}