{"id":1184686,"date":"2026-09-03T19:50:33","date_gmt":"2026-09-03T19:50:33","guid":{"rendered":"https:\/\/www.europesays.com\/uk\/1184686\/"},"modified":"2026-09-03T19:50:33","modified_gmt":"2026-09-03T19:50:33","slug":"uk-lawmaker-claims-open-season-to-discriminate-against-christians","status":"publish","type":"post","link":"https:\/\/www.europesays.com\/uk\/1184686\/","title":{"rendered":"UK lawmaker claims &#8216;open season&#8217; to discriminate against Christians"},"content":{"rendered":"\n<p>NEWYou can now listen to Fox News articles!\n  <\/p>\n<p data-layout-index=\"5\" class=\"speakable\">A British lawmaker is sounding the alarm over what he calls &#8220;two-tier justice&#8221; against Christians in the <a data-omtr-intcmp=\"fnc_media_article_main-content_article-body_6_9394437\" href=\"https:\/\/www.foxnews.com\/category\/world\/world-regions\/united-kingdom\" target=\"_blank\" rel=\"noopener noreferrer nofollow\">United Kingdom<\/a>, telling Fox News Digital it is now &#8220;open season&#8221; to discriminate against believers while accusing authorities of allowing extremist Islamist preachers to operate as Christian pastors face harassment and arrest.<\/p>\n<p data-layout-index=\"5\" class=\"speakable\">Lord Jackson of Peterborough, vice chair of a parliamentary group focused on religious freedom, made the charge while discussing Finnish parliamentarian P\u00e4ivi R\u00e4s\u00e4nen, a Christian politician whose statements about marriage and sexuality have put her at the center of a years-long European battle over religious expression and free speech.<\/p>\n<p data-layout-index=\"5\">&#8220;It does say a lot about the concerns that many of us have about attacks on Christians, and two-tier justice as between Christians and other faiths, and the fact that Christians, are, it&#8217;s open season to <a data-omtr-intcmp=\"fnc_media_article_main-content_article-body_6_9394438\" href=\"https:\/\/www.foxnews.com\/category\/world\/religion\/persecutions\" target=\"_blank\" rel=\"noopener noreferrer nofollow\">discriminate against Christians<\/a> in the United Kingdom now, and that&#8217;s a very regrettable position,&#8221; Jackson told <a data-omtr-intcmp=\"fnc_media_article_main-content_article-body_6_9394439\" href=\"https:\/\/www.foxnews.com\/media\" target=\"_blank\" rel=\"noopener nofollow\">Fox News Digital<\/a> in an interview.<\/p>\n<p data-layout-index=\"5\"><a data-omtr-intcmp=\"fnc_media_article_main-content_article-body_6_9394440\" href=\"https:\/\/www.foxnews.com\/media\/christian-school-chaplain-wins-settlement-after-firing-over-lgbtq-sermon\" target=\"_blank\" rel=\"noopener noreferrer nofollow\"><strong>CHRISTIAN SCHOOL CHAPLAIN WINS SETTLEMENT AFTER FIRING OVER LGBTQ SERMON<\/strong><\/a><\/p>\n<p> <img loading=\"lazy\" decoding=\"async\" src=\"https:\/\/www.europesays.com\/uk\/wp-content\/uploads\/2026\/09\/Finnish-Christian-lawmaker-Paivi-Rasanen.jpg\" alt=\"Finnish-Christian-lawmaker-Pa\u0308ivi-Ra\u0308sa\u0308nen\" width=\"1200\" height=\"675\"\/> <\/p>\n<p>Finnish Christian lawmaker Pa\u0308ivi Ra\u0308sa\u0308nen. (Alliance Defending Freedom)<\/p>\n<p data-layout-index=\"5\">R\u00e4s\u00e4nen said British authorities canceled her electronic travel authorization, or ETA, in July before she applied for a visa, following her <a data-omtr-intcmp=\"fnc_media_article_main-content_article-body_6_9394441\" href=\"https:\/\/www.foxnews.com\/media\/finnish-lawmaker-appeals-hate-speech-conviction-decades-old-pamphlet-homosexuality\" rel=\"nofollow noopener\" target=\"_blank\">recent &#8220;hate speech&#8221; conviction<\/a> over passages in a church booklet discussing homosexuality, raising fresh concerns among religious freedom advocates about the consequences of the ruling.<\/p>\n<p data-layout-index=\"5\">According to <a data-omtr-intcmp=\"fnc_media_article_main-content_article-body_6_9394442\" href=\"https:\/\/www.foxnews.com\/media\/christian-lawmaker-uk-barred-entering-country-finland-hate-speech-conviction\" rel=\"nofollow noopener\" target=\"_blank\">ADF International<\/a>, which has been representing R\u00e4s\u00e4nen in litigation, R\u00e4s\u00e4nen was granted a U.K. visa on Aug. 21, but not in time for her to speak in person about free speech at an event in Northern Ireland.<\/p>\n<p data-layout-index=\"5\">&#8220;R\u00e4s\u00e4nen was still blocked from speaking in person about free speech at an event in Northern Ireland yesterday, since she was granted her visa too late to attend,&#8221; Alliance Defending Freedom International said in an Aug. 22 <a data-omtr-intcmp=\"fnc_media_article_main-content_article-body_6_9394443\" href=\"https:\/\/x.com\/ADFIntl\/status\/2091181281023303937\" target=\"_blank\" rel=\"noopener noreferrer nofollow\">X post<\/a>. &#8220;R\u00e4s\u00e4nen was informed at 6.45pm last night that her visa application had been successful, and at 7.30pm she spoke remotely at the event, where she mentioned she was blocked from attending in person due to her ETA being cancelled in July.&#8221;<\/p>\n<p data-layout-index=\"5\"><a data-omtr-intcmp=\"fnc_media_article_main-content_article-body_6_9394444\" href=\"https:\/\/www.foxnews.com\/opinion\/bible-verse-leads-trial-europe-growing-crackdown-threatens-our-us-uk-values\" target=\"_blank\" rel=\"noopener noreferrer nofollow\"><strong>BIBLE VERSE LEADS TO TRIAL IN EUROPE. GROWING CRACKDOWN THREATENS OUR US-UK VALUES<\/strong><\/a><\/p>\n<p> <img loading=\"lazy\" decoding=\"async\" src=\"https:\/\/www.europesays.com\/uk\/wp-content\/uploads\/2026\/09\/250501_tp1_7359.jpg\" alt=\"Cissie Graham Lynch and P\u00e4ivi R\u00e4s\u00e4nen in conversation at BGEA event\" width=\"1200\" height=\"675\"\/> <\/p>\n<p>Cissie Graham Lynch talks with Finnish parliamentarian P\u00e4ivi R\u00e4s\u00e4nen during the BGEA European Congress on Evangelism in Berlin, Germany, in May 2025. (Courtesy: Billy Graham Evangelistic Association)<\/p>\n<p data-layout-index=\"5\">&#8220;We do not have the same <a data-omtr-intcmp=\"fnc_media_article_main-content_article-body_6_9394445\" href=\"https:\/\/www.foxnews.com\/category\/us\/personal-freedoms\" target=\"_blank\" rel=\"noopener noreferrer nofollow\">free speech protections<\/a> that are available to citizens of the United States,&#8221; Jackson said. &#8220;And in this case, this particular lady expressed views, traditional views based on Scripture of her belief in a relationship in the eyes of God between a man and a woman, a relationship, that marriage between a man and a woman is central to societal stability, and that she was speaking what she had read in the Bible, and the fact was that activists have used her words and her sincere faith-based beliefs to attack her and to use lawfare to ensure that she is stigmatized and criminalized.&#8221;<\/p>\n<p data-layout-index=\"5\">Jackson, who has served in the House of Lords, the upper house of the Parliament of the United Kingdom, since November 2022, said he believes Muslims in the country are treated differently than Christians.<\/p>\n<p data-layout-index=\"5\">&#8220;Extreme Islamist preachers being allowed to preach in parts of the United Kingdom whilst at the same time Christian pastors are being harassed and arrested on the street, that cannot stand, that&#8217;s completely unacceptable,&#8221; Jackson claimed.<\/p>\n<p data-layout-index=\"5\">The British lawmaker said some of his peers are working to change direction and have <a data-omtr-intcmp=\"fnc_media_article_main-content_article-body_6_9394446\" href=\"https:\/\/www.foxnews.com\/world\/uk-free-fall-free-speech-expert-warns-british-mp-brands-trump-admin-grant-maga-money-meddling\" target=\"_blank\" rel=\"noopener noreferrer nofollow\">greater protections of free speech<\/a>.<\/p>\n<p data-layout-index=\"5\"><a data-omtr-intcmp=\"fnc_media_article_main-content_article-body_6_9394447\" href=\"https:\/\/www.foxnews.com\/media\/uk-pastor-says-he-arrested-preaching-gospel-speaking-out-against-islam\" target=\"_blank\" rel=\"noopener noreferrer nofollow\"><strong>UK PASTOR SAYS HE WAS ARRESTED FOR PREACHING THE GOSPEL, SPEAKING OUT AGAINST ISLAM<\/strong><\/a><\/p>\n<p> <img loading=\"lazy\" decoding=\"async\" src=\"https:\/\/www.europesays.com\/uk\/wp-content\/uploads\/2026\/09\/union-jack-uk-parliament.jpg\" alt=\"UK Parliament in London, England.\" width=\"1200\" height=\"675\"\/> <\/p>\n<p>A British flag flies from a souvenir stall near Parliament in London, on Oct. 27, 2025. (Jason Alden\/Bloomberg via Getty Images)<\/p>\n<p data-layout-index=\"5\">&#8220;We&#8217;re fighting back in parliament and outside parliament,&#8221; Jackson said. &#8220;We&#8217;re working with various advocacy groups such as Christian Concern, the Christian Institute and others, and we&#8217;re giving legal support to those people who are under attack. Women who, for instance, don&#8217;t want to undress in a changing room with transgender women, i.e. men, women who are proud to wear a crucifix or a cross at work, and they are found to be committing a so-called microaggression.&#8221;<\/p>\n<p data-layout-index=\"5\"><a href=\"https:\/\/foxnews.onelink.me\/xLDS?pid=AppArticleLink&amp;af_dp=foxnewsaf%3A%2F%2F&amp;af_web_dp=https%3A%2F%2Fwww.foxnews.com%2Fapps-products\" target=\"_blank\" rel=\"noopener noreferrer nofollow\"><strong>CLICK HERE TO DOWNLOAD THE FOX NEWS APP<\/strong><\/a><\/p>\n<p> <img loading=\"lazy\" decoding=\"async\" src=\"https:\/\/www.europesays.com\/uk\/wp-content\/uploads\/2026\/09\/London-Muslims-mosque-praying.jpg\" alt=\"London-Muslims-mosque-praying\" width=\"1200\" height=\"675\"\/> <\/p>\n<p>Muslims take part in Friday prayers at the London Islamic Cultural Society and Mosque in Haringey, north London. (Jonathan Brady\/PA Images via Getty Images)<\/p>\n<p data-layout-index=\"5\">Fox News Digital reached out to the U.K. Home Office for comment.<\/p>\n<p>Rachel del Guidice is a culture reporter for Fox News covering the intersection of politics, faith, family, and American culture.<\/p>\n","protected":false},"excerpt":{"rendered":"NEWYou can now listen to Fox News articles! A British lawmaker is sounding the alarm over what he&hellip;\n","protected":false},"author":2,"featured_media":1184687,"comment_status":"","ping_status":"","sticky":false,"template":"","format":"standard","meta":{"footnotes":"","_share_on_mastodon":"0"},"categories":[3,4],"tags":[748,15350,129384,86179,393,321049,321050,139011,4884,4582,1144,8547,712,16,15,1764],"class_list":["post-1184686","post","type-post","status-publish","format-standard","has-post-thumbnail","category-uk","category-united-kingdom","tag-britain","tag-christianity","tag-christianity-religion","tag-controversies","tag-england","tag-faith-values","tag-first-amendment-religion-us","tag-fox-news-media","tag-great-britain","tag-human-rights","tag-northern-ireland","tag-religion","tag-scotland","tag-uk","tag-united-kingdom","tag-wales"],"share_on_mastodon":{"url":"https:\/\/pubeurope.com\/@uk\/117208853443963633","error":""},"_links":{"self":[{"href":"https:\/\/www.europesays.com\/uk\/wp-json\/wp\/v2\/posts\/1184686","targetHints":{"allow":["GET"]}}],"collection":[{"href":"https:\/\/www.europesays.com\/uk\/wp-json\/wp\/v2\/posts"}],"about":[{"href":"https:\/\/www.europesays.com\/uk\/wp-json\/wp\/v2\/types\/post"}],"author":[{"embeddable":true,"href":"https:\/\/www.europesays.com\/uk\/wp-json\/wp\/v2\/users\/2"}],"replies":[{"embeddable":true,"href":"https:\/\/www.europesays.com\/uk\/wp-json\/wp\/v2\/comments?post=1184686"}],"version-history":[{"count":0,"href":"https:\/\/www.europesays.com\/uk\/wp-json\/wp\/v2\/posts\/1184686\/revisions"}],"wp:featuredmedia":[{"embeddable":true,"href":"https:\/\/www.europesays.com\/uk\/wp-json\/wp\/v2\/media\/1184687"}],"wp:attachment":[{"href":"https:\/\/www.europesays.com\/uk\/wp-json\/wp\/v2\/media?parent=1184686"}],"wp:term":[{"taxonomy":"category","embeddable":true,"href":"https:\/\/www.europesays.com\/uk\/wp-json\/wp\/v2\/categories?post=1184686"},{"taxonomy":"post_tag","embeddable":true,"href":"https:\/\/www.europesays.com\/uk\/wp-json\/wp\/v2\/tags?post=1184686"}],"curies":[{"name":"wp","href":"https:\/\/api.w.org\/{rel}","templated":true}]}}