{"id":120501,"date":"2025-05-21T18:44:08","date_gmt":"2025-05-21T18:44:08","guid":{"rendered":"https:\/\/www.europesays.com\/uk\/120501\/"},"modified":"2025-05-21T18:44:08","modified_gmt":"2025-05-21T18:44:08","slug":"le-pokemon-go-fest-aura-lieu-a-paris-pour-la-premiere-fois-en-juin","status":"publish","type":"post","link":"https:\/\/www.europesays.com\/uk\/120501\/","title":{"rendered":"Le Pok\u00e9mon GO Fest aura lieu \u00e0 Paris pour la premi\u00e8re fois en juin"},"content":{"rendered":"<p>Vous arrivez \u00e0 y croire, vous, que le jeu <strong><a href=\"https:\/\/www.lebonbon.fr\/paris\/loisirs\/premiere-boutique-permanente-pokemon-ouvert-portes-paris\/\" target=\"_blank\" rel=\"noopener\">Pok\u00e9mon Go<\/a> <\/strong>c\u00e9l\u00e8bre d\u00e9j\u00e0 ses neuf ans en 2025\u00a0? Et figurez-vous que m\u00eame si on en entend moins souvent parler, il n\u2019a perdu <strong>ni sa splendeur ni ses joueurs<\/strong>\u00a0! \u00c7a tombe bien pour les Fran\u00e7ais\u00b7e\u00b7s qui en sont adeptes\u00a0: <strong>du 13 au 15 juin prochain<\/strong>, le c\u00e9l\u00e8bre <a href=\"https:\/\/pokemongo.com\/fr\/gofest\/paris\/tickets\" rel=\"nofollow noopener noreferrer\" target=\"_blank\">Pok\u00e9mon GO Fest<\/a> posera ses valises \u00e0 Paris pour la toute premi\u00e8re fois. Rendez-vous donc au <strong>Parc de Sceaux <\/strong>\u00e0 deux pas de la capitale, pour profiter d\u2019une <strong>fabuleuse \u00e9dition 2025<\/strong> de ce festival tant attendu par les joueurs.\u00a0\u00a0<\/p>\n<p>&#13;<\/p>\n<blockquote class=\"instagram-media\" data-instgrm-permalink=\"https:\/\/www.instagram.com\/p\/DJ5J3XhMRIu\/?utm_source=ig_embed&amp;utm_campaign=loading\" data-instgrm-version=\"14\" style=\"background: #FFF; border: 0; border-radius: 3px; box-shadow: 0 0 1px 0 rgba(0,0,0,0.5),0 1px 10px 0 rgba(0,0,0,0.15); margin: 1px; max-width: 540px; min-width: 326px; padding: 0; width: calc(100% - 2px);\"><p>&#13;<br \/>\n&#13;\n<\/p><\/blockquote>\n<p>&#13;<br \/>\n&#13;<br \/>\n<br \/><strong>Animations, avant-premi\u00e8res&#8230; Trois jours riches en surprises<\/strong>\u00a0&#13;<\/p>\n<p>Pr\u00e9parez-vous \u00e0 vivre<strong> l\u2019immersion la plus totale<\/strong> dans votre jeu pr\u00e9f\u00e9r\u00e9\u00a0! Durant ces trois journ\u00e9es, l\u2019espace sera d\u00e9cor\u00e9 par <strong>des statues et mascottes<\/strong> \u00e0 l\u2019effigie du <a href=\"https:\/\/www.lebonbon.fr\/paris\/pop-culture\/carte-pokemon-vendue-300-000-dollars-encheres\/\" target=\"_blank\" rel=\"noopener\">jeu japonais<\/a>. Et bien s\u00fbr, des cr\u00e9atures seront \u00e0 capturer selon votre position dans le parc. Ce n\u2019est pas tout\u00a0! Qui dit <strong>Pok\u00e9mon GO Fest<\/strong>, dit challenges \u00e0 relever. Vous pourrez notamment r\u00e9aliser des missions afin de, peut-\u00eatre, parvenir \u00e0 attraper un Pok\u00e9mon aussi rare qu\u2019\u00e9poustouflant\u00a0: <strong>Volcanion<\/strong>, le seul qui combine les types Feu et Eau.\u00a0<\/p>\n<p>&#13;<\/p>\n<blockquote class=\"instagram-media\" data-instgrm-permalink=\"https:\/\/www.instagram.com\/p\/DJmRcyMJsX0\/?utm_source=ig_embed&amp;utm_campaign=loading\" data-instgrm-version=\"14\" style=\"background: #FFF; border: 0; border-radius: 3px; box-shadow: 0 0 1px 0 rgba(0,0,0,0.5),0 1px 10px 0 rgba(0,0,0,0.15); margin: 1px; max-width: 540px; min-width: 326px; padding: 0; width: calc(100% - 2px);\"><p>&#13;<br \/>\n&#13;\n<\/p><\/blockquote>\n<p>&#13;<br \/>\n&#13;<br \/>\n<br \/><strong>Une cote de popularit\u00e9 toujours tr\u00e8s \u00e9lev\u00e9e pour ce jeu<\/strong>&#13;<\/p>\n<p>Si en 2016, la communaut\u00e9 comptait environ 232 millions de joueurs, en 2023, <strong>80 millions de <a href=\"https:\/\/www.lebonbon.fr\/paris\/news\/paris-je-taime-pokemon-go-special-jo-applis\/\" target=\"_blank\" rel=\"noopener\">joueurs actifs<\/a><\/strong> mensuels \u00e9taient toujours comptabilis\u00e9s. <strong>En mai 2025<\/strong>, un regain d\u2019int\u00e9r\u00eat cons\u00e9quent a \u00e9t\u00e9 not\u00e9 puisque plus de <strong>127 millions de joueurs <\/strong>ont \u00e9t\u00e9 observ\u00e9s par <a href=\"https:\/\/activeplayer.io\/pokemon-go\/\" rel=\"nofollow noopener noreferrer\" target=\"_blank\">ActivePlayer<\/a>, preuve que Pok\u00e9mon Go continue de s\u00e9duire un public toujours plus large. Comment s\u2019explique ce succ\u00e8s\u00a0? Notamment par l\u2019ajout constant <strong>de nouveaut\u00e9s<\/strong> sur l\u2019application. Si vous pr\u00e9voyez de participer \u00e0 l&#8217;\u00e9v\u00e9nement, c&#8217;est le moment de r\u00e9server votre place, <strong>la billetterie<\/strong> est d&#8217;ores et d\u00e9j\u00e0 ouverte\u00a0!<\/p>\n<p>&#13;<\/p>\n<blockquote class=\"instagram-media\" data-instgrm-permalink=\"https:\/\/www.instagram.com\/p\/DJXW7eIOWN8\/?utm_source=ig_embed&amp;utm_campaign=loading\" data-instgrm-version=\"14\" style=\"background: #FFF; border: 0; border-radius: 3px; box-shadow: 0 0 1px 0 rgba(0,0,0,0.5),0 1px 10px 0 rgba(0,0,0,0.15); margin: 1px; max-width: 540px; min-width: 326px; padding: 0; width: calc(100% - 2px);\"><p>&#13;<br \/>\n&#13;\n<\/p><\/blockquote>\n<p>&#13;<br \/>\n&#13;<\/p>\n<p><strong>Pok\u00e9mon GO Fest<br \/>Parc de Sceaux<br \/>8, avenue Claude Perrault \u2014 92330, Sceaux<br \/>Du 13 au 15 juin 2025<br \/><a href=\"https:\/\/pokemongo.com\/fr\/gofest\/paris\/features#in-city\" target=\"_blank\" rel=\"noopener\">Plus d\u2019infos et billetterie<\/a><\/strong><\/p>\n<p><script async src=\"\/\/www.instagram.com\/embed.js\"><\/script><\/p>\n","protected":false},"excerpt":{"rendered":"Vous arrivez \u00e0 y croire, vous, que le jeu Pok\u00e9mon Go c\u00e9l\u00e8bre d\u00e9j\u00e0 ses neuf ans en 2025\u00a0?&hellip;\n","protected":false},"author":2,"featured_media":120502,"comment_status":"","ping_status":"","sticky":false,"template":"","format":"standard","meta":{"footnotes":""},"categories":[3162],"tags":[53,16,15,3243,3244],"class_list":{"0":"post-120501","1":"post","2":"type-post","3":"status-publish","4":"format-standard","5":"has-post-thumbnail","7":"category-virtual-reality","8":"tag-technology","9":"tag-uk","10":"tag-united-kingdom","11":"tag-virtual-reality","12":"tag-vr"},"share_on_mastodon":{"url":"https:\/\/pubeurope.com\/@uk\/114547304963117437","error":""},"_links":{"self":[{"href":"https:\/\/www.europesays.com\/uk\/wp-json\/wp\/v2\/posts\/120501","targetHints":{"allow":["GET"]}}],"collection":[{"href":"https:\/\/www.europesays.com\/uk\/wp-json\/wp\/v2\/posts"}],"about":[{"href":"https:\/\/www.europesays.com\/uk\/wp-json\/wp\/v2\/types\/post"}],"author":[{"embeddable":true,"href":"https:\/\/www.europesays.com\/uk\/wp-json\/wp\/v2\/users\/2"}],"replies":[{"embeddable":true,"href":"https:\/\/www.europesays.com\/uk\/wp-json\/wp\/v2\/comments?post=120501"}],"version-history":[{"count":0,"href":"https:\/\/www.europesays.com\/uk\/wp-json\/wp\/v2\/posts\/120501\/revisions"}],"wp:featuredmedia":[{"embeddable":true,"href":"https:\/\/www.europesays.com\/uk\/wp-json\/wp\/v2\/media\/120502"}],"wp:attachment":[{"href":"https:\/\/www.europesays.com\/uk\/wp-json\/wp\/v2\/media?parent=120501"}],"wp:term":[{"taxonomy":"category","embeddable":true,"href":"https:\/\/www.europesays.com\/uk\/wp-json\/wp\/v2\/categories?post=120501"},{"taxonomy":"post_tag","embeddable":true,"href":"https:\/\/www.europesays.com\/uk\/wp-json\/wp\/v2\/tags?post=120501"}],"curies":[{"name":"wp","href":"https:\/\/api.w.org\/{rel}","templated":true}]}}