{"id":122711,"date":"2025-05-22T14:12:16","date_gmt":"2025-05-22T14:12:16","guid":{"rendered":"https:\/\/www.europesays.com\/uk\/122711\/"},"modified":"2025-05-22T14:12:16","modified_gmt":"2025-05-22T14:12:16","slug":"from-root-to-roof-in-venice-archdaily-highlights-restorative-emerging-practices","status":"publish","type":"post","link":"https:\/\/www.europesays.com\/uk\/122711\/","title":{"rendered":"From Root to Roof: In Venice, ArchDaily Highlights Restorative Emerging Practices"},"content":{"rendered":"<p><a class=\"js-image-size__link \" href=\"https:\/\/www.archdaily.com\/1030386\/from-root-to-roof-in-venice-archdaily-highlights-restorative-emerging-practices\/682f0fc69f997801878392b0-from-root-to-roof-in-venice-archdaily-highlights-restorative-emerging-practices-photo\" rel=\"attachment noopener\" style=\"width: 100%; height: 100%;\" target=\"_blank\"><img decoding=\"async\" alt=\"From Root to Roof: In Venice, ArchDaily Highlights Restorative Emerging Practices - Image 1 of 22\" data-nr-picture-id=\"682f0fc69f997801878392b0\" fetchpriority=\"high\" height=\"580\" itemprop=\"image\" loading=\"eager\" longdesc=\"https:\/\/www.archdaily.com\/1030386\/from-root-to-roof-in-venice-archdaily-highlights-restorative-emerging-practices\/682f0fc69f997801878392b0-from-root-to-roof-in-venice-archdaily-highlights-restorative-emerging-practices-photo\" src=\"https:\/\/www.europesays.com\/uk\/wp-content\/uploads\/2025\/05\/from-root-to-roof-in-venice-archdaily-highlights-restorative-emerging-practices_12.jpg\" style=\"min-height: var(--featured-height, auto); aspect-ratio: auto 580 \/ 580\" width=\"580\"\/><\/a>Pitaya House \/ Taller General + Jose Mar\u00eda S\u00e1ez. Image \u00a9 JAG Studio<\/p>\n<p>    Share<\/p>\n<p>Share<\/p>\n<ul class=\"afd-share__networks clearfix\">\n<li class=\"afd-share__social\"><a aria-label=\"Facebook\" class=\"afd-share__button\" data-insights-category=\"share\" data-insights-label=\"facebook_sharing_options\" data-insights-value=\"1030386\" data-social=\"facebook\" href=\"https:\/\/www.facebook.com\/sharer\/sharer.php?u=https:\/\/www.archdaily.com\/1030386\/from-root-to-roof-in-venice-archdaily-highlights-restorative-emerging-practices\" target=\"_blank\" rel=\"noopener\"><\/a>\n<p>Facebook<\/p>\n<\/li>\n<li class=\"afd-share__social\"><a aria-label=\"Twitter\" class=\"afd-share__button\" data-insights-category=\"share\" data-insights-label=\"twitter_sharing_options\" data-insights-value=\"1030386\" data-social=\"twitter\" href=\"https:\/\/twitter.com\/intent\/tweet?text=From%20Root%20to%20Roof%3A%20In%20Venice%2C%20ArchDaily%20Highlights%20Restorative%20Emerging%20Practices&amp;url=https:\/\/www.archdaily.com\/1030386\/from-root-to-roof-in-venice-archdaily-highlights-restorative-emerging-practices&amp;via=archdaily\" target=\"_blank\" rel=\"noopener\"><\/a>\n<p>Twitter<\/p>\n<\/li>\n<li class=\"afd-share__social\"><a class=\"afd-share__button\" data-insights-category=\"share\" data-insights-label=\"email_sharing_options\" data-insights-value=\"1030386\" data-social=\"email\" href=\"mailto:?subject=From Root to Roof: In Venice, ArchDaily Highlights Restorative Emerging Practices&amp;body=https:\/\/www.archdaily.com\/1030386\/from-root-to-roof-in-venice-archdaily-highlights-restorative-emerging-practices\"><\/a>\n<p>Mail<\/p>\n<\/li>\n<li class=\"afd-share__social\"><a aria-label=\"Pinterest\" class=\"afd-share__button\" data-insights-category=\"share\" data-insights-label=\"pinterest_sharing_options\" data-insights-value=\"1030386\" data-social=\"pinterest\" href=\"https:\/\/pinterest.com\/pin\/create\/button\/?url=https%3A%2F%2Fwww.archdaily.com%2F1030386%2Ffrom-root-to-roof-in-venice-archdaily-highlights-restorative-emerging-practices&amp;media=https%3A%2F%2Fimages.adsttc.com%2Fmedia%2Fimages%2F682f%2F0fc6%2F9f99%2F7801%2F8783%2F92b0%2Flarge_jpg%2Ffrom-root-to-roof-in-venice-archdaily-highlights-restorative-emerging-practices_12.jpg%3F1747914700&amp;description=From%20Root%20to%20Roof%3A%20In%20Venice%2C%20ArchDaily%20Highlights%20Restorative%20Emerging%20Practices\" target=\"_blank\" rel=\"noopener\"><\/a>\n<p>Pinterest<\/p>\n<\/li>\n<li class=\"afd-share__social\"><a aria-label=\"Whatsapp\" class=\"afd-share__button\" data-action=\"share\/whatsapp\/share\" data-insights-category=\"share\" data-insights-label=\"whatsapp_sharing_options\" data-insights-value=\"1030386\" data-social=\"whatsapp\" href=\"whatsapp:\/\/send?text=From+Root+to+Roof%3A+In+Venice%2C+ArchDaily+Highlights+Restorative+Emerging+Practices+%7C+https%3A%2F%2Fwww.archdaily.com%2F1030386%2Ffrom-root-to-roof-in-venice-archdaily-highlights-restorative-emerging-practices%3Futm_source%3DWhatsapp%26utm_medium%3DIM%26utm_campaign%3Dshare-button\" rel=\"nofollow\"><\/a>\n<p>Whatsapp<\/p>\n<\/li>\n<\/ul>\n<p>Or<\/p>\n<p>https:\/\/www.archdaily.com\/1030386\/from-root-to-roof-in-venice-archdaily-highlights-restorative-emerging-practices<\/p>\n<p>In partnership with the <a href=\"https:\/\/www.archdaily.com\/tag\/european-cultural-center\" target=\"_blank\" rel=\"noopener\">European Cultural Center<\/a> (ECC), ArchDaily has launched its inaugural exhibition as part of the seventh iteration of <a href=\"https:\/\/www.archdaily.com\/1029585\/ecc-announces-the-2025-time-space-existence-exhibition-in-venice-as-a-call-to-repair-regenerate-and-reuse\" target=\"_blank\" rel=\"noopener\">Time Space Existence<\/a>, an architectural showcase occurring concurrently with the 19th <a href=\"https:\/\/www.archdaily.com\/tag\/venice\" target=\"_blank\" rel=\"noopener\">Venice<\/a> <a href=\"https:\/\/www.archdaily.com\/tag\/architecture\" target=\"_blank\" rel=\"noopener\">Architecture<\/a> Biennale. Open from May 10 to November 23, 2025, in various locations throughout Venice, this edition centers on the theme of &#8220;Repair, Regenerate, and Reuse,&#8221; promoting innovative and sustainable approaches in architecture<a href=\"https:\/\/www.archdaily.com\/1029499\/introducing-archdailys-first-exhibition-new-practices-at-time-space-existence-2025-in-venice?ad_campaign=normal-tag\" target=\"_blank\" rel=\"noopener\">. ArchDaily&#8217;s contribution is located at Palazzo Mora<\/a>, complementing other venues like Palazzo Bembo, Marinaressa Gardens, and Palazzo Michiel.<\/p>\n<p class=\"thumbs afd-desktop-e clearfix\"><a class=\"thumbs__link\" data-nr-picture-id=\"682f11f39f997801878392d1\" href=\"https:\/\/www.archdaily.com\/1030386\/from-root-to-roof-in-venice-archdaily-highlights-restorative-emerging-practices\/682f11f39f997801878392d1-from-root-to-roof-in-venice-archdaily-highlights-restorative-emerging-practices-image\" rel=\"attachment noopener\" target=\"_blank\"><img loading=\"lazy\" decoding=\"async\" alt=\"From Root to Roof: In Venice, ArchDaily Highlights Restorative Emerging Practices - Image 2 of 22\" class=\"thumbs__img b-lazy\" data-nr-picture-id=\"682f11f39f997801878392d1\" data-pin-nopin=\"true\" src=\"https:\/\/www.europesays.com\/uk\/wp-content\/uploads\/2025\/05\/from-root-to-roof-in-venice-archdaily-highlights-restorative-emerging-practices_20.jpg\" height=\"125\" longdesc=\"https:\/\/www.archdaily.com\/1030386\/from-root-to-roof-in-venice-archdaily-highlights-restorative-emerging-practices\/682f11f39f997801878392d1-from-root-to-roof-in-venice-archdaily-highlights-restorative-emerging-practices-image\" title=\"Courtesy of Wiki World\" width=\"125\"\/><\/a><a class=\"thumbs__link\" data-nr-picture-id=\"682f11099f997801878392c3\" href=\"https:\/\/www.archdaily.com\/1030386\/from-root-to-roof-in-venice-archdaily-highlights-restorative-emerging-practices\/682f11099f997801878392c3-from-root-to-roof-in-venice-archdaily-highlights-restorative-emerging-practices-image\" rel=\"attachment noopener\" target=\"_blank\"><img loading=\"lazy\" decoding=\"async\" alt=\"From Root to Roof: In Venice, ArchDaily Highlights Restorative Emerging Practices - Image 3 of 22\" class=\"thumbs__img b-lazy\" data-nr-picture-id=\"682f11099f997801878392c3\" data-pin-nopin=\"true\" src=\"https:\/\/www.europesays.com\/uk\/wp-content\/uploads\/2025\/05\/from-root-to-roof-in-venice-archdaily-highlights-restorative-emerging-practices_16.jpg\" height=\"125\" longdesc=\"https:\/\/www.archdaily.com\/1030386\/from-root-to-roof-in-venice-archdaily-highlights-restorative-emerging-practices\/682f11099f997801878392c3-from-root-to-roof-in-venice-archdaily-highlights-restorative-emerging-practices-image\" title=\"Echoes of the Hill \/ Studio Zewde. Image Courtesy of Studio Zewde\" width=\"125\"\/><\/a><a class=\"thumbs__link\" data-nr-picture-id=\"682f102882d8260188bcd446\" href=\"https:\/\/www.archdaily.com\/1030386\/from-root-to-roof-in-venice-archdaily-highlights-restorative-emerging-practices\/682f102882d8260188bcd446-from-root-to-roof-in-venice-archdaily-highlights-restorative-emerging-practices-photo\" rel=\"attachment noopener\" target=\"_blank\"><img loading=\"lazy\" decoding=\"async\" alt=\"From Root to Roof: In Venice, ArchDaily Highlights Restorative Emerging Practices - Image 4 of 22\" class=\"thumbs__img b-lazy\" data-nr-picture-id=\"682f102882d8260188bcd446\" data-pin-nopin=\"true\" src=\"https:\/\/www.europesays.com\/uk\/wp-content\/uploads\/2025\/05\/from-root-to-roof-in-venice-archdaily-highlights-restorative-emerging-practices_13.jpg\" height=\"125\" longdesc=\"https:\/\/www.archdaily.com\/1030386\/from-root-to-roof-in-venice-archdaily-highlights-restorative-emerging-practices\/682f102882d8260188bcd446-from-root-to-roof-in-venice-archdaily-highlights-restorative-emerging-practices-photo\" title=\"Bread Oven House \/ Taller General + ERDC arquitectos. Image \u00a9 JAG Studio\" width=\"125\"\/><\/a><a class=\"thumbs__link\" data-nr-picture-id=\"682f0c3982d8260188bcd42c\" href=\"https:\/\/www.archdaily.com\/1030386\/from-root-to-roof-in-venice-archdaily-highlights-restorative-emerging-practices\/682f0c3982d8260188bcd42c-from-root-to-roof-in-venice-archdaily-highlights-restorative-emerging-practices-photo\" rel=\"attachment noopener\" target=\"_blank\"><img loading=\"lazy\" decoding=\"async\" alt=\"From Root to Roof: In Venice, ArchDaily Highlights Restorative Emerging Practices - Image 5 of 22\" class=\"thumbs__img b-lazy\" data-nr-picture-id=\"682f0c3982d8260188bcd42c\" data-pin-nopin=\"true\" src=\"https:\/\/www.europesays.com\/uk\/wp-content\/uploads\/2025\/05\/from-root-to-roof-in-venice-archdaily-highlights-restorative-emerging-practices_1.jpg\" height=\"125\" longdesc=\"https:\/\/www.archdaily.com\/1030386\/from-root-to-roof-in-venice-archdaily-highlights-restorative-emerging-practices\/682f0c3982d8260188bcd42c-from-root-to-roof-in-venice-archdaily-highlights-restorative-emerging-practices-photo\" title=\"Roofscapes - Acade\u0301mie Du Climat. Image \u00a9 Lionel Leduc\" width=\"125\"\/><\/a><a class=\"gallery-link afd-desktop-e\" href=\"https:\/\/www.archdaily.com\/1030386\/from-root-to-roof-in-venice-archdaily-highlights-restorative-emerging-practices\/682f0fc69f997801878392b0-from-root-to-roof-in-venice-archdaily-highlights-restorative-emerging-practices-photo\" target=\"_blank\" rel=\"noopener\"><img decoding=\"async\" alt=\"From Root to Roof: In Venice, ArchDaily Highlights Restorative Emerging Practices - More Images\" class=\"thumbs__img b-lazy\" src=\"https:\/\/www.europesays.com\/uk\/wp-content\/uploads\/2025\/05\/from-root-to-roof-in-venice-archdaily-highlights-restorative-emerging-practices_12.jpg\" itemprop=\"image\" bad-src=\"data:image\/gif;base64,R0lGODlhAQABAIAAAAUEBAAAACwAAAAAAQABAAACAkQBADs=\"\/>+ 17<\/a><\/p>\n<p><a class=\"js-image-size__link lazy-anchor\" href=\"https:\/\/www.archdaily.com\/1030386\/from-root-to-roof-in-venice-archdaily-highlights-restorative-emerging-practices\/682f0c4f9f9978018783929d-from-root-to-roof-in-venice-archdaily-highlights-restorative-emerging-practices-photo\" target=\"_blank\" rel=\"noopener\"><img decoding=\"async\" alt=\"From Root to Roof: In Venice, ArchDaily Highlights Restorative Emerging Practices - Image 6 of 22\" data-nr-picture-id=\"682f0c4f9f9978018783929d\" height=\"427\" itemprop=\"image\" loading=\"lazy\" longdesc=\"https:\/\/www.archdaily.com\/1030386\/from-root-to-roof-in-venice-archdaily-highlights-restorative-emerging-practices\/682f0c4f9f9978018783929d-from-root-to-roof-in-venice-archdaily-highlights-restorative-emerging-practices-photo\" src=\"https:\/\/www.europesays.com\/uk\/wp-content\/uploads\/2025\/05\/1747923132_941_from-root-to-roof-in-venice-archdaily-highlights-restorative-emerging-practices_1.jpg\" width=\"640\"\/>Palazzo Mora &#8211; European Cultural Center. Image \u00a9 Matteo Losurdo<\/a><a class=\"js-image-size__link lazy-anchor\" href=\"https:\/\/www.archdaily.com\/1030386\/from-root-to-roof-in-venice-archdaily-highlights-restorative-emerging-practices\/682f136d9f997801878392f3-from-root-to-roof-in-venice-archdaily-highlights-restorative-emerging-practices-photo\" target=\"_blank\" rel=\"noopener\"><img decoding=\"async\" alt=\"From Root to Roof: In Venice, ArchDaily Highlights Restorative Emerging Practices - Image 22 of 22\" data-nr-picture-id=\"682f136d9f997801878392f3\" height=\"427\" itemprop=\"image\" loading=\"lazy\" longdesc=\"https:\/\/www.archdaily.com\/1030386\/from-root-to-roof-in-venice-archdaily-highlights-restorative-emerging-practices\/682f136d9f997801878392f3-from-root-to-roof-in-venice-archdaily-highlights-restorative-emerging-practices-photo\" src=\"https:\/\/www.europesays.com\/uk\/wp-content\/uploads\/2025\/05\/from-root-to-roof-in-venice-archdaily-highlights-restorative-emerging-practices_22.jpg\" width=\"640\"\/>\u00a9 ArchDaily<\/a><\/p>\n<p>Aligned with the broader theme of the event, the exhibition focuses on six emerging practices that were previously selected as part of <a href=\"https:\/\/www.archdaily.com\/tag\/new-practices\" target=\"_blank\" rel=\"noopener\">ArchDaily&#8217;s ongoing series &#8220;Best New Practices<\/a>.&#8221; Initiated in 2020, this annual award aims to recognize innovative professionals across various fields related to architecture, highlighting the diversity of approaches and innovations brought by creatives working at the intersection of architecture and other related domains. With over 85 teams and professionals selected to date, representing contributions from 32 countries, the initiative reflects a commitment to geographical diversity and the inclusion of regions often overshadowed in the global architectural discourse. By highlighting firms from areas such as Latin America, Africa, and Southeast Asia, the initiative brings attention to unique architectural expressions and solutions emerging from these contexts and contributing meaningfully to the global debate.<\/p>\n<p><a class=\"js-image-size__link lazy-anchor\" href=\"https:\/\/www.archdaily.com\/1030386\/from-root-to-roof-in-venice-archdaily-highlights-restorative-emerging-practices\/682f0c669f9978018783929f-from-root-to-roof-in-venice-archdaily-highlights-restorative-emerging-practices-photo\" target=\"_blank\" rel=\"noopener\"><img decoding=\"async\" alt=\"From Root to Roof: In Venice, ArchDaily Highlights Restorative Emerging Practices - Image 8 of 22\" data-nr-picture-id=\"682f0c669f9978018783929f\" height=\"427\" itemprop=\"image\" loading=\"lazy\" longdesc=\"https:\/\/www.archdaily.com\/1030386\/from-root-to-roof-in-venice-archdaily-highlights-restorative-emerging-practices\/682f0c669f9978018783929f-from-root-to-roof-in-venice-archdaily-highlights-restorative-emerging-practices-photo\" src=\"https:\/\/www.europesays.com\/uk\/wp-content\/uploads\/2025\/05\/1747923132_122_from-root-to-roof-in-venice-archdaily-highlights-restorative-emerging-practices_1.jpg\" width=\"640\"\/>ArchDaily New Practices 2020-2024 world map. Image \u00a9 ArchDaily<\/a><\/p>\n<p>The six selected practices illustrate this variety by addressing all phases of the design process, introducing innovations from the roots of material sourcing to the potential of rethinking urban rooftops. <a href=\"https:\/\/www.archdaily.com\/office\/estudio-flume\" target=\"_blank\" rel=\"noopener\">Estudio Flume<\/a> in <a href=\"https:\/\/www.archdaily.com\/tag\/brazil\" target=\"_blank\" rel=\"noopener\">Brazil<\/a> exemplifies how transforming organic waste into sustainable building materials supports regional development and cultural preservation. <a href=\"https:\/\/www.archdaily.com\/tag\/willow-technologies\" target=\"_blank\" rel=\"noopener\">Willow Technologies<\/a> in <a href=\"https:\/\/www.archdaily.com\/tag\/ghana\" target=\"_blank\" rel=\"noopener\">Ghana<\/a> advocates for circular economy strategies by reusing agricultural by-products to repair ecosystems and foster biodiversity. <a href=\"https:\/\/www.archdaily.com\/office\/taller-general\" target=\"_blank\" rel=\"noopener\">Taller General<\/a> in <a href=\"https:\/\/www.archdaily.com\/tag\/ecuador\" target=\"_blank\" rel=\"noopener\">Ecuador<\/a> promotes social inclusion through collaborative architecture that reuses existing structures and materials. <a href=\"https:\/\/www.archdaily.com\/tag\/studio-zewde\" target=\"_blank\" rel=\"noopener\">Studio Zewde<\/a> in the U.S. integrates ecological and cultural history into landscape design. <a href=\"https:\/\/www.archdaily.com\/office\/wiki-world\" target=\"_blank\" rel=\"noopener\">Wiki World<\/a> in <a href=\"https:\/\/www.archdaily.com\/tag\/china\" target=\"_blank\" rel=\"noopener\">China<\/a> democratizes architecture by engaging communities and children in the creative process. Meanwhile, <a href=\"https:\/\/www.archdaily.com\/tag\/roofscapes-studio\" target=\"_blank\" rel=\"noopener\">Roofscapes<\/a> in <a href=\"https:\/\/www.archdaily.com\/tag\/france\" target=\"_blank\" rel=\"noopener\">France<\/a> focuses on retrofitting existing urban surfaces to adapt cities to climate challenges, transforming rooftops into ecological and social assets.<\/p>\n<p>  Related Article <a class=\"rel-article__link\" data-insights-category=\"related-article\" data-insights-label=\"3\" data-insights-value=\"1030386\" href=\"https:\/\/www.archdaily.com\/1014620\/archdailys-2024-best-new-practices?ad_medium=widget&amp;ad_name=related-article&amp;ad_content=1029499?ad_medium=widget&amp;ad_name=related-article&amp;ad_content=1030386\" target=\"_blank\" rel=\"noopener\">ArchDaily&#8217;s 2024 Best New Practices<\/a>  <\/p>\n<p>Collectively, these studios showcase how thoughtful intervention at the local level can foster resilient, sustainable environments, making a significant impact through bottom-up strategies aligned with the &#8220;root to roof&#8221; philosophy.<\/p>\n<p><strong>Identifying and Leveraging Local Resources<\/strong><\/p>\n<p><strong><a href=\"https:\/\/www.archdaily.com\/952062\/archdaily-selects-the-best-young-practices-of-2020?ad_campaign=normal-tag\" target=\"_blank\" rel=\"noopener\">Estudio Flume, Noelia Monteiro<\/a> [S\u00e3o Paulo, Brazil]<\/strong><\/p>\n<p><a class=\"js-image-size__link lazy-anchor\" href=\"https:\/\/www.archdaily.com\/1030386\/from-root-to-roof-in-venice-archdaily-highlights-restorative-emerging-practices\/682f0da69f997801878392a3-from-root-to-roof-in-venice-archdaily-highlights-restorative-emerging-practices-image\" target=\"_blank\" rel=\"noopener\"><img decoding=\"async\" alt=\"From Root to Roof: In Venice, ArchDaily Highlights Restorative Emerging Practices - Image 9 of 22\" data-nr-picture-id=\"682f0da69f997801878392a3\" height=\"427\" itemprop=\"image\" loading=\"lazy\" longdesc=\"https:\/\/www.archdaily.com\/1030386\/from-root-to-roof-in-venice-archdaily-highlights-restorative-emerging-practices\/682f0da69f997801878392a3-from-root-to-roof-in-venice-archdaily-highlights-restorative-emerging-practices-image\" src=\"https:\/\/www.europesays.com\/uk\/wp-content\/uploads\/2025\/05\/from-root-to-roof-in-venice-archdaily-highlights-restorative-emerging-practices_7.jpg\" width=\"640\"\/>ESTUDIO FLUME &#8211; Marajo\u0301 Ac\u0327ai\u0301 Harvesters Community . Image Courtesy of Estudio Flume<\/a><\/p>\n<p><a href=\"https:\/\/www.archdaily.com\/office\/estudio-flume\" target=\"_blank\" rel=\"noopener\">Estudio Flume<\/a>, founded in 2015 by <a href=\"https:\/\/www.archdaily.com\/tag\/noelia-monteiro\" target=\"_blank\" rel=\"noopener\">Noelia Monteiro<\/a> and Christian Teshirogi, uniquely addresses the intersection of environmental sustainability and community empowerment by transforming organic waste from Amazonian a\u00e7a\u00ed production into locally created construction materials. Focusing on discarded a\u00e7a\u00ed seeds, the studio collaborates closely with local harvesters to develop particleboard panels that serve as sustainable, locally made materials for community-driven designs. This approach not only reduces waste and preserves traditional practices but also provides economic benefits to communities reliant on a\u00e7a\u00ed harvesting. Through participatory workshops and tailored material research, Estudio Flume emphasizes culturally sensitive, environmentally responsible design solutions that support regional development.<\/p>\n<p><a class=\"js-image-size__link lazy-anchor\" href=\"https:\/\/www.archdaily.com\/1030386\/from-root-to-roof-in-venice-archdaily-highlights-restorative-emerging-practices\/682f0d999f997801878392a2-from-root-to-roof-in-venice-archdaily-highlights-restorative-emerging-practices-image\" target=\"_blank\" rel=\"noopener\"><img decoding=\"async\" alt=\"From Root to Roof: In Venice, ArchDaily Highlights Restorative Emerging Practices - Image 10 of 22\" data-nr-picture-id=\"682f0d999f997801878392a2\" height=\"427\" itemprop=\"image\" loading=\"lazy\" longdesc=\"https:\/\/www.archdaily.com\/1030386\/from-root-to-roof-in-venice-archdaily-highlights-restorative-emerging-practices\/682f0d999f997801878392a2-from-root-to-roof-in-venice-archdaily-highlights-restorative-emerging-practices-image\" src=\"https:\/\/www.europesays.com\/uk\/wp-content\/uploads\/2025\/05\/1747923133_406_from-root-to-roof-in-venice-archdaily-highlights-restorative-emerging-practices_7.jpg\" width=\"640\"\/>ESTUDIO FLUME &#8211; Ac\u0327ai\u0301 Market at Feira-do-Ver-o-Peso. Image Courtesy of Estudio Flume<\/a><\/p>\n<p>Their work exemplifies how innovative reuse of natural resources can foster community resilience and promote ecological balance within the Amazon. The transformation and repurposing of waste from a process essential to local communities demonstrate a grassroots approach for working within local contexts while also illustrating a particular interpretation of the themes of &#8220;Repair, Regenerate, and Reuse.&#8221; The studio helps regenerate ecological balance within the Amazon, turning waste into a catalyst for both environmentally and socially responsible building practices.<\/p>\n<p><strong>Restoring Balance with <a href=\"https:\/\/www.archdaily.com\/tag\/circular-economy\" target=\"_blank\" rel=\"noopener\">Circular Economy<\/a> Practices <\/strong><\/p>\n<p><strong><a href=\"https:\/\/www.archdaily.com\/1030386\/Founded%20in%202015%20by%20Noelia%20Monteiro%20and%20Christian%20Teshirogi,\" target=\"_blank\" rel=\"noopener\">Willow Technologies, Mae-ling Lokko<\/a> [Accra, Ghana]<\/strong><\/p>\n<p><a class=\"js-image-size__link lazy-anchor\" href=\"https:\/\/www.archdaily.com\/1030386\/from-root-to-roof-in-venice-archdaily-highlights-restorative-emerging-practices\/682f0e7882d8260188bcd438-from-root-to-roof-in-venice-archdaily-highlights-restorative-emerging-practices-photo\" target=\"_blank\" rel=\"noopener\"><img decoding=\"async\" alt=\"From Root to Roof: In Venice, ArchDaily Highlights Restorative Emerging Practices - Image 11 of 22\" data-nr-picture-id=\"682f0e7882d8260188bcd438\" height=\"427\" itemprop=\"image\" loading=\"lazy\" longdesc=\"https:\/\/www.archdaily.com\/1030386\/from-root-to-roof-in-venice-archdaily-highlights-restorative-emerging-practices\/682f0e7882d8260188bcd438-from-root-to-roof-in-venice-archdaily-highlights-restorative-emerging-practices-photo\" src=\"https:\/\/www.europesays.com\/uk\/wp-content\/uploads\/2025\/05\/from-root-to-roof-in-venice-archdaily-highlights-restorative-emerging-practices_9.jpg\" width=\"640\"\/>Willow Technologies, Mae-ling Lokko &#8211; Grounds for Return. Image \u00a9 Selma Gurbuz<\/a><\/p>\n<p>Founded by Ghanaian-Filipino scientist and architect <a href=\"https:\/\/www.archdaily.com\/tag\/mae-ling-lokko\/page\/1\" target=\"_blank\" rel=\"noopener\">Mae-Ling Lokko<\/a> in 2017, <a href=\"https:\/\/www.archdaily.com\/tag\/willow-technologies\" target=\"_blank\" rel=\"noopener\">Willow Technologies<\/a> conducts material research and pioneers circular and bio-based technologies that root material development into regional agricultural practices. Their initiatives take a holistic look at the broader needs of local communities, not only reusing discarded bio-based waste such as coconut husks into new building materials, but also employing these materials to provide essential services. One example is their collaboration with Global Mamas to employ moringa seed press cake\u2014a by-product of oil extraction\u2014as a water filtration system that treats toxic textile wastewater, providing safe water for municipal disposal.<\/p>\n<p><a class=\"js-image-size__link lazy-anchor\" href=\"https:\/\/www.archdaily.com\/1030386\/from-root-to-roof-in-venice-archdaily-highlights-restorative-emerging-practices\/682f0eba9f997801878392a9-from-root-to-roof-in-venice-archdaily-highlights-restorative-emerging-practices-photo\" target=\"_blank\" rel=\"noopener\"><img decoding=\"async\" alt=\"From Root to Roof: In Venice, ArchDaily Highlights Restorative Emerging Practices - Image 13 of 22\" data-nr-picture-id=\"682f0eba9f997801878392a9\" height=\"427\" itemprop=\"image\" loading=\"lazy\" longdesc=\"https:\/\/www.archdaily.com\/1030386\/from-root-to-roof-in-venice-archdaily-highlights-restorative-emerging-practices\/682f0eba9f997801878392a9-from-root-to-roof-in-venice-archdaily-highlights-restorative-emerging-practices-photo\" src=\"https:\/\/www.europesays.com\/uk\/wp-content\/uploads\/2025\/05\/1747923134_592_from-root-to-roof-in-venice-archdaily-highlights-restorative-emerging-practices_9.jpg\" width=\"640\"\/>Upcycling Pavillion \/ Willow Technologies, Mae-ling Lokko. Image \u00a9 Sarah Reynolds<\/a><\/p>\n<p>Furthermore, their focus on repairing and regenerating environmental systems is evident in their efforts to develop solutions that reduce waste, improve soil health, and restore ecological balance. Projects like transforming wastewater treatment by-products into usable masonry and creating stormwater management systems demonstrate how contamination risk is minimized and ecosystems are regenerated. By closing resource loops and promoting community involvement, <a href=\"https:\/\/www.archdaily.com\/tag\/willow-technologies\" target=\"_blank\" rel=\"noopener\">Willow Technologies<\/a> advocates for materials and practices that repair environmental damage, support biodiversity, and foster sustainable development.<\/p>\n<p><strong>Enhancing Spaces through Collective Work<\/strong><\/p>\n<p><strong><a href=\"https:\/\/www.archdaily.com\/1005542\/taller-general-our-definition-of-architecture-takes-shape-collectively\" target=\"_blank\" rel=\"noopener\">Taller General<\/a> [Quito, Ecuador]<\/strong><\/p>\n<p><a class=\"js-image-size__link lazy-anchor\" href=\"https:\/\/www.archdaily.com\/1030386\/from-root-to-roof-in-venice-archdaily-highlights-restorative-emerging-practices\/682f102882d8260188bcd446-from-root-to-roof-in-venice-archdaily-highlights-restorative-emerging-practices-photo\" target=\"_blank\" rel=\"noopener\"><img decoding=\"async\" alt=\"From Root to Roof: In Venice, ArchDaily Highlights Restorative Emerging Practices - Image 4 of 22\" data-nr-picture-id=\"682f102882d8260188bcd446\" height=\"427\" itemprop=\"image\" loading=\"lazy\" longdesc=\"https:\/\/www.archdaily.com\/1030386\/from-root-to-roof-in-venice-archdaily-highlights-restorative-emerging-practices\/682f102882d8260188bcd446-from-root-to-roof-in-venice-archdaily-highlights-restorative-emerging-practices-photo\" src=\"https:\/\/www.europesays.com\/uk\/wp-content\/uploads\/2025\/05\/1747923134_795_from-root-to-roof-in-venice-archdaily-highlights-restorative-emerging-practices_13.jpg\" width=\"640\"\/>Bread Oven House \/ Taller General + ERDC arquitectos. Image \u00a9 JAG Studio<\/a><\/p>\n<p><a href=\"https:\/\/www.archdaily.com\/office\/taller-general\" target=\"_blank\" rel=\"noopener\">Taller General<\/a>, founded in 2017 in <a href=\"https:\/\/www.archdaily.com\/tag\/quito\" target=\"_blank\" rel=\"noopener\">Quito<\/a>, <a href=\"https:\/\/www.archdaily.com\/tag\/ecuador\" target=\"_blank\" rel=\"noopener\">Ecuador<\/a>, uniquely approaches architecture through the lens of collaborative work and social transformation, while not disregarding environmental responsibility. Acting within regions defined by informal urban growth, the studio&#8217;s practice understands construction as a continuous process of learning through community engagement and resource reuse. Projects such as the Pitaya House feature laminated pine from certified forests, highlighting innovations in sustainable material sourcing and reducing ecological impact, while San Tola Cohousing rehabilitates and reuses existing structures to revitalize Quito&#8217;s historic center.<\/p>\n<p><a class=\"js-image-size__link lazy-anchor\" href=\"https:\/\/www.archdaily.com\/1030386\/from-root-to-roof-in-venice-archdaily-highlights-restorative-emerging-practices\/682f10289f997801878392b6-from-root-to-roof-in-venice-archdaily-highlights-restorative-emerging-practices-photo\" target=\"_blank\" rel=\"noopener\"><img decoding=\"async\" alt=\"From Root to Roof: In Venice, ArchDaily Highlights Restorative Emerging Practices - Image 14 of 22\" data-nr-picture-id=\"682f10289f997801878392b6\" height=\"427\" itemprop=\"image\" loading=\"lazy\" longdesc=\"https:\/\/www.archdaily.com\/1030386\/from-root-to-roof-in-venice-archdaily-highlights-restorative-emerging-practices\/682f10289f997801878392b6-from-root-to-roof-in-venice-archdaily-highlights-restorative-emerging-practices-photo\" src=\"https:\/\/www.europesays.com\/uk\/wp-content\/uploads\/2025\/05\/from-root-to-roof-in-venice-archdaily-highlights-restorative-emerging-practices_14.jpg\" width=\"640\"\/>Pitaya House \/ Taller General + Jose Mar\u00eda S\u00e1ez. Image \u00a9 JAG Studio<\/a><\/p>\n<p>Taller General&#8217;s initiatives extend beyond physical buildings\u2014they promote social inclusion through programs like Femingas, which encourages women and diverse groups&#8217; participation in construction. Their work demonstrates how architecture can repair urban and social landscapes while regenerating local ecosystems and communities, fostering a more inclusive and sustainable future. By blending traditional practices with innovative materials and collaborative processes, <a href=\"https:\/\/www.archdaily.com\/tag\/taller-general\" target=\"_blank\" rel=\"noopener\">Taller General<\/a> exemplifies a holistic approach to addressing urgent social and environmental challenges through architecture.<\/p>\n<p><strong>Grounded Connections to Land and Culture<\/strong><\/p>\n<p><strong><a href=\"https:\/\/www.archdaily.com\/1014620\/archdailys-2024-best-new-practices\" target=\"_blank\" rel=\"noopener\">Studio Zewde<\/a> [New York, United States]<\/strong><\/p>\n<p><a class=\"js-image-size__link lazy-anchor\" href=\"https:\/\/www.archdaily.com\/1030386\/from-root-to-roof-in-venice-archdaily-highlights-restorative-emerging-practices\/682f11099f997801878392c3-from-root-to-roof-in-venice-archdaily-highlights-restorative-emerging-practices-image\" target=\"_blank\" rel=\"noopener\"><img decoding=\"async\" alt=\"From Root to Roof: In Venice, ArchDaily Highlights Restorative Emerging Practices - Image 3 of 22\" data-nr-picture-id=\"682f11099f997801878392c3\" height=\"427\" itemprop=\"image\" loading=\"lazy\" longdesc=\"https:\/\/www.archdaily.com\/1030386\/from-root-to-roof-in-venice-archdaily-highlights-restorative-emerging-practices\/682f11099f997801878392c3-from-root-to-roof-in-venice-archdaily-highlights-restorative-emerging-practices-image\" src=\"https:\/\/www.europesays.com\/uk\/wp-content\/uploads\/2025\/05\/1747923135_763_from-root-to-roof-in-venice-archdaily-highlights-restorative-emerging-practices_16.jpg\" width=\"640\"\/>Echoes of the Hill \/ Studio Zewde. Image Courtesy of Studio Zewde<\/a><\/p>\n<p>US-based Landscape architecture and urban design <a href=\"https:\/\/www.archdaily.com\/tag\/studio-zewde\" target=\"_blank\" rel=\"noopener\">Studio Zewde<\/a> integrates both ecological and cultural roots into their approach to landscape design. Their work begins with understanding the land&#8217;s history, indigenous relationships, and natural systems, as seen in their Cuyahoga Valley project, which reconnects underrepresented communities with the site&#8217;s ecological richness and cultural legacy. The studio&#8217;s design interventions organize the environment with the aim of celebrating local histories and restoring habitat and human connections grounded in regional knowledge.<\/p>\n<p><a class=\"js-image-size__link lazy-anchor\" href=\"https:\/\/www.archdaily.com\/1030386\/from-root-to-roof-in-venice-archdaily-highlights-restorative-emerging-practices\/682f110c5df860017d259b0f-from-root-to-roof-in-venice-archdaily-highlights-restorative-emerging-practices-image\" target=\"_blank\" rel=\"noopener\"><img decoding=\"async\" alt=\"From Root to Roof: In Venice, ArchDaily Highlights Restorative Emerging Practices - Image 16 of 22\" data-nr-picture-id=\"682f110c5df860017d259b0f\" height=\"427\" itemprop=\"image\" loading=\"lazy\" longdesc=\"https:\/\/www.archdaily.com\/1030386\/from-root-to-roof-in-venice-archdaily-highlights-restorative-emerging-practices\/682f110c5df860017d259b0f-from-root-to-roof-in-venice-archdaily-highlights-restorative-emerging-practices-image\" src=\"https:\/\/www.europesays.com\/uk\/wp-content\/uploads\/2025\/05\/from-root-to-roof-in-venice-archdaily-highlights-restorative-emerging-practices_15.jpg\" width=\"640\"\/>GRP Pier 20 &#8211; After \/ Studio Zewde. Image Courtesy of Studio Zewde<\/a><\/p>\n<p>Exemplifying a different aspect of the &#8220;Repair, Regenerate, and Reuse&#8221; theme, <a href=\"https:\/\/www.archdaily.com\/tag\/studio-zewde\" target=\"_blank\" rel=\"noopener\">Studio Zewde<\/a> actively repairs ecological and social systems through thoughtful interventions that foster community participation and cultural continuity. Their work not only regenerates natural habitats and urban environments but also reimagines the landscape as a platform for civic imagination and memory. It demonstrates the power of dynamic participation and the potential of landscape architecture to promote lasting social and environmental resilience.<\/p>\n<p><strong>Harnessing Collective Intelligence in Architecture<\/strong><\/p>\n<p><strong><a href=\"https:\/\/www.archdaily.com\/1022371\/wiki-world-exploring-childrens-architecture-education-and-community-building-in-rural-china?ad_medium=office_landing&amp;ad_name=article\" target=\"_blank\" rel=\"noopener\">Wiki World<\/a> [Wuhan, China]<\/strong><\/p>\n<p><a class=\"js-image-size__link lazy-anchor\" href=\"https:\/\/www.archdaily.com\/1030386\/from-root-to-roof-in-venice-archdaily-highlights-restorative-emerging-practices\/682f11f39f997801878392d1-from-root-to-roof-in-venice-archdaily-highlights-restorative-emerging-practices-image\" target=\"_blank\" rel=\"noopener\"><img decoding=\"async\" alt=\"From Root to Roof: In Venice, ArchDaily Highlights Restorative Emerging Practices - Image 2 of 22\" data-nr-picture-id=\"682f11f39f997801878392d1\" height=\"427\" itemprop=\"image\" loading=\"lazy\" longdesc=\"https:\/\/www.archdaily.com\/1030386\/from-root-to-roof-in-venice-archdaily-highlights-restorative-emerging-practices\/682f11f39f997801878392d1-from-root-to-roof-in-venice-archdaily-highlights-restorative-emerging-practices-image\" src=\"https:\/\/www.europesays.com\/uk\/wp-content\/uploads\/2025\/05\/1747923135_367_from-root-to-roof-in-venice-archdaily-highlights-restorative-emerging-practices_20.jpg\" width=\"640\"\/>Courtesy of Wiki World<\/a><\/p>\n<p><a href=\"https:\/\/www.archdaily.com\/office\/wiki-world\" target=\"_blank\" rel=\"noopener\">Wiki World<\/a> proposes a transformative approach to architecture and architecture education rooted in community involvement and sustainability. Based in <a href=\"https:\/\/www.archdaily.com\/tag\/wuhan\" target=\"_blank\" rel=\"noopener\">Wuhan<\/a>, <a href=\"https:\/\/www.archdaily.com\/tag\/china\" target=\"_blank\" rel=\"noopener\">China<\/a>, the studio democratizes the building process by engaging local residents, especially children, in designing and constructing their environments. Their projects, such as the Wiki Tribe community cabins, showcase how participatory methods can foster a sense of ownership, cultural preservation, and environmental harmony. Using traditional craftsmanship and local materials, they minimize ecological impact while revitalizing regional techniques and providing economic opportunities for artisans.<\/p>\n<p><a class=\"js-image-size__link lazy-anchor\" href=\"https:\/\/www.archdaily.com\/1030386\/from-root-to-roof-in-venice-archdaily-highlights-restorative-emerging-practices\/682f11f49f997801878392d2-from-root-to-roof-in-venice-archdaily-highlights-restorative-emerging-practices-image\" target=\"_blank\" rel=\"noopener\"><img decoding=\"async\" alt=\"From Root to Roof: In Venice, ArchDaily Highlights Restorative Emerging Practices - Image 18 of 22\" data-nr-picture-id=\"682f11f49f997801878392d2\" height=\"427\" itemprop=\"image\" loading=\"lazy\" longdesc=\"https:\/\/www.archdaily.com\/1030386\/from-root-to-roof-in-venice-archdaily-highlights-restorative-emerging-practices\/682f11f49f997801878392d2-from-root-to-roof-in-venice-archdaily-highlights-restorative-emerging-practices-image\" src=\"https:\/\/www.europesays.com\/uk\/wp-content\/uploads\/2025\/05\/from-root-to-roof-in-venice-archdaily-highlights-restorative-emerging-practices_18.jpg\" width=\"640\"\/>Courtesy of Wiki World<\/a><\/p>\n<p>By starting from the community&#8217;s needs, cultural context, and local resources, the studio acts not as the creator but as a facilitator in the process of design, creating spaces that reflect collective identity. Their use of modular, prefabricated materials allows for rapid deployment, adapting to rural landscapes and seasonal activities like harvest festivals. Through a process of repair, regeneration, and reuse, <a href=\"https:\/\/www.archdaily.com\/tag\/wiki-world\" target=\"_blank\" rel=\"noopener\">Wiki World<\/a> creates resilient spaces that strengthen community bonds and nurture ecological awareness, highlighting the potential of participatory design to shape culturally rich environments worldwide.<\/p>\n<p><strong>Urban Roofs for Climate Adaptation<\/strong><\/p>\n<p><strong><a href=\"https:\/\/www.archdaily.com\/1021038\/how-roofscapes-paris-pilot-project-is-pioneering-climate-resilient-architecture-in-europe\" target=\"_blank\" rel=\"noopener\">Roofscapes<\/a> [Paris, France]<\/strong><\/p>\n<p><a class=\"js-image-size__link lazy-anchor\" href=\"https:\/\/www.archdaily.com\/1030386\/from-root-to-roof-in-venice-archdaily-highlights-restorative-emerging-practices\/682f0c3982d8260188bcd42c-from-root-to-roof-in-venice-archdaily-highlights-restorative-emerging-practices-photo\" target=\"_blank\" rel=\"noopener\"><img decoding=\"async\" alt=\"From Root to Roof: In Venice, ArchDaily Highlights Restorative Emerging Practices - Image 5 of 22\" data-nr-picture-id=\"682f0c3982d8260188bcd42c\" height=\"427\" itemprop=\"image\" loading=\"lazy\" longdesc=\"https:\/\/www.archdaily.com\/1030386\/from-root-to-roof-in-venice-archdaily-highlights-restorative-emerging-practices\/682f0c3982d8260188bcd42c-from-root-to-roof-in-venice-archdaily-highlights-restorative-emerging-practices-photo\" src=\"https:\/\/www.europesays.com\/uk\/wp-content\/uploads\/2025\/05\/1747923136_703_from-root-to-roof-in-venice-archdaily-highlights-restorative-emerging-practices_1.jpg\" width=\"640\"\/>Roofscapes &#8211; Acade\u0301mie Du Climat. Image \u00a9 Lionel Leduc<\/a><\/p>\n<p><a href=\"https:\/\/www.archdaily.com\/tag\/roofscapes-studio\" target=\"_blank\" rel=\"noopener\">Roofscapes<\/a> exemplifies an integrated approach to urban climate adaptation by proposing solutions for the transformation of urban surfaces, especially roofs, into elements that can regulate the microclimate and create a more resilient and comfortable urban environment. The studio focuses on underutilized rooftops, particularly in European cities like <a href=\"https:\/\/www.archdaily.com\/tag\/paris\" target=\"_blank\" rel=\"noopener\">Paris<\/a>, thinking of solutions to adapt an urban infrastructure originally created to conserve heat into one that actively mitigates it, thus adapting to the changing climate conditions of contemporary times. The roofing system is reimagined to incorporate green technologies such as shaded areas, vegetation, and permeable surfaces. These strategies address heat accumulation and foster cooling from the ground up, starting with the building envelope\u2014its &#8220;roof&#8221;\u2014and extending to urban microclimates and ecological systems.<\/p>\n<p><a class=\"js-image-size__link lazy-anchor\" href=\"https:\/\/www.archdaily.com\/1030386\/from-root-to-roof-in-venice-archdaily-highlights-restorative-emerging-practices\/682f0c2e82d8260188bcd42b-from-root-to-roof-in-venice-archdaily-highlights-restorative-emerging-practices-image\" target=\"_blank\" rel=\"noopener\"><img decoding=\"async\" alt=\"From Root to Roof: In Venice, ArchDaily Highlights Restorative Emerging Practices - Image 21 of 22\" data-nr-picture-id=\"682f0c2e82d8260188bcd42b\" height=\"427\" itemprop=\"image\" loading=\"lazy\" longdesc=\"https:\/\/www.archdaily.com\/1030386\/from-root-to-roof-in-venice-archdaily-highlights-restorative-emerging-practices\/682f0c2e82d8260188bcd42b-from-root-to-roof-in-venice-archdaily-highlights-restorative-emerging-practices-image\" src=\"https:\/\/www.europesays.com\/uk\/wp-content\/uploads\/2025\/05\/1747923136_851_from-root-to-roof-in-venice-archdaily-highlights-restorative-emerging-practices_1.jpg\" width=\"640\"\/>Approach to the Pilot Project. Image Courtesy of Roofscapes<\/a><\/p>\n<p>The studio&#8217;s work highlights the potential for retrofitting and reimagining existing structures rather than demolition and rebuild, prioritizing sustainability and cultural preservation. By repairing and reprogramming rooftops with green infrastructure, Roofscapes not only mitigates urban heat but also regenerates biodiversity, manages stormwater, and creates accessible outdoor spaces. This comprehensive approach demonstrates how adaptive reuse and nature-based solutions serve as vital tools in shaping resilient, climate-adapted cities, further showcasing the &#8220;root to roof&#8221; approach of repair, regeneration, and reuse.<\/p>\n<p><a class=\"js-image-size__link lazy-anchor\" href=\"https:\/\/www.archdaily.com\/1030386\/from-root-to-roof-in-venice-archdaily-highlights-restorative-emerging-practices\/682f0c2a82d8260188bcd42a-from-root-to-roof-in-venice-archdaily-highlights-restorative-emerging-practices-image\" target=\"_blank\" rel=\"noopener\"><img decoding=\"async\" alt=\"From Root to Roof: In Venice, ArchDaily Highlights Restorative Emerging Practices - Image 20 of 22\" data-nr-picture-id=\"682f0c2a82d8260188bcd42a\" height=\"427\" itemprop=\"image\" loading=\"lazy\" longdesc=\"https:\/\/www.archdaily.com\/1030386\/from-root-to-roof-in-venice-archdaily-highlights-restorative-emerging-practices\/682f0c2a82d8260188bcd42a-from-root-to-roof-in-venice-archdaily-highlights-restorative-emerging-practices-image\" src=\"https:\/\/www.europesays.com\/uk\/wp-content\/uploads\/2025\/05\/from-root-to-roof-in-venice-archdaily-highlights-restorative-emerging-practices_2.jpg\" width=\"640\"\/>Approach to the Pilot Project. Image Courtesy of Roofscapes<\/a><\/p>\n<p><strong>Credits:<\/strong><\/p>\n<ul>\n<li> <strong>Curators:<\/strong> Christele Harrouk, Daniela Porto, and Romullo Baratto<\/li>\n<li> <strong>Editorial and Project Management:<\/strong> Romullo Baratto<\/li>\n<li> <strong>Visual Concept:<\/strong> Miwa Negoro and Victor Delaqua<\/li>\n<li> <strong>Diagram Concept<\/strong>: Miwa Negoro<\/li>\n<\/ul>\n<p><strong>We invite you to check out ArchDaily&#8217;s comprehensive coverage of the <a href=\"https:\/\/www.archdaily.com\/tag\/venice-architecture-biennale-2025\" target=\"_blank\" rel=\"noopener\">2025 Venice Biennale.<\/a><\/strong><\/p>\n<p><strong>This article is part of the ArchDaily Topics: What Is Future Intelligence?<\/strong>, proudly presented by <a href=\"http:\/\/www.gendo.ai?utm_campaign=Sponsored&amp;utm_content=May&amp;utm_medium=article&amp;utm_source=Archdaily\" target=\"_blank\" rel=\"noopener\">Gendo<\/a>, an AI co-pilot for Architects. <\/p>\n<p>Our mission at Gendo is to help architects produce concept images 100X faster by focusing on the core of the design process. We have built a cutting-edge AI tool in collaboration with architects from some of the most renowned firms, such as Zaha Hadid, KPF, and David Chipperfield.<\/p>\n<p>Every month, we explore a topic in-depth through articles, interviews, news, and architecture projects. We invite you to learn more about <a href=\"https:\/\/www.archdaily.com\/monthly-topics?ad_source=monthly_article&amp;ad_medium=bottom_link\" target=\"_blank\" rel=\"noopener\">our ArchDaily Topics<\/a>. And, as always, at ArchDaily we welcome the contributions of our readers; if you want to submit an article or project, <a href=\"https:\/\/www.archdaily.com\/contact?ad_source=monthly_article&amp;ad_medium=bottom_link\" target=\"_blank\" rel=\"noopener\">contact us<\/a>.<\/p>\n<p><script async src=\"https:\/\/platform.twitter.com\/widgets.js\" charset=\"utf-8\"><\/script><\/p>\n","protected":false},"excerpt":{"rendered":"Pitaya House \/ Taller General + Jose Mar\u00eda S\u00e1ez. Image \u00a9 JAG Studio Share Share Facebook Twitter Mail&hellip;\n","protected":false},"author":2,"featured_media":122712,"comment_status":"","ping_status":"","sticky":false,"template":"","format":"standard","meta":{"footnotes":""},"categories":[3939],"tags":[54575,5722,54569,38872,54584,4023,23504,4021,4020,2106,1395,5284,54582,4022,54583,21434,77,54571,54568,36,19912,54574,4447,54572,54570,1411,54585,54577,54581,37048,54579,54578,21921,54576,54567,16,15,49,22961,6175,54580,54573,53276],"class_list":{"0":"post-122711","1":"post","2":"type-post","3":"status-publish","4":"format-standard","5":"has-post-thumbnail","7":"category-arts-and-design","8":"tag-accra","9":"tag-adaptive-reuse","10":"tag-archdaily-best-new-practices","11":"tag-archdaily-topic-2025-what-is-future-intelligence","12":"tag-architectural-preservation","13":"tag-architecture","14":"tag-architecture-exhibitions","15":"tag-arts","16":"tag-arts-and-design","17":"tag-brazil","18":"tag-china","19":"tag-circular-economy","20":"tag-community-driven-design","21":"tag-design","22":"tag-ecological-architecture","23":"tag-ecuador","24":"tag-entertainment","25":"tag-estudio-flume","26":"tag-european-cultural-center","27":"tag-france","28":"tag-ghana","29":"tag-mae-ling-lokko","30":"tag-new-york","31":"tag-noelia-monteiro","32":"tag-palazzo-mora","33":"tag-paris","34":"tag-participatory-design","35":"tag-quito","36":"tag-roofscapes-studio","37":"tag-sao-paulo","38":"tag-sara-zewde","39":"tag-studio-zewde","40":"tag-sustainable-architecture","41":"tag-taller-general","42":"tag-time-space-existence","43":"tag-uk","44":"tag-united-kingdom","45":"tag-united-states","46":"tag-venice","47":"tag-venice-architecture-biennale-2025","48":"tag-wiki-world","49":"tag-willow-technologies","50":"tag-wuhan"},"share_on_mastodon":{"url":"","error":"Validation failed: Text character limit of 500 exceeded"},"_links":{"self":[{"href":"https:\/\/www.europesays.com\/uk\/wp-json\/wp\/v2\/posts\/122711","targetHints":{"allow":["GET"]}}],"collection":[{"href":"https:\/\/www.europesays.com\/uk\/wp-json\/wp\/v2\/posts"}],"about":[{"href":"https:\/\/www.europesays.com\/uk\/wp-json\/wp\/v2\/types\/post"}],"author":[{"embeddable":true,"href":"https:\/\/www.europesays.com\/uk\/wp-json\/wp\/v2\/users\/2"}],"replies":[{"embeddable":true,"href":"https:\/\/www.europesays.com\/uk\/wp-json\/wp\/v2\/comments?post=122711"}],"version-history":[{"count":0,"href":"https:\/\/www.europesays.com\/uk\/wp-json\/wp\/v2\/posts\/122711\/revisions"}],"wp:featuredmedia":[{"embeddable":true,"href":"https:\/\/www.europesays.com\/uk\/wp-json\/wp\/v2\/media\/122712"}],"wp:attachment":[{"href":"https:\/\/www.europesays.com\/uk\/wp-json\/wp\/v2\/media?parent=122711"}],"wp:term":[{"taxonomy":"category","embeddable":true,"href":"https:\/\/www.europesays.com\/uk\/wp-json\/wp\/v2\/categories?post=122711"},{"taxonomy":"post_tag","embeddable":true,"href":"https:\/\/www.europesays.com\/uk\/wp-json\/wp\/v2\/tags?post=122711"}],"curies":[{"name":"wp","href":"https:\/\/api.w.org\/{rel}","templated":true}]}}