{"id":12278,"date":"2025-04-12T00:50:15","date_gmt":"2025-04-12T00:50:15","guid":{"rendered":"https:\/\/www.europesays.com\/uk\/12278\/"},"modified":"2025-04-12T00:50:15","modified_gmt":"2025-04-12T00:50:15","slug":"eu-trade-boss-heads-to-washington-amid-tariff-pause-politico","status":"publish","type":"post","link":"https:\/\/www.europesays.com\/uk\/12278\/","title":{"rendered":"EU trade boss heads to Washington amid tariff pause \u2013 POLITICO"},"content":{"rendered":"<p>\u0160ef\u010dovi\u010d&#8217;s visit comes after U.S. President Donald Trump made a stunning U-turn and paused parts of his so-called Liberation Day tariffs and raised tariffs on China to a total of 145 percent. The EU said it <a href=\"https:\/\/pro.politico.eu\/news\/197025\" target=\"_blank\" rel=\"noopener\">would pause its own retaliation<\/a> by 90 days as well.<\/p>\n<p>The U.S. still maintains a 10 percent overall tariff on global imports, plus 25 percent tariffs on steel, aluminum and cars.<\/p>\n<p>It will be the third time \u0160ef\u010dovi\u010d will travel to Washington since Trump returned to the White House in January.<\/p>\n","protected":false},"excerpt":{"rendered":"\u0160ef\u010dovi\u010d&#8217;s visit comes after U.S. President Donald Trump made a stunning U-turn and paused parts of his so-called&hellip;\n","protected":false},"author":2,"featured_media":12279,"comment_status":"","ping_status":"","sticky":false,"template":"","format":"standard","meta":{"footnotes":""},"categories":[5174],"tags":[1212,346,1395,32,2000,299,5187,475,1216,1218,479,1201,6717,49,1220],"class_list":{"0":"post-12278","1":"post","2":"type-post","3":"status-publish","4":"format-standard","5":"has-post-thumbnail","7":"category-eu","8":"tag-aluminum","9":"tag-cars","10":"tag-china","11":"tag-donald-trump","12":"tag-eu","13":"tag-europe","14":"tag-european","15":"tag-imports","16":"tag-maros-sefcovic","17":"tag-steel","18":"tag-tariffs","19":"tag-trade","20":"tag-transatlantic-relations","21":"tag-united-states","22":"tag-ursula-von-der-leyen"},"share_on_mastodon":{"url":"https:\/\/pubeurope.com\/@uk\/114322251758431545","error":""},"_links":{"self":[{"href":"https:\/\/www.europesays.com\/uk\/wp-json\/wp\/v2\/posts\/12278","targetHints":{"allow":["GET"]}}],"collection":[{"href":"https:\/\/www.europesays.com\/uk\/wp-json\/wp\/v2\/posts"}],"about":[{"href":"https:\/\/www.europesays.com\/uk\/wp-json\/wp\/v2\/types\/post"}],"author":[{"embeddable":true,"href":"https:\/\/www.europesays.com\/uk\/wp-json\/wp\/v2\/users\/2"}],"replies":[{"embeddable":true,"href":"https:\/\/www.europesays.com\/uk\/wp-json\/wp\/v2\/comments?post=12278"}],"version-history":[{"count":0,"href":"https:\/\/www.europesays.com\/uk\/wp-json\/wp\/v2\/posts\/12278\/revisions"}],"wp:featuredmedia":[{"embeddable":true,"href":"https:\/\/www.europesays.com\/uk\/wp-json\/wp\/v2\/media\/12279"}],"wp:attachment":[{"href":"https:\/\/www.europesays.com\/uk\/wp-json\/wp\/v2\/media?parent=12278"}],"wp:term":[{"taxonomy":"category","embeddable":true,"href":"https:\/\/www.europesays.com\/uk\/wp-json\/wp\/v2\/categories?post=12278"},{"taxonomy":"post_tag","embeddable":true,"href":"https:\/\/www.europesays.com\/uk\/wp-json\/wp\/v2\/tags?post=12278"}],"curies":[{"name":"wp","href":"https:\/\/api.w.org\/{rel}","templated":true}]}}