{"id":133851,"date":"2025-05-26T17:59:09","date_gmt":"2025-05-26T17:59:09","guid":{"rendered":"https:\/\/www.europesays.com\/uk\/133851\/"},"modified":"2025-05-26T17:59:09","modified_gmt":"2025-05-26T17:59:09","slug":"eu-tariff-offer-still-on-the-table-says-eu-commission","status":"publish","type":"post","link":"https:\/\/www.europesays.com\/uk\/133851\/","title":{"rendered":"EU tariff offer still on the table, says EU Commission"},"content":{"rendered":"<p>\n         Published on<br \/>\n            26\/05\/2025 &#8211; 19:19 GMT+2<\/p>\n<p><img decoding=\"async\" class=\"c-ad__placeholder__logo\" src=\"https:\/\/www.europesays.com\/uk\/wp-content\/uploads\/2025\/04\/logo-euronews-grey-6-180x22.svg.svg+xml\" width=\"180\" height=\"22\" alt=\"\" loading=\"lazy\"\/>ADVERTISEMENT<\/p>\n<p>The EU offer on trade with the US has not changed despite pressure from US President Donald Trump threat last week to impose 50% tariffs on EU imports.\u00a0<\/p>\n<p>The EU has proposed &#8220;zero-for-zero&#8221; reciprocity for a non-tariff regime on goods and offered to buy US energy, tech and agriproducts to end the trade war launched by the US mid-March.<\/p>\n<p>\u201cAs regards the zero-for-zero- that is very much still on the table,\u201d\u00a0EU trade spokesperson Olof Gill said on Monday, adding: \u201cWe believe that\u2019s a very attractive starting point for a good negotiation that could lead to benefits on both sides of the Atlantic.\u201d<\/p>\n<p>Last week the EU and the US exchanged letters with their respective offers to kick off negotiations, with disastrous effect.<\/p>\n<p>Officials said the US proposal was \u201cunilateral\u201d, while Trump wrote on his social media Truth: \u201cOur discussions with them [the EU] are going nowhere! Therefore I am recommending a straight 50% Tariff on the European Union, starting on June 1, 2025.\u201d<\/p>\n<p>On Friday afternoon,\u00a0EU Trade Commissioner Maro\u0161 \u0160ef\u010dovi\u010d spoke to US counterpart Howard Lutnick, but the US asks were deemed unrealistic and unfair, an EU official said.<\/p>\n<p>After talking to EU president Ursula von der Leyen on Sunday, Trump agreed to postpone his threatened imposition of 50% tariffs until 9 July.<\/p>\n<p>Both presidents \u201cagreed to fast-track the trade negotiation and stay in close contact\u201d, Commission\u2019s chief spokesperson Paula Pino said Monday.<\/p>\n<p>The US currently applies 25% tariffs on EU steel, aluminium and cars, and blanket 10% tariffs on all EU imports.<\/p>\n<p>EU member states warned at a meeting mid-May, in Brussels, that the US-UK trade deal, whereby London accepted a baseline 10% US tariff to avoid other levies on cars and metals, was not an option. If the US maintains current tariffs, the EU will\u00a0retaliate with countermeasures.<\/p>\n<p>A package is under discussion in Brussels and in EU capitals to hit \u20ac95 billion worth of US goods with levies if the negotiation with the US fails. It would comes on top of a first list of US products worth \u20ac21\u00a0billion which was suspended after Trump announced a 90-Day pause until 9 July.<\/p>\n<p>\u0160ef\u010dovi\u010d and Lutnick are expected to talk again on Monday afternoon.<\/p>\n<p>\u00a0<\/p>\n","protected":false},"excerpt":{"rendered":"Published on 26\/05\/2025 &#8211; 19:19 GMT+2 ADVERTISEMENT The EU offer on trade with the US has not changed&hellip;\n","protected":false},"author":2,"featured_media":133852,"comment_status":"","ping_status":"","sticky":false,"template":"","format":"standard","meta":{"footnotes":""},"categories":[5174],"tags":[32,2000,7221,299,5187,479,1220],"class_list":{"0":"post-133851","1":"post","2":"type-post","3":"status-publish","4":"format-standard","5":"has-post-thumbnail","7":"category-eu","8":"tag-donald-trump","9":"tag-eu","10":"tag-eu-policy","11":"tag-europe","12":"tag-european","13":"tag-tariffs","14":"tag-ursula-von-der-leyen"},"share_on_mastodon":{"url":"https:\/\/pubeurope.com\/@uk\/114575439661643654","error":""},"_links":{"self":[{"href":"https:\/\/www.europesays.com\/uk\/wp-json\/wp\/v2\/posts\/133851","targetHints":{"allow":["GET"]}}],"collection":[{"href":"https:\/\/www.europesays.com\/uk\/wp-json\/wp\/v2\/posts"}],"about":[{"href":"https:\/\/www.europesays.com\/uk\/wp-json\/wp\/v2\/types\/post"}],"author":[{"embeddable":true,"href":"https:\/\/www.europesays.com\/uk\/wp-json\/wp\/v2\/users\/2"}],"replies":[{"embeddable":true,"href":"https:\/\/www.europesays.com\/uk\/wp-json\/wp\/v2\/comments?post=133851"}],"version-history":[{"count":0,"href":"https:\/\/www.europesays.com\/uk\/wp-json\/wp\/v2\/posts\/133851\/revisions"}],"wp:featuredmedia":[{"embeddable":true,"href":"https:\/\/www.europesays.com\/uk\/wp-json\/wp\/v2\/media\/133852"}],"wp:attachment":[{"href":"https:\/\/www.europesays.com\/uk\/wp-json\/wp\/v2\/media?parent=133851"}],"wp:term":[{"taxonomy":"category","embeddable":true,"href":"https:\/\/www.europesays.com\/uk\/wp-json\/wp\/v2\/categories?post=133851"},{"taxonomy":"post_tag","embeddable":true,"href":"https:\/\/www.europesays.com\/uk\/wp-json\/wp\/v2\/tags?post=133851"}],"curies":[{"name":"wp","href":"https:\/\/api.w.org\/{rel}","templated":true}]}}