{"id":138872,"date":"2025-05-28T14:11:14","date_gmt":"2025-05-28T14:11:14","guid":{"rendered":"https:\/\/www.europesays.com\/uk\/138872\/"},"modified":"2025-05-28T14:11:14","modified_gmt":"2025-05-28T14:11:14","slug":"real-reason-behind-ekin-su-and-curtis-pritchards-split-as-love-islanders-held-crisis-talks-this-week","status":"publish","type":"post","link":"https:\/\/www.europesays.com\/uk\/138872\/","title":{"rendered":"Real reason behind Ekin-Su and Curtis Pritchard\u2019s split as Love Islanders \u2018held crisis talks\u2019 this week"},"content":{"rendered":"<p>THE real reason behind Ekin-Su C\u00fclc\u00fclo\u011flu&#8217;s split with Curtis Pritchard has been revealed after the All Stars duo held &#8220;crisis talks&#8221; this week.<\/p>\n<p>The Sun can exclusively report how <a href=\"https:\/\/www.thesun.co.uk\/tv\/35149351\/ekin-su-curtis-pritchard-split-love-island-all-stars\/\" target=\"_blank\" rel=\"noopener\">their shock break-up<\/a> &#8211; after three weeks of dating following their time in the <a href=\"https:\/\/www.thesun.co.uk\/tv\/love-island\/\" target=\"_blank\" rel=\"noopener\">Love Island<\/a> spin-off villa &#8211; &#8220;wasn&#8217;t weeks in the making.&#8221;<\/p>\n<p><a href=\"#\"><img decoding=\"async\" alt=\"Curtis Pritchard and Ekin-Su Culculoglu at London Fashion Week.\" height=\"960\" width=\"640\" data-credit=\"Getty\" data-img=\"https:\/\/www.europesays.com\/uk\/wp-content\/uploads\/2025\/05\/NINTCHDBPICT000974247070_217eff.jpg\" data-caption=\"The real reason behind Ekin-Su C\u00fclc\u00fclo\u011flu's split with Curtis Pritchard has been revealed\"   loading=\"lazy\" src=\"https:\/\/www.europesays.com\/uk\/wp-content\/uploads\/2025\/05\/NINTCHDBPICT000974247070_217eff.jpg\" role=\"img\"\/><\/a><\/p>\n<p>6<\/p>\n<p>The real reason behind Ekin-Su C\u00fclc\u00fclo\u011flu&#8217;s split with Curtis Pritchard has been revealedCredit: Getty<a href=\"#\"><img decoding=\"async\" alt=\"Curtis Pritchard and Ekin Su.\" height=\"960\" width=\"540\" data-credit=\"Instagram\" data-img=\"https:\/\/www.europesays.com\/uk\/wp-content\/uploads\/2025\/05\/curtis-pritchard-gets-ekin-sus-973238809_90f7d4.jpg\" data-caption=\"The Sun can exclusively reveal the break-up is 'raw' for both parties\"   loading=\"lazy\" src=\"https:\/\/www.europesays.com\/uk\/wp-content\/uploads\/2025\/05\/curtis-pritchard-gets-ekin-sus-973238809_90f7d4.jpg\" role=\"img\"\/><\/a><\/p>\n<p>6<\/p>\n<p>The Sun can exclusively reveal the break-up is &#8216;raw&#8217; for both partiesCredit: Instagram<a href=\"#\"><img decoding=\"async\" alt=\"Woman in white bikini sitting by a hot tub.\" height=\"960\" width=\"768\" data-credit=\"Instagram\" data-img=\"https:\/\/www.europesays.com\/uk\/wp-content\/uploads\/2025\/05\/ekin-su-bikini-927269801_b219c0.jpg\" data-caption=\"Yet Ekin-Su's increasing work commitments Stateside played a part\"   loading=\"lazy\" src=\"https:\/\/www.europesays.com\/uk\/wp-content\/uploads\/2025\/05\/ekin-su-bikini-927269801_b219c0.jpg\" role=\"img\"\/><\/a><\/p>\n<p>6<\/p>\n<p>Yet Ekin-Su&#8217;s increasing work commitments Stateside played a partCredit: Instagram<\/p>\n<p>As such, the split is said to be &#8220;raw&#8221; for both parties who discovered they were &#8220;growing apart&#8221; &#8211; with work opportunities proving a key divide.<\/p>\n<p>A source close to the former couple has now told The Sun of the break-up: \u201cIt was very much a mutual decision, but it happened very recently in the last few days. <\/p>\n<p>&#8220;It certainly wasn&#8217;t weeks in the making, so it&#8217;s still raw for them both but they had a series of crisis talks in the recent days which were emotional for them both.<\/p>\n<p>&#8220;They wanted to make it work, but they felt they like they were growing apart and they couldn&#8217;t see a way forward. <\/p>\n<p>&#8220;One of the biggest issues for their relationship was their busy careers &#8211; it sounds like a cliche but <a href=\"https:\/\/www.thesun.co.uk\/who\/ekin-su-culculoglu\/\" target=\"_blank\" rel=\"noopener\">Ekin<\/a>, 30, is getting a lot of work opportunities out in America, while <a href=\"https:\/\/www.thesun.co.uk\/who\/curtis-pritchard\/\" target=\"_blank\" rel=\"noopener\">Curtis<\/a>, 29, is focussing on his burgeoning boxing career as well as his new investment app. <\/p>\n<p>&#8220;As they are both so busy, it was becoming harder to prioritise the relationship and they realised that wasn&#8217;t a good sign. <\/p>\n<p>&#8220;They are still on really good terms and it&#8217;s all very amicable. <\/p>\n<p>&#8220;Nobody was blindsided, so there is no bad blood between them.&#8221;<\/p>\n<p>The finalists of the hit reality-dating spin-off had\u00a0<a href=\"https:\/\/www.thesun.co.uk\/tv\/35089398\/ekin-su-fuels-curtis-split-rumours-huge-clue\/\" rel=\"noopener\" target=\"_blank\">sparked concern they&#8217;d broken up<\/a>\u00a0earlier this month.<\/p>\n<p>EKIN-SU&#8217;S STATEMENT<\/p>\n<p>Today, Ekin-Su shared a statement on social media confirming they had parted ways.<\/p>\n<p>She said: &#8220;I wanted to share that Curtis and I have decided to go our separate ways.<\/p>\n<p>&#8220;It&#8217;s been a really tough decision, but one made with a lot of love and respect for one another.<\/p>\n<p>&#8220;He&#8217;s an incredible person and I&#8217;ll always cherish the memories we made both in and out of the villa.<\/p>\n<p>&#8220;Thank you all so much for the love and support over the past few months.<\/p>\n<p>ISLE SAY! Love Island couples who are still together<\/p>\n<p><img decoding=\"async\" class=\"lazyload\" alt=\"\" src=\"https:\/\/www.europesays.com\/uk\/wp-content\/uploads\/2025\/05\/tommy-fury-reveals-huge-new-886470849.jpg\"\/><\/p>\n<p class=\"article__content--intro\">WANT proof reality TV series Love Island really works? See here the list of the ITV2 show alum who are still together &#8211; you might be surprised!<\/p>\n<ul>\n<li>Grace and Luca<\/li>\n<li>Elma and Sammy<\/li>\n<li>Harriett and Ronnie<\/li>\n<li>Uma and Wil<\/li>\n<li>Tom and Molly<\/li>\n<li>Josh and Sophie<\/li>\n<li>Molly and Zach<\/li>\n<li>Kai and Sanam<\/li>\n<li>Liam and Millie<\/li>\n<li>Molly-Mae and Tommy<\/li>\n<li>Will and Jessie<\/li>\n<li>Indiyah and Dami<\/li>\n<li>Olivia and Alex<\/li>\n<li>Dom and Jess<\/li>\n<li>Jamie and Camilla<\/li>\n<li>Nathan and Cara<\/li>\n<\/ul>\n<p>&#8220;We&#8217;re both focusing on navigating this transition and would really appreciate privacy during this time.<\/p>\n<p>&#8220;Love always, Ekin-Su xx.&#8221;<\/p>\n<p>The Sun recently exclusively revealed she had\u00a0<a href=\"https:\/\/www.thesun.co.uk\/tv\/34914347\/ekin-su-culculoglulands-us-reality-show-inside-netflix\/\" target=\"_blank\" rel=\"noopener\">bagged a new job Stateside<\/a>\u00a0as her profile continues to rise in the USA.<\/p>\n<p>CURTIS&#8217; TAKE<\/p>\n<p>Curtis <a href=\"https:\/\/www.thesun.co.uk\/tv\/35151326\/curtis-pritchard-breaks-silence-ekin-su-split\" target=\"_blank\" rel=\"noopener\">released his own statement<\/a> shortly after the pair called it quits.<\/p>\n<p>In a message shared with his fans on social media, he wrote: &#8220;Just a quick note to say thank you so much for all the kind messages \u2014 it really does mean the world.<\/p>\n<p>&#8220;It\u2019s true, Ekin and I have decided to go our separate ways. Breakups are never easy, but I\u2019ll always be grateful for the laughs, the adventures, and the memories (especially the dance routines).<\/p>\n<p>He continued: &#8220;She\u2019s an amazing woman and I\u2019ve got nothing but love and respect for her.&#8221;<\/p>\n<p>The statement concluded: &#8220;I\u2019ll be keeping busy with work, boxing, dancing, and working with the team on FINT. Lots of love, Curtis x&#8221;<\/p>\n<p>The former couple made it to the final of the second All Stars series in January this year.<\/p>\n<p>The pair have continually prompted split rumours, with claims first starting to swirl after\u00a0<a href=\"https:\/\/www.thesun.co.uk\/tvandshowbiz\/34561505\/love-island-couple-spend-easter-apart-amid-cheating-allegations\/\" target=\"_blank\" rel=\"noopener\">they spent Easter apart.<\/a><\/p>\n<p>Recently, the Turkish actress and TV star sparked suggestions they&#8217;d broken up after she was seen<a href=\"https:\/\/www.thesun.co.uk\/tv\/34907683\/love-island-ekin-su-curtis-split-rumour-baftas-solo\/\" target=\"_blank\" rel=\"noopener\">\u00a0arriving at the TV Baftas in London solo<\/a>\u00a0&#8211; despite the fact the professional dancer was in the city at the time.<\/p>\n<p>Yet their passionate display at\u00a0<a href=\"https:\/\/www.thesun.co.uk\/who\/curtis-pritchard\/\" target=\"_blank\" rel=\"noopener\">Curtis<\/a>&#8216;\u00a0<a href=\"https:\/\/www.thesun.co.uk\/tvandshowbiz\/34300592\/curtis-pritchard-black-eye-grand-national-ekin-su\/\" target=\"_blank\" rel=\"noopener\">professional boxing debut<\/a>\u00a0on a Misfits card\u00a0seemed to set the record straight.<\/p>\n<p>The pair also found themselves in the midst of a bizarre feud with MAFS star Georges Berthonneau.<\/p>\n<p>He previously claimed Ekin-Su &#8220;cheated&#8221; on him and said they were\u00a0<a href=\"https:\/\/www.thesun.co.uk\/topic\/dating\/\" target=\"_blank\" rel=\"noopener\">dating<\/a>\u00a0before she returned to\u00a0<a href=\"https:\/\/www.thesun.co.uk\/topic\/love-island\/\" target=\"_blank\" rel=\"noopener\">Love Island<\/a>.<\/p>\n<p><a href=\"https:\/\/www.thesun.co.uk\/tv\/34267041\/ekin-su-cheated-love-island-all-stars-mafs-ex\/\" target=\"_blank\" rel=\"noopener\">Georges, 32, claimed he was in a secret 10-month relationship<\/a>\u00a0with Ekin when she entered the All Stars villa this year.<\/p>\n<p><a href=\"#\"><img decoding=\"async\" alt=\"Love Island finalists celebrating at a pool party.\" height=\"540\" width=\"960\" data-credit=\"Rex\" data-img=\"https:\/\/www.europesays.com\/uk\/wp-content\/uploads\/2025\/05\/2025-finalists-celebrate-stars-pool-972856391_c50135.jpg\" data-caption=\"The pair dated for three months after meeting on Love Island: All Stars\"   loading=\"lazy\" src=\"https:\/\/www.europesays.com\/uk\/wp-content\/uploads\/2025\/05\/2025-finalists-celebrate-stars-pool-972856391_c50135.jpg\" role=\"img\"\/><\/a><\/p>\n<p>6<\/p>\n<p>The pair dated for three months after meeting on Love Island: All StarsCredit: Rex<a href=\"#\"><img decoding=\"async\" alt=\"Curtis Pritchard at the Market Place Food Hall party.\" height=\"960\" width=\"640\" data-credit=\"Getty\" data-img=\"https:\/\/www.europesays.com\/uk\/wp-content\/uploads\/2025\/05\/curtis-pritchard-attends-market-place-997269565_2193e9.jpg\" data-caption=\"Curtis said the kind messages in the aftermath of the split 'meant the world'\"   loading=\"lazy\" src=\"https:\/\/www.europesays.com\/uk\/wp-content\/uploads\/2025\/05\/curtis-pritchard-attends-market-place-997269565_2193e9.jpg\" role=\"img\"\/><\/a><\/p>\n<p>6<\/p>\n<p>Curtis said the kind messages in the aftermath of the split &#8216;meant the world&#8217;Credit: Getty<a href=\"#\"><img decoding=\"async\" alt=\"Ekin-Su C\u00fclc\u00fclo\u011flu and Curtis Pritchard in a sauna.\" height=\"960\" width=\"817\" data-credit=\"Instagram\" data-img=\"https:\/\/www.europesays.com\/uk\/wp-content\/uploads\/2025\/05\/ekin-su-curtis-pritchard-hot-977702647_ed0d65.jpg\" data-caption=\"A source told us the break-up happened 'very recently'\"   loading=\"lazy\" src=\"https:\/\/www.europesays.com\/uk\/wp-content\/uploads\/2025\/05\/ekin-su-curtis-pritchard-hot-977702647_ed0d65.jpg\" role=\"img\"\/><\/a><\/p>\n<p>6<\/p>\n<p>A source told us the break-up happened &#8216;very recently&#8217;Credit: Instagram<\/p>\n","protected":false},"excerpt":{"rendered":"THE real reason behind Ekin-Su C\u00fclc\u00fclo\u011flu&#8217;s split with Curtis Pritchard has been revealed after the All Stars duo&hellip;\n","protected":false},"author":2,"featured_media":138873,"comment_status":"","ping_status":"","sticky":false,"template":"","format":"standard","meta":{"footnotes":""},"categories":[3937],"tags":[115,39875,31909,77,383,8988,8986,382,16,15],"class_list":{"0":"post-138872","1":"post","2":"type-post","3":"status-publish","4":"format-standard","5":"has-post-thumbnail","7":"category-tv","8":"tag-celebrity-relationships-and-break-ups","9":"tag-curtis-pritchard","10":"tag-ekin-su-culculoglu","11":"tag-entertainment","12":"tag-love-island","13":"tag-love-island-all-stars","14":"tag-section-tvlove-island","15":"tag-tv","16":"tag-uk","17":"tag-united-kingdom"},"share_on_mastodon":{"url":"https:\/\/pubeurope.com\/@uk\/114585867837212336","error":""},"_links":{"self":[{"href":"https:\/\/www.europesays.com\/uk\/wp-json\/wp\/v2\/posts\/138872","targetHints":{"allow":["GET"]}}],"collection":[{"href":"https:\/\/www.europesays.com\/uk\/wp-json\/wp\/v2\/posts"}],"about":[{"href":"https:\/\/www.europesays.com\/uk\/wp-json\/wp\/v2\/types\/post"}],"author":[{"embeddable":true,"href":"https:\/\/www.europesays.com\/uk\/wp-json\/wp\/v2\/users\/2"}],"replies":[{"embeddable":true,"href":"https:\/\/www.europesays.com\/uk\/wp-json\/wp\/v2\/comments?post=138872"}],"version-history":[{"count":0,"href":"https:\/\/www.europesays.com\/uk\/wp-json\/wp\/v2\/posts\/138872\/revisions"}],"wp:featuredmedia":[{"embeddable":true,"href":"https:\/\/www.europesays.com\/uk\/wp-json\/wp\/v2\/media\/138873"}],"wp:attachment":[{"href":"https:\/\/www.europesays.com\/uk\/wp-json\/wp\/v2\/media?parent=138872"}],"wp:term":[{"taxonomy":"category","embeddable":true,"href":"https:\/\/www.europesays.com\/uk\/wp-json\/wp\/v2\/categories?post=138872"},{"taxonomy":"post_tag","embeddable":true,"href":"https:\/\/www.europesays.com\/uk\/wp-json\/wp\/v2\/tags?post=138872"}],"curies":[{"name":"wp","href":"https:\/\/api.w.org\/{rel}","templated":true}]}}