{"id":144177,"date":"2025-05-30T13:15:10","date_gmt":"2025-05-30T13:15:10","guid":{"rendered":"https:\/\/www.europesays.com\/uk\/144177\/"},"modified":"2025-05-30T13:15:10","modified_gmt":"2025-05-30T13:15:10","slug":"first-steps-statues-reveal-first-official-look-at-the-mcus-franklin-richards","status":"publish","type":"post","link":"https:\/\/www.europesays.com\/uk\/144177\/","title":{"rendered":"FIRST STEPS Statues Reveal First Official Look At The MCU&#8217;s Franklin Richards"},"content":{"rendered":"<p>The Fantastic Four: First Steps takes place in a parallel universe (reportedly designated Earth-828), and that means we&#8217;re getting a bold new take on Marvel&#8217;s First Family.<\/p>\n<p>One of the biggest changes to how these characters are typically portrayed on screen is the addition of Franklin Richards,\u00a0the son of Reed Richards and Sue Storm. In the comics, he&#8217;s a powerful\u00a0reality warper and one\u00a0of the most powerful beings in the universe, even at a young age.<\/p>\n<p>Following Jonathan Hickman&#8217;s Secret Wars, Franklin used his God-like abilities to restore the Multiverse; he&#8217;s that strong. With that in mind, you can likely imagine how the youngest member of this team\u00a0will factor into Avengers: Doomsday and Avengers: Secret Wars.\u00a0<\/p>\n<p>Today, we have a first look at some upcoming statues for The Fantastic Four: First Steps, where Franklin is shown alongside his mother, the Invisible Woman.<\/p>\n<p>There&#8217;s been a Funko Pop version of Franklin floating around, but these statues are movie-accurate and indicate that he&#8217;ll at least be a toddler by the time this movie ends. Heading into Avengers: Doomsday, we&#8217;d bet on him being aged up even further.\u00a0<\/p>\n<p>Has Marvel Studios found a young actor to portray Franklin, or will he be a CG creation? We&#8217;re hoping it&#8217;s not the latter, though Hollywood has largely managed to perfect CG babies in movies and TV shows.\u00a0<\/p>\n<p>You can take a closer look at The Fantastic Four: First Steps&#8217; Franklin Richards in the X posts below.<\/p>\n<p>&#13;<\/p>\n<blockquote class=\"twitter-tweet\"><p>&#13;<\/p>\n<p dir=\"ltr\" lang=\"pt\">FANTASTIC FOUR!! Mais fotos de Franklin Richards na est\u00e1tua de Quarteto Fant\u00e1stico: Primeiros Passos apresentada pela Iron Studios na CCXPMX!! <a href=\"https:\/\/t.co\/nI5okqMIIW\" rel=\"nofollow\" target=\"_blank\">pic.twitter.com\/nI5okqMIIW<\/a><\/p>\n<p>&#13;<br \/>\n\u2014 omelete (@omelete) <a href=\"https:\/\/twitter.com\/omelete\/status\/1928257555463020690?ref_src=twsrc%5Etfw\" rel=\"nofollow noopener\" target=\"_blank\">May 30, 2025<\/a><\/p><\/blockquote>\n<p>&#13;<br \/>\n&#13;<br \/>\n&#13;<\/p>\n<blockquote class=\"twitter-tweet\"><p>&#13;<\/p>\n<p dir=\"ltr\" lang=\"pt\">UM MAIS LINDO QUE O OUTRO!! O visual do novo Quarteto Fant\u00e1stico nas est\u00e1tuas da Iron Studios, em exposi\u00e7\u00e3o na CCXPMX. <a href=\"https:\/\/t.co\/8P5ZFSJ1Z9\" rel=\"nofollow\" target=\"_blank\">pic.twitter.com\/8P5ZFSJ1Z9<\/a><\/p>\n<p>&#13;<br \/>\n\u2014 omelete (@omelete) <a href=\"https:\/\/twitter.com\/omelete\/status\/1928261178733613134?ref_src=twsrc%5Etfw\" rel=\"nofollow noopener\" target=\"_blank\">May 30, 2025<\/a><\/p><\/blockquote>\n<p>&#13;<\/p>\n<p>Set against the vibrant backdrop of a 1960s-inspired, retro-futuristic world, Marvel Studios&#8217;\u00a0The Fantastic Four: First Steps\u00a0introduces Marvel\u2019s First Family\u2014Reed Richards\/Mister Fantastic (Pedro Pascal), Sue Storm\/Invisible Woman (Vanessa Kirby), Johnny Storm\/Human Torch (Joseph Quinn) and Ben Grimm\/The Thing (Ebon Moss-Bachrach) as they face their most daunting challenge yet.<\/p>\n<p>Forced to balance their roles as heroes with the strength of their family bond, they must defend Earth from a ravenous space god called Galactus (Ralph Ineson) and his enigmatic Herald, Silver Surfer (Julia Garner). And if Galactus\u2019 plan to devour the entire planet and everyone on it weren\u2019t bad enough, it suddenly gets very personal.<\/p>\n<p>Paul Walter Hauser, John Malkovich, and Natasha Lyonne have been cast in mystery roles. Robert Downey Jr.&#8217;s Doctor Doom is rumoured to appear, though that&#8217;s surely a given with\u00a0Avengers: Doomsday\u00a0on the way.<\/p>\n<p>Director Matt Shakman worked with both\u00a0Avatar: The Way of Water\u00a0co-writer Josh Friedman and\u00a0WandaVision&#8217;s Cam Squires on\u00a0The Fantastic Four: First Steps&#8217; screenplay, with Eric Pearson (Black Widow) later coming on board for a final polish.<\/p>\n<p>The movie is set to be released in theaters on July 25, 2025.<\/p>\n<p>                <script async src=\"https:\/\/platform.twitter.com\/widgets.js\" charset=\"utf-8\"><\/script><\/p>\n","protected":false},"excerpt":{"rendered":"The Fantastic Four: First Steps takes place in a parallel universe (reportedly designated Earth-828), and that means we&#8217;re&hellip;\n","protected":false},"author":2,"featured_media":144178,"comment_status":"","ping_status":"","sticky":false,"template":"","format":"standard","meta":{"footnotes":""},"categories":[3935],"tags":[77,3943,20192,16,15],"class_list":{"0":"post-144177","1":"post","2":"type-post","3":"status-publish","4":"format-standard","5":"has-post-thumbnail","7":"category-movies","8":"tag-entertainment","9":"tag-movies","10":"tag-the-fantastic-four-first-steps","11":"tag-uk","12":"tag-united-kingdom"},"share_on_mastodon":{"url":"https:\/\/pubeurope.com\/@uk\/114596972117656607","error":""},"_links":{"self":[{"href":"https:\/\/www.europesays.com\/uk\/wp-json\/wp\/v2\/posts\/144177","targetHints":{"allow":["GET"]}}],"collection":[{"href":"https:\/\/www.europesays.com\/uk\/wp-json\/wp\/v2\/posts"}],"about":[{"href":"https:\/\/www.europesays.com\/uk\/wp-json\/wp\/v2\/types\/post"}],"author":[{"embeddable":true,"href":"https:\/\/www.europesays.com\/uk\/wp-json\/wp\/v2\/users\/2"}],"replies":[{"embeddable":true,"href":"https:\/\/www.europesays.com\/uk\/wp-json\/wp\/v2\/comments?post=144177"}],"version-history":[{"count":0,"href":"https:\/\/www.europesays.com\/uk\/wp-json\/wp\/v2\/posts\/144177\/revisions"}],"wp:featuredmedia":[{"embeddable":true,"href":"https:\/\/www.europesays.com\/uk\/wp-json\/wp\/v2\/media\/144178"}],"wp:attachment":[{"href":"https:\/\/www.europesays.com\/uk\/wp-json\/wp\/v2\/media?parent=144177"}],"wp:term":[{"taxonomy":"category","embeddable":true,"href":"https:\/\/www.europesays.com\/uk\/wp-json\/wp\/v2\/categories?post=144177"},{"taxonomy":"post_tag","embeddable":true,"href":"https:\/\/www.europesays.com\/uk\/wp-json\/wp\/v2\/tags?post=144177"}],"curies":[{"name":"wp","href":"https:\/\/api.w.org\/{rel}","templated":true}]}}