{"id":145480,"date":"2025-05-31T00:45:13","date_gmt":"2025-05-31T00:45:13","guid":{"rendered":"https:\/\/www.europesays.com\/uk\/145480\/"},"modified":"2025-05-31T00:45:13","modified_gmt":"2025-05-31T00:45:13","slug":"germanys-interior-minister-launches-new-attacks-on-refugees-and-migrants","status":"publish","type":"post","link":"https:\/\/www.europesays.com\/uk\/145480\/","title":{"rendered":"Germany\u2019s interior minister launches new attacks on refugees and migrants"},"content":{"rendered":"<p><img decoding=\"async\" class=\"db relative center\" loading=\"lazy\" src=\"https:\/\/www.europesays.com\/uk\/wp-content\/uploads\/2025\/05\/f9bca474-2448-478f-81c1-50e3791385b8\" style=\"max-height:100%\"\/>A Syrian refugee who immigrated to Germany due to the war conditions in Syria works in a Syrian restaurant in Berlin, Tuesday, December 10, 2024.  [AP Photo\/Ebrahim Noroozi]<\/p>\n<p>The Merz government, a coalition of the Christian Democrats (CDU\/CSU) and Social Democrats (SPD), is taking substantial action against refugees. On Wednesday, the cabinet approved two legislative proposals by federal Interior Minister Alexander Dobrindt (CSU), which, in the style of the far-right Alternative for Germany (AfD), focus on isolating rather than integrating migrants.<\/p>\n<p>The first law completely halts family reunification for two years for people entitled to subsidiary protection. This mainly affects those who fled years ago from countries ravaged by war and civil war. They have usually been well integrated into working life here for a long time: as doctors or technicians, on the railways or in the catering industry. They were unable to live with their families in their country of origin because they were in danger of life and limb. Now they are being deprived of the last opportunity to bring their spouses and children to join them.<\/p>\n<p>Pro Asyl calls it a \u201cfamily destruction law\u201d and describes it as a \u201ccatastrophe for people who have fled war and persecution.\u201d The Lower Saxony Refugee Council calls the law \u201cterrible and unacceptable in terms of human rights\u201d and comments: \u201cThe draft law is suitable for destroying families that have already been torn apart by flight, often over long periods of time, and are now to remain separated for further years by the authorities.\u201d<\/p>\n<p>Dobrindt\u2019s second bill is also explicitly directed against the improved integration of migrants. It abolishes a regulation that previously allowed \u201cparticularly well-integrated\u201d migrants to apply for naturalisation after just three years instead of five. Both laws still require the approval of the Bundestag (parliament), in which the AfD is the largest opposition party.<\/p>\n<p>Of the 388,000 refugees who have been granted subsidiary protection status by the Federal Office for Migration and Refugees (Bamf), many are from Syria. Increasingly, they must now fear their own deportation. On Wednesday evening, in an interview with Dunja Hajali, presenter of the\u00a0\u201cheute-journal\u00a0tv news\u201d\u00a0programme, Chancellor Friedrich Merz (CDU) said, \u201cThe Syrians in particular can now go back for the most part. And we want to promote this.\u201d<\/p>\n<p>This is also supported by the SPD, which is part of the Merz government. Dirk Wiese, secretary of the SPD parliamentary group, gave assurances that the social democrats were united behind Dobrindt\u2019s domestic policy course. Hakan Demir, an SPD parliamentarian from Berlin Neuk\u00f6lln, expressed understanding for criticism of the proposed legislation in a radio interview \u201cwhen people say that families are being torn apart.\u201d But nevertheless, concluded, \u201cWe have made compromises.\u201d The new coalition had decided to do so.<\/p>\n<p><a class=\"db avenir f6 lh-title pa1 br2 tc mw6 mw7-l bg-black-05 mt3 center\" href=\"https:\/\/www.wsws.org\/en\/special\/pages\/donate.html?utm_source=wsws&amp;utm_medium=in-article-ad&amp;utm_campaign=in-article-ad-dn-may-2025-fund\" target=\"_blank\" rel=\"noopener\"><img decoding=\"async\" class=\"\" src=\"https:\/\/www.europesays.com\/uk\/wp-content\/uploads\/2025\/05\/9dbad965-6508-4120-a510-f78e1392170a\"\/><\/a><\/p>\n<p>In reality, the SPD fully shares Merz and Dobrindt\u2019s AfD course. In January, former federal Interior Minister Nancy Faeser (SPD) had already threatened to\u00a0<a href=\"https:\/\/www.wsws.org\/en\/articles\/2025\/01\/09\/jcqz-j09.html\" target=\"_blank\" rel=\"noopener\">deport thousands of Syrians<\/a>\u00a0living here. In addition, the SPD State Secretary for the Interior in Berlin, Christian Hochgrebe, expressly emphasised that the presumption of innocence\u00a0<a href=\"https:\/\/www.wsws.org\/en\/articles\/2025\/04\/16\/xayn-a16.html\" target=\"_blank\" rel=\"noopener\">could not apply<\/a>\u00a0in the \u201clegal field of immigration and residence law\u201d\u2014a view that is diametrically opposed to general human rights.<\/p>\n<p>The extent to which social democrats and right-wing extremists have now come closer together politically can also be seen at European level. The social democratic Danish head of government, Mette Frederiksen, has written an open letter together with the neo-fascist Italian government head, Giorgia Meloni, attacking the European Court of Human Rights in Strasbourg for blocking deportations, and they are also demanding a review of the European Convention on Human Rights.<\/p>\n<p>In the letter, Frederiksen and Meloni claim that the \u201cprotection of their own population\u201d was more important than the individual rights of migrants. The letter has now also been signed by the heads of government of Poland, Belgium, Austria, Estonia, Latvia, the Czech Republic and Lithuania.<\/p>\n<p>What they shared with Meloni was \u201cpatriotism,\u201d Frederiksen told a Copenhagen newspaper. The Dane, who has been pursuing an austerity and law-and-order policy in her country for years, has many admirers in the German SPD.<\/p>\n<p>Even the\u00a0Bl\u00e4tter f\u00fcr deutsche und internationale Politik, a monthly political magazine whose editors include J\u00fcrgen Habermas and Dan Diner, has praised Frederiksen and defended her from accusations of adopting the xenophobic premises of the right-wing populists. Instead, she was safeguarding the welfare state in a reality characterised by global crises, praised\u00a0Bl\u00e4tter\u00a0author Troels Heeger. Frederiksen was \u201ccurrently attempting a remarkable experiment: the rediscovery of the broad centre.\u201d<\/p>\n<p>The aim of radical right-wing politics is to divide the working class and to make migrants and refugees the scapegoats for the social deterioration caused by the pro-war policies of those in power and the greed of the super-rich. At the same time, the attacks on migrants serve to prepare attacks on the entire population and to further step up the repressive powers of the state.<\/p>\n<p><a class=\"db avenir f6 lh-title pa1 br2 tc mw6 mw7-l bg-black-05 mt3 center\" href=\"https:\/\/www.wsws.org\/en\/special\/pages\/freebogdan.html\" target=\"_blank\" rel=\"noopener\"><img decoding=\"async\" class=\"dn db-m\" src=\"https:\/\/www.europesays.com\/uk\/wp-content\/uploads\/2025\/05\/1748652313_818_a267e9a9-a360-4724-b0af-db66239b3337\"\/><img decoding=\"async\" class=\"db dn-m\" src=\"https:\/\/www.europesays.com\/uk\/wp-content\/uploads\/2025\/05\/1748652313_116_306a06b9-8d68-48fc-a905-ae307559f40f\"\/><\/a><\/p>\n<p>The Merz government, which favours war, cannot tolerate any resistance from its own population. Since taking office three weeks ago, Chancellor Merz has been travelling from one war summit to the next, further entrenching the military \u201cnew era\u201d initiated by his predecessor Olaf Scholz (SPD). On the same day that the cabinet approved Dobrindt\u2019s migration laws, Merz received the Ukrainian head of government Zelensky and granted him a further \u20ac5 billion in war aid.<\/p>\n<p>Merz relies on the fact that as his coalition partner, the SPD fully supports his political course. While CSU Interior Minister Dobrindt is focussing on isolating migrants and the\u00a0<a href=\"https:\/\/www.wsws.org\/en\/articles\/2025\/05\/19\/pspf-m19.html\" target=\"_blank\" rel=\"noopener\">establishment of a police state<\/a>, it is up to the SPD to carry out the attacks on the working class. Vice-Chancellor Lars Klingbeil (SPD), who is also finance minister, and Labour and Social Affairs Minister B\u00e4rbel Bas (SPD) are tasked with pushing through social cuts, austerity measures and harsher labour regulations, such as longer working hours, etc., in close cooperation with the trade unions. Meanwhile, Defence Minister Boris Pistorius (SPD) is in the process of making the whole of society \u201cfit for war.\u201d<\/p>\n<p>When it comes to migration and refugee policy, all the establishment parties\u2014from the AfD, CDU\/CSU and SPD to the Left Party\u2014are moving sharply to the right, while the media is creating the chauvinistic atmosphere needed for imperialist war policy.<\/p>\n<p>The role of the Left Party is to cover up all this. It criticises the new laws wherever its criticism has no effect. But when it comes down to brass tacks, the Left Party proves to be a\u00a0<a href=\"https:\/\/www.wsws.org\/en\/articles\/2025\/05\/19\/mazt-m19.html\" target=\"_blank\" rel=\"noopener\">force for the state<\/a>, as with its\u00a0<a href=\"https:\/\/www.wsws.org\/en\/articles\/2025\/03\/24\/eaza-m24.html\" target=\"_blank\" rel=\"noopener\">approval of the \u20ac1 trillion war package<\/a>\u00a0and most recently in the\u00a0<a href=\"https:\/\/www.wsws.org\/en\/articles\/2025\/05\/10\/iegr-m10.html\" target=\"_blank\" rel=\"noopener\">election of the chancellor<\/a>. Even when Bodo Ramelow was the head of government in Thuringia, the Left Party was already brutally deporting refugees.<\/p>\n<p>Only the Sozialistische Gleichheitspartei (Socialist Equality Party, SGP) categorically rejects any tightening of asylum law. Equal rights for all! We defend the right of every worker to live and work with their families in the country of their choice.<\/p>\n<p>We appeal to all workers, students and young people: Defend refugees and democratic rights! Do not let yourselves be divided. The fight against war, fascism and social cuts requires the unity of the working class across all national borders. Take part in building rank-and-file defence committees in the factories! And build the SGP and the International Committee of the Fourth International with us!<\/p>\n<p>Sign up for the WSWS email newsletter<\/p>\n","protected":false},"excerpt":{"rendered":"A Syrian refugee who immigrated to Germany due to the war conditions in Syria works in a Syrian&hellip;\n","protected":false},"author":2,"featured_media":145481,"comment_status":"","ping_status":"","sticky":false,"template":"","format":"standard","meta":{"footnotes":""},"categories":[5310],"tags":[5108,11850,62633,62632,2000,299,1824,24861],"class_list":{"0":"post-145480","1":"post","2":"type-post","3":"status-publish","4":"format-standard","5":"has-post-thumbnail","7":"category-germany","8":"tag-asylum","9":"tag-austerity","10":"tag-authoritarianism","11":"tag-democratic-rights","12":"tag-eu","13":"tag-europe","14":"tag-germany","15":"tag-militarism"},"share_on_mastodon":{"url":"https:\/\/pubeurope.com\/@uk\/114599685370705635","error":""},"_links":{"self":[{"href":"https:\/\/www.europesays.com\/uk\/wp-json\/wp\/v2\/posts\/145480","targetHints":{"allow":["GET"]}}],"collection":[{"href":"https:\/\/www.europesays.com\/uk\/wp-json\/wp\/v2\/posts"}],"about":[{"href":"https:\/\/www.europesays.com\/uk\/wp-json\/wp\/v2\/types\/post"}],"author":[{"embeddable":true,"href":"https:\/\/www.europesays.com\/uk\/wp-json\/wp\/v2\/users\/2"}],"replies":[{"embeddable":true,"href":"https:\/\/www.europesays.com\/uk\/wp-json\/wp\/v2\/comments?post=145480"}],"version-history":[{"count":0,"href":"https:\/\/www.europesays.com\/uk\/wp-json\/wp\/v2\/posts\/145480\/revisions"}],"wp:featuredmedia":[{"embeddable":true,"href":"https:\/\/www.europesays.com\/uk\/wp-json\/wp\/v2\/media\/145481"}],"wp:attachment":[{"href":"https:\/\/www.europesays.com\/uk\/wp-json\/wp\/v2\/media?parent=145480"}],"wp:term":[{"taxonomy":"category","embeddable":true,"href":"https:\/\/www.europesays.com\/uk\/wp-json\/wp\/v2\/categories?post=145480"},{"taxonomy":"post_tag","embeddable":true,"href":"https:\/\/www.europesays.com\/uk\/wp-json\/wp\/v2\/tags?post=145480"}],"curies":[{"name":"wp","href":"https:\/\/api.w.org\/{rel}","templated":true}]}}