{"id":154497,"date":"2025-06-03T09:54:13","date_gmt":"2025-06-03T09:54:13","guid":{"rendered":"https:\/\/www.europesays.com\/uk\/154497\/"},"modified":"2025-06-03T09:54:13","modified_gmt":"2025-06-03T09:54:13","slug":"folklore-mythology-and-tradition-five-must-see-shows-at-london-gallery-weekend","status":"publish","type":"post","link":"https:\/\/www.europesays.com\/uk\/154497\/","title":{"rendered":"Folklore, mythology and tradition: five must-see shows at London Gallery Weekend"},"content":{"rendered":"<p class=\"pt-dp-p font-text-light font-light text-lg leading-normal tracking-wide mb-base last:mb-0\" itemprop=\"text\">Reflecting a broader <a class=\"transition-all duration-default shadow-internalLink hover:text-red-900\" href=\"https:\/\/www.theartnewspaper.com\/2025\/05\/12\/folk-is-having-a-revivalin-the-art-world-too\" target=\"_blank\" rel=\"noopener\">revival of interest in folklore<\/a>, mythology and traditional processes and rituals, several exhibitions at London Gallery Weekend this year show artists looking back, not forward, for inspiration\u2014a refreshing antidote to our AI-dominated world.<\/p>\n<p class=\"pt-dp-p font-text-light font-light text-lg leading-normal tracking-wide mb-base last:mb-0\" itemprop=\"text\">Some artists are indigenous to a particular culture\u2014the aboriginal artist Emily Kam Kngwarray, for instance\u2014while some are borrowers, such as New Zealand-born Francis Upritchard, a self-confessed \u201cmagpie\u201d who collects influences from ancient mythology to science fiction.<\/p>\n<p class=\"pt-dp-p font-text-light font-light text-lg leading-normal tracking-wide mb-base last:mb-0\" itemprop=\"text\">Here are five shows of female artists that bring tales and traditions from Argentina to Australia to South Korea to the streets of London.<\/p>\n<p><img alt=\"\" loading=\"lazy\" width=\"644\" height=\"973\" decoding=\"async\" data-nimg=\"1\" style=\"color:transparent;height:auto;width:100%;background-size:cover;background-position:50% 50%;background-repeat:no-repeat;background-image:url(&quot;data:image\/svg+xml;charset=utf-8,%3Csvg xmlns='http:\/\/www.w3.org\/2000\/svg' viewBox='0 0 644 973'%3E%3Cfilter id='b' color-interpolation-filters='sRGB'%3E%3CfeGaussianBlur stdDeviation='20'\/%3E%3CfeColorMatrix values='1 0 0 0 0 0 1 0 0 0 0 0 1 0 0 0 0 0 100 -1' result='s'\/%3E%3CfeFlood x='0' y='0' width='100%25' height='100%25'\/%3E%3CfeComposite operator='out' in='s'\/%3E%3CfeComposite in2='SourceGraphic'\/%3E%3CfeGaussianBlur stdDeviation='20'\/%3E%3C\/filter%3E%3Cimage width='100%25' height='100%25' x='0' y='0' preserveAspectRatio='none' style='filter: url(%23b);' href='data:image\/jpeg;base64,\/9j\/2wBDAAYEBQYFBAYGBQYHBwYIChAKCgkJChQODwwQFxQYGBcUFhYaHSUfGhsjHBYWICwgIyYnKSopGR8tMC0oMCUoKSj\/2wBDAQcHBwoIChMKChMoGhYaKCgoKCgoKCgoKCgoKCgoKCgoKCgoKCgoKCgoKCgoKCgoKCgoKCgoKCgoKCgoKCgoKCj\/wAARCAAeABQDASIAAhEBAxEB\/8QAGAAAAwEBAAAAAAAAAAAAAAAAAAYHCAP\/xAApEAABAwQABAUFAAAAAAAAAAACAQMEAAUGEQcSITEIE0FRYRQyQ1Ni\/8QAFgEBAQEAAAAAAAAAAAAAAAAABAMF\/8QAIREAAQMEAQUAAAAAAAAAAAAAAQACAxESITEyQVGR8PH\/2gAMAwEAAhEDEQA\/AKRxevVxsGKDKtLyMPq+AE5rehVetM2FT3rnj0Z+WSFI1ymSJ9y+9RbxCZujIuY+2AoIiLjhknct9ESjh7mlws8ViQZC\/a3eVTH9aeqovxU784SBCLKne\/q0Ko0VzgS2J8NqVEMXGHRQhJOypRVEdZ18QGIJKmNXUlL6Z3QOEP4yTsq\/FTWDb7s7GHHrZMYc89eZtObRL\/NaxzbE4+V2B+2SHTZBzS84d0VKTMM4LwceyRm7LNN91lNAKp6+9Fc17H0bo+91pRSxOiJfyAp1yPCceFtpm2PB7bb7mKDKaFUJELeuvvRTagIiaopazV\/\/2Q=='\/%3E%3C\/svg%3E&quot;)\"  src=\"https:\/\/www.europesays.com\/uk\/wp-content\/uploads\/2025\/06\/d2402ea178f6d68b3f0ae701e2784551366b9cbd-5060x7645.jpg\"\/><\/p>\n<p>Anna Perach&#8217;s Uncanny Valley (2025), made from Axminster yarn and artificial leather<\/p>\n<p>Copyright The Artist<\/p>\n<p>Anna Perach:\u00a0A leap of sympathyRichard Saltoun, 41 Dover St, W1S 4NS, until 24 June<\/p>\n<p class=\"pt-dp-p font-text-light font-light text-lg leading-normal tracking-wide mb-base last:mb-0\" itemprop=\"text\">Born in Ukraine but now based in London, <a class=\"transition-all duration-default shadow-internalLink hover:text-red-900\" href=\"https:\/\/www.theartnewspaper.com\/2024\/05\/03\/thirty-glorious-years-of-gasworks\" target=\"_blank\" rel=\"noopener\">Anna Perach<\/a> takes her exhibition theme from the work of the philosopher Henri Bergson, who said that we must take a \u201cleap of sympathy [faith]\u201d in order to empathise with and relate to others. Perach\u2019s tufted, wearable sculptures, drawings and glass sculptures, set out across Saltoun\u2019s three Mayfair spaces, explore how ancient folklore and storytelling can influence our personal narratives and sense of self, and society\u2019s idea of identity and gender.<\/p>\n<p class=\"pt-dp-p font-text-light font-light text-lg leading-normal tracking-wide mb-base last:mb-0\" itemprop=\"text\">Perach\u2019s protagonists often play with the idea of the \u201cmonstrous\u201d body\u2014witches and the like\u2014and one body of work central to this exhibition is The Uncanny Valley, a creepy procession of 12 tufted heads leading visitors through the gallery. Some feature multiple or oversized eyes, some none, playing with the idea of gaze and identity. The work takes its inspiration from the Russian folktale Vasilisa the Beautiful, in which a series of heads surround the witch Baba Yaga\u2019s house in the forest. <\/p>\n<p class=\"pt-dp-p font-text-light font-light text-lg leading-normal tracking-wide mb-base last:mb-0\" itemprop=\"text\">A leap of sympathy will travel to East Gallery in Norwich in September 2025.<\/p>\n<p><img alt=\"\" loading=\"lazy\" width=\"644\" height=\"429.3333333333333\" decoding=\"async\" data-nimg=\"1\" style=\"color:transparent;height:auto;width:100%;background-size:cover;background-position:50% 50%;background-repeat:no-repeat;background-image:url(&quot;data:image\/svg+xml;charset=utf-8,%3Csvg xmlns='http:\/\/www.w3.org\/2000\/svg' viewBox='0 0 644 429.3333333333333'%3E%3Cfilter id='b' color-interpolation-filters='sRGB'%3E%3CfeGaussianBlur stdDeviation='20'\/%3E%3CfeColorMatrix values='1 0 0 0 0 0 1 0 0 0 0 0 1 0 0 0 0 0 100 -1' result='s'\/%3E%3CfeFlood x='0' y='0' width='100%25' height='100%25'\/%3E%3CfeComposite operator='out' in='s'\/%3E%3CfeComposite in2='SourceGraphic'\/%3E%3CfeGaussianBlur stdDeviation='20'\/%3E%3C\/filter%3E%3Cimage width='100%25' height='100%25' x='0' y='0' preserveAspectRatio='none' style='filter: url(%23b);' href='data:image\/jpeg;base64,\/9j\/2wBDAAYEBQYFBAYGBQYHBwYIChAKCgkJChQODwwQFxQYGBcUFhYaHSUfGhsjHBYWICwgIyYnKSopGR8tMC0oMCUoKSj\/2wBDAQcHBwoIChMKChMoGhYaKCgoKCgoKCgoKCgoKCgoKCgoKCgoKCgoKCgoKCgoKCgoKCgoKCgoKCgoKCgoKCgoKCj\/wAARCAANABQDASIAAhEBAxEB\/8QAFwAAAwEAAAAAAAAAAAAAAAAAAAYHCP\/EACMQAAICAQMDBQAAAAAAAAAAAAECAAMEBQYxBxESFCEkQXL\/xAAUAQEAAAAAAAAAAAAAAAAAAAAD\/8QAGBEAAwEBAAAAAAAAAAAAAAAAAAECERL\/2gAMAwEAAhEDEQA\/ANBZN1gLJQFBUdyzcCJOw9w52oa5qlGe4sAt7V+PAUfceM4fDv8AwZNunWneg3XnFb3dbFLeLcD3hXqpCxnL0qMIQihH\/9k='\/%3E%3C\/svg%3E&quot;)\"  src=\"https:\/\/www.europesays.com\/uk\/wp-content\/uploads\/2025\/06\/13bdd532f78b2507d55b5d1e0ef02286e5716f79-8688x5792.jpg\"\/><\/p>\n<p>Francis Upritchard&#8217;s Any Noise Annoys an Oyster (2024), in balata rubber and bronze<\/p>\n<p>Courtesy of the artist and Kate MacGarry, London<\/p>\n<p>Francis Upritchard: Sing Siren Kate MacGarry, 27 Old Nichol Street, E2 7HR, 6 June-12 July<\/p>\n<p class=\"pt-dp-p font-text-light font-light text-lg leading-normal tracking-wide mb-base last:mb-0\" itemprop=\"text\">Francis Upritchard\u2019s uncanny, darkly playful sculptures draw on all manner of inspiration\u2014ancient art, folklore, the natural world and science fiction. \u201cI\u2019m magpieing,\u201d <a class=\"transition-all duration-default shadow-internalLink hover:text-red-900\" href=\"https:\/\/www.theartnewspaper.com\/2018\/10\/04\/francis-upritchard-the-confessions-of-a-magpie-kiwi\" target=\"_blank\" rel=\"noopener\">she once told The Art Newspaper<\/a>, \u201cI\u2019m always mixing.\u201d<\/p>\n<p class=\"pt-dp-p font-text-light font-light text-lg leading-normal tracking-wide mb-base last:mb-0\" itemprop=\"text\">The New Zealand-born artist\u2019s new show with Kate McGarry includes figurative sculptures in rubber, bronze, ceramic, textiles, stone and glass, alongside works on paper, made initially for her recent exhibition at Kunsthal Charlottenborg, appealingly titled Any Noise Annoys an Oyster. Her works have a way of evoking everything and nothing in particular\u2014forms reminiscent of mythological animals, dinosaurs, and ancient creatures. \u201cI try and embrace how incorrect memory can be,\u201d Upritchard says in a statement. \u201cI\u2019m working the material in reference to human bodies, but remembered human bodies. For me it\u2019s quite important, the incorrect and the not looking just right or just so.\u201d <\/p>\n<p class=\"pt-dp-p font-text-light font-light text-lg leading-normal tracking-wide mb-base last:mb-0\" itemprop=\"text\">Mythological inspiration is strong in these new works\u2014such as Medusa, with eels not snakes for hair, and\u00a0Sing Siren, references the mythical women who would lure sailors with their song\u2014as are Classical references, in the forms of ceramic vessels decorated with scenes from Greek mythology.<\/p>\n<p><img alt=\"\" loading=\"lazy\" width=\"644\" height=\"460.03066666666666\" decoding=\"async\" data-nimg=\"1\" style=\"color:transparent;height:auto;width:100%;background-size:cover;background-position:50% 50%;background-repeat:no-repeat;background-image:url(&quot;data:image\/svg+xml;charset=utf-8,%3Csvg xmlns='http:\/\/www.w3.org\/2000\/svg' viewBox='0 0 644 460.03066666666666'%3E%3Cfilter id='b' color-interpolation-filters='sRGB'%3E%3CfeGaussianBlur stdDeviation='20'\/%3E%3CfeColorMatrix values='1 0 0 0 0 0 1 0 0 0 0 0 1 0 0 0 0 0 100 -1' result='s'\/%3E%3CfeFlood x='0' y='0' width='100%25' height='100%25'\/%3E%3CfeComposite operator='out' in='s'\/%3E%3CfeComposite in2='SourceGraphic'\/%3E%3CfeGaussianBlur stdDeviation='20'\/%3E%3C\/filter%3E%3Cimage width='100%25' height='100%25' x='0' y='0' preserveAspectRatio='none' style='filter: url(%23b);' href='data:image\/jpeg;base64,\/9j\/2wBDAAYEBQYFBAYGBQYHBwYIChAKCgkJChQODwwQFxQYGBcUFhYaHSUfGhsjHBYWICwgIyYnKSopGR8tMC0oMCUoKSj\/2wBDAQcHBwoIChMKChMoGhYaKCgoKCgoKCgoKCgoKCgoKCgoKCgoKCgoKCgoKCgoKCgoKCgoKCgoKCgoKCgoKCgoKCj\/wAARCAAOABQDASIAAhEBAxEB\/8QAGAAAAgMAAAAAAAAAAAAAAAAAAAYFBwj\/xAAgEAABBAIDAAMAAAAAAAAAAAACAAEDBAUGBxEhEzFB\/8QAFAEBAAAAAAAAAAAAAAAAAAAAAP\/EABQRAQAAAAAAAAAAAAAAAAAAAAD\/2gAMAwEAAhEDEQA\/ANN5zIDisTbvGLkMEbm4t9v0knivkVt0O3BNUevYg98ftiFWBYhjswSQzCxRmziQv+s6g9X1DD6zLZkxFf4SsP2fvaBgQhCD\/9k='\/%3E%3C\/svg%3E&quot;)\"  src=\"https:\/\/www.europesays.com\/uk\/wp-content\/uploads\/2025\/06\/dee1e1ef1fe322c16c743b604405667f61ff94a8-3000x2143.jpg\"\/><\/p>\n<p>Soyoung Hyun, Shadow (2024)<\/p>\n<p>Courtesy of the artist<\/p>\n<p>Soyoung Hyun:\u00a0Invitation to a RitualIMT Gallery, Unit 2, 210 Cambridge Heath Road, E2 9NQ UK, until 29 June<\/p>\n<p class=\"pt-dp-p font-text-light font-light text-lg leading-normal tracking-wide mb-base last:mb-0\" itemprop=\"text\">This, the first UK solo show for Paris-based Soyoung Hyun, includes two bodies of related work by the South Korean artist: her Purification box and Shadow series. Both bodies of work deal with memory and the blurred line between presence and absence, drawing on personal and cultural rituals as well as Japanese ceremonial vessels and Beninese ceramics.<\/p>\n<p class=\"pt-dp-p font-text-light font-light text-lg leading-normal tracking-wide mb-base last:mb-0\" itemprop=\"text\">The Purification box series consists of clay vessels decorated with volcanic stones from Mount Etna, serving as memory boxes, to hold and externalise past traumas, obsessions and habits. The Shadow series, meanwhile, takes its inspiration from Korean folklore, in which shadows are seen as evidence of life. Hyun uses clay to sculpt the shadows of vases and flowers into solid form, giving permanence and weight to something ephemeral and intangible.<\/p>\n<p><img alt=\"\" loading=\"lazy\" width=\"644\" height=\"429.3333333333333\" decoding=\"async\" data-nimg=\"1\" style=\"color:transparent;height:auto;width:100%;background-size:cover;background-position:50% 50%;background-repeat:no-repeat;background-image:url(&quot;data:image\/svg+xml;charset=utf-8,%3Csvg xmlns='http:\/\/www.w3.org\/2000\/svg' viewBox='0 0 644 429.3333333333333'%3E%3Cfilter id='b' color-interpolation-filters='sRGB'%3E%3CfeGaussianBlur stdDeviation='20'\/%3E%3CfeColorMatrix values='1 0 0 0 0 0 1 0 0 0 0 0 1 0 0 0 0 0 100 -1' result='s'\/%3E%3CfeFlood x='0' y='0' width='100%25' height='100%25'\/%3E%3CfeComposite operator='out' in='s'\/%3E%3CfeComposite in2='SourceGraphic'\/%3E%3CfeGaussianBlur stdDeviation='20'\/%3E%3C\/filter%3E%3Cimage width='100%25' height='100%25' x='0' y='0' preserveAspectRatio='none' style='filter: url(%23b);' href='data:image\/jpeg;base64,\/9j\/2wBDAAYEBQYFBAYGBQYHBwYIChAKCgkJChQODwwQFxQYGBcUFhYaHSUfGhsjHBYWICwgIyYnKSopGR8tMC0oMCUoKSj\/2wBDAQcHBwoIChMKChMoGhYaKCgoKCgoKCgoKCgoKCgoKCgoKCgoKCgoKCgoKCgoKCgoKCgoKCgoKCgoKCgoKCgoKCj\/wAARCAANABQDASIAAhEBAxEB\/8QAGAAAAgMAAAAAAAAAAAAAAAAAAAcCBQb\/xAAhEAACAgMAAgIDAAAAAAAAAAABAgMEAAUREhQTITEyYf\/EABUBAQEAAAAAAAAAAAAAAAAAAAED\/8QAGREBAQADAQAAAAAAAAAAAAAAAQACEzER\/9oADAMBAAIRAxEAPwBnbvd+nJYjuwdgVyOKv7DKAarRUqybAVp2iuP5fGPoj+HGJsaVfZx+FqJWQHvOZAa2sIFRYwEQcUc\/GQFHtbzFOS9rVdJbVnpe7DCrFQgcgDmGbP0IIyQiKB3v0MMdjGsv\/9k='\/%3E%3C\/svg%3E&quot;)\"  src=\"https:\/\/www.europesays.com\/uk\/wp-content\/uploads\/2025\/06\/7f5c7b05b3bbd4ef187ab25ffb9160ddc9a95e38-6000x4000.jpg\"\/><\/p>\n<p>Installation view, Claudia Alarc\u00f3n &amp; Sil\u00e4t: Choreography of the Imagination at Cecilia Brunson Projects<\/p>\n<p>Photography by Lucy Dawkins, courtesy of Cecilia Brunson Projects<\/p>\n<p>Claudia Alarc\u00f3n &amp; Sil\u00e4t:\u00a0Choreography of the Imagination Cecilia Brunson Projects, 3G Royal Oak Yard, Bermondsey St, SE1 3GE, until 25 July<\/p>\n<p class=\"pt-dp-p font-text-light font-light text-lg leading-normal tracking-wide mb-base last:mb-0\" itemprop=\"text\">Cecilia Brunson, originally from Chile, champions the work of South American artists in a very personal way, from a gallery attached to her family home in Bermondsey. For London Gallery Weekend, Brunson is showing the work of Claudia Alarc\u00f3n, an indigenous textile artist from the Wich\u00ed community of northern Salta in Argentina. The artist is also part of the Sil\u00e4t collective, led by Alarc\u00f3n and made up of of 100 multi-generational women weavers from the Alto la Sierra and La Puntana Wich\u00ed communities. <\/p>\n<p class=\"pt-dp-p font-text-light font-light text-lg leading-normal tracking-wide mb-base last:mb-0\" itemprop=\"text\">Their textiles, perhaps familiar to you from their inclusion in last year\u2019s Venice Biennale, are woven from fibres of the native chaguar plant, a material and practice integral to Wich\u00ed culture\u2014the weavings are thought to communicate unspoken thoughts and the messages of dreams and the subconscious. Their geometric designs are part of a part of a strong tradition in South America, and the gallery points out that Anni Albers collected chaguar textiles from Salta, using their design and weaving method as inspiration for her own work.<\/p>\n<p><img alt=\"\" loading=\"lazy\" width=\"644\" height=\"398.636\" decoding=\"async\" data-nimg=\"1\" style=\"color:transparent;height:auto;width:100%;background-size:cover;background-position:50% 50%;background-repeat:no-repeat;background-image:url(&quot;data:image\/svg+xml;charset=utf-8,%3Csvg xmlns='http:\/\/www.w3.org\/2000\/svg' viewBox='0 0 644 398.636'%3E%3Cfilter id='b' color-interpolation-filters='sRGB'%3E%3CfeGaussianBlur stdDeviation='20'\/%3E%3CfeColorMatrix values='1 0 0 0 0 0 1 0 0 0 0 0 1 0 0 0 0 0 100 -1' result='s'\/%3E%3CfeFlood x='0' y='0' width='100%25' height='100%25'\/%3E%3CfeComposite operator='out' in='s'\/%3E%3CfeComposite in2='SourceGraphic'\/%3E%3CfeGaussianBlur stdDeviation='20'\/%3E%3C\/filter%3E%3Cimage width='100%25' height='100%25' x='0' y='0' preserveAspectRatio='none' style='filter: url(%23b);' href='data:image\/jpeg;base64,\/9j\/2wBDAAYEBQYFBAYGBQYHBwYIChAKCgkJChQODwwQFxQYGBcUFhYaHSUfGhsjHBYWICwgIyYnKSopGR8tMC0oMCUoKSj\/2wBDAQcHBwoIChMKChMoGhYaKCgoKCgoKCgoKCgoKCgoKCgoKCgoKCgoKCgoKCgoKCgoKCgoKCgoKCgoKCgoKCgoKCj\/wAARCAAMABQDASIAAhEBAxEB\/8QAGQAAAgMBAAAAAAAAAAAAAAAAAAUDBAYH\/8QAIhAAAQMEAgMBAQAAAAAAAAAAAQIDBAAFERIGIQcTYSNB\/8QAFQEBAQAAAAAAAAAAAAAAAAAABAP\/xAAdEQACAgEFAAAAAAAAAAAAAAAAAQIRQQMSEyEx\/9oADAMBAAIRAxEAPwBnzK7ym+R3Jll11KW5JJIJ6A76pOL7Ie2lSXnlJUNcAnIP2u33HgdkmzJL77bxcfXuvDnWahHjvj\/qS36HdQrbHs\/tGenNv3I3lhtqsFLxlMW\/xkLU6V\/ssA\/OqK1dksMC0QRGhNqS1sVYKs9mirJdBZNN2f\/Z'\/%3E%3C\/svg%3E&quot;)\"  src=\"https:\/\/www.europesays.com\/uk\/wp-content\/uploads\/2025\/06\/ab21109c5fd950a3d42d825194e4c98a3d3922fe-3000x1857.jpg\"\/><\/p>\n<p>Emily Kam Kngwarray, Alhalker (I), 1992<br \/>\u00a9 Emily Kam Kngwarray\/Copyright Agency<\/p>\n<p>Emily Kam Kngwarray: My Country5 Hanover Square, W1S 1HQ, 6 June-8 August<\/p>\n<p class=\"pt-dp-p font-text-light font-light text-lg leading-normal tracking-wide mb-base last:mb-0\" itemprop=\"text\">Now recognised as a giant of Australian painting, <a class=\"transition-all duration-default shadow-internalLink hover:text-red-900\" href=\"https:\/\/www.theartnewspaper.com\/2023\/12\/01\/superstar-of-australian-art-emily-kam-kngwarray-to-get-tate-modern-show-in-2025\" target=\"_blank\" rel=\"noopener\">Emily Kam Kngwarray<\/a> (around 1914\u20131996) will receive her first solo show at London\u2019s Tate Modern this July. To coincide, Pace will open an exhibition of the Aboriginal artist\u2019s work at its London gallery, in collaboration with the Melbourne-based gallery D\u2019Lan Contemporary. <\/p>\n<p class=\"pt-dp-p font-text-light font-light text-lg leading-normal tracking-wide mb-base last:mb-0\" itemprop=\"text\">Kngwarray was an Elder of the Anmatyerr people of Australia\u2019s Northern Territory and custodian of Alhalker, her ancestral country, which runs deep through all of her work. Her paintings also embody the idea of the Dreaming, a foundational concept of Aboriginal culture which encompasses their spiritual beliefs, lived worldview and creation stories.<\/p>\n<p class=\"pt-dp-p font-text-light font-light text-lg leading-normal tracking-wide mb-base last:mb-0\" itemprop=\"text\">Although Kngwarray only began painting seriously in 1988 when she was in her 70s, she produced an enormous body of around 3,000 works in the eight years before she died. The group of works on show at Pace chart her development from early organic forms to the minimalism of her last works. It will also include contemporary batik works by Aboriginal and Torres Strait Islander artists inspired by Kngwarray.<\/p>\n<p class=\"pt-dp-p font-text-light font-light text-lg leading-normal tracking-wide mb-base last:mb-0\" itemprop=\"text\">\u2022 The Art Newspaper is a media partner of London Gallery Weekend<\/p>\n","protected":false},"excerpt":{"rendered":"Reflecting a broader revival of interest in folklore, mythology and traditional processes and rituals, several exhibitions at London&hellip;\n","protected":false},"author":2,"featured_media":154498,"comment_status":"","ping_status":"","sticky":false,"template":"","format":"standard","meta":{"footnotes":""},"categories":[7757],"tags":[9929,748,393,4845,4884,257,62052,62053,16,15],"class_list":{"0":"post-154497","1":"post","2":"type-post","3":"status-publish","4":"format-standard","5":"has-post-thumbnail","7":"category-london","8":"tag-art-market","9":"tag-britain","10":"tag-england","11":"tag-exhibitions","12":"tag-great-britain","13":"tag-london","14":"tag-london-gallery-weekend","15":"tag-london-gallery-weekend-2025","16":"tag-uk","17":"tag-united-kingdom"},"share_on_mastodon":{"url":"https:\/\/pubeurope.com\/@uk\/114618831043940634","error":""},"_links":{"self":[{"href":"https:\/\/www.europesays.com\/uk\/wp-json\/wp\/v2\/posts\/154497","targetHints":{"allow":["GET"]}}],"collection":[{"href":"https:\/\/www.europesays.com\/uk\/wp-json\/wp\/v2\/posts"}],"about":[{"href":"https:\/\/www.europesays.com\/uk\/wp-json\/wp\/v2\/types\/post"}],"author":[{"embeddable":true,"href":"https:\/\/www.europesays.com\/uk\/wp-json\/wp\/v2\/users\/2"}],"replies":[{"embeddable":true,"href":"https:\/\/www.europesays.com\/uk\/wp-json\/wp\/v2\/comments?post=154497"}],"version-history":[{"count":0,"href":"https:\/\/www.europesays.com\/uk\/wp-json\/wp\/v2\/posts\/154497\/revisions"}],"wp:featuredmedia":[{"embeddable":true,"href":"https:\/\/www.europesays.com\/uk\/wp-json\/wp\/v2\/media\/154498"}],"wp:attachment":[{"href":"https:\/\/www.europesays.com\/uk\/wp-json\/wp\/v2\/media?parent=154497"}],"wp:term":[{"taxonomy":"category","embeddable":true,"href":"https:\/\/www.europesays.com\/uk\/wp-json\/wp\/v2\/categories?post=154497"},{"taxonomy":"post_tag","embeddable":true,"href":"https:\/\/www.europesays.com\/uk\/wp-json\/wp\/v2\/tags?post=154497"}],"curies":[{"name":"wp","href":"https:\/\/api.w.org\/{rel}","templated":true}]}}