{"id":157975,"date":"2025-06-04T16:48:09","date_gmt":"2025-06-04T16:48:09","guid":{"rendered":"https:\/\/www.europesays.com\/uk\/157975\/"},"modified":"2025-06-04T16:48:09","modified_gmt":"2025-06-04T16:48:09","slug":"the-tour-is-a-circus-and-we-are-the-clowns-netflixs-tour-de-france-unchained-to-return-for-final-season","status":"publish","type":"post","link":"https:\/\/www.europesays.com\/uk\/157975\/","title":{"rendered":"&#8216;The Tour is a circus and we are the clowns&#8217; &#8211; Netflix&#8217;s Tour de France: Unchained to return for final season"},"content":{"rendered":"<p>Netflix&#8217;s <a data-analytics-id=\"inline-link\" href=\"https:\/\/www.cyclingweekly.com\/news\/everything-you-need-to-know-about-the-netflix-series-tour-de-france-unchained\" data-before-rewrite-localise=\"https:\/\/www.cyclingweekly.com\/news\/everything-you-need-to-know-about-the-netflix-series-tour-de-france-unchained\" target=\"_blank\" rel=\"noopener\">Tour de France: Unchained<\/a> will return for its final season on 2 July, it was revealed on Wednesday, along with a trailer for the show.<\/p>\n<p>The final season of the documentary, which takes fans behind-the-scenes at the world&#8217;s biggest bike race, will cover the 2024 <a data-analytics-id=\"inline-link\" href=\"https:\/\/www.cyclingweekly.com\/racing\/tour-de-france\" data-before-rewrite-localise=\"https:\/\/www.cyclingweekly.com\/racing\/tour-de-france\" target=\"_blank\" rel=\"noopener\">Tour de France<\/a>, where <a data-analytics-id=\"inline-link\" href=\"https:\/\/www.cyclingweekly.com\/news\/21-things-you-didnt-know-about-tadej-pogacar\" data-before-rewrite-localise=\"https:\/\/www.cyclingweekly.com\/news\/21-things-you-didnt-know-about-tadej-pogacar\" target=\"_blank\" rel=\"noopener\">Tadej Poga\u010dar <\/a>dominated, winning six stages on his way to overall victory. It is expected there will be eight episodes of this season, as there were for the first two. The programme covers the overall story of the race, as well as individual teams, moments and riders throughout.<\/p>\n<p class=\"paywall\" aria-hidden=\"true\">In the trailer, there are references to the new era of the super-teams, with UAE Team Emirates-XRG and Red Bull-Bora-Hansgrohe picked out specifically in the opening shots. Poga\u010dar is shown early on, with his teammate Mikkel Bjerg joking that &#8220;everything the light touches is Tadej\u2019s kingdom&#8221;. <a data-analytics-id=\"inline-link\" href=\"https:\/\/www.cyclingweekly.com\/racing\/end-of-an-era-witnessing-mark-cavendishs-last-ever-tour-de-france-sprint\" data-before-rewrite-localise=\"https:\/\/www.cyclingweekly.com\/racing\/end-of-an-era-witnessing-mark-cavendishs-last-ever-tour-de-france-sprint\" target=\"_blank\" rel=\"noopener\">Mark Cavendish<\/a>, in his final Tour outing, will be included in the documentary, as well as Jonas Vinegaard&#8217;s Visma-Lease a Bike, although they are not included much in the trailer.<\/p>\n<p>You may like<\/p>\n<p class=\"paywall\" aria-hidden=\"true\">Red Bull-Bora-Hansgrohe, meanwhile, are shown as frustrated: &#8220;The Tour is a fucking circus and we are the clowns.&#8221; Rolf Adag, the team&#8217;s sports director, asks: &#8220;Why do we lose our shit on the first day?&#8221;<\/p>\n<p class=\"paywall\" aria-hidden=\"true\">The original season featured Decathlon-AG2R La Mondiale, Alpecin-Deceuninck, Bora-Hansgrohe, EF Education-EasyPost, Groupama-FDJ, Ineos Grenadiers, Visma-Lease a Bike and Soudal Quick-Step, but this has now grown, with UAE Team Emirates-XRG involved, along with Cavendish and his then Astana-Qazaqstan team.<\/p>\n<p class=\"paywall\" aria-hidden=\"true\">While the series has been popular with fans and has brought cycling to a broader audience, Netflix France decided not to renew it for a fourth season, so there will be no Netflix cameras at the race this year.<\/p>\n<p class=\"paywall\" aria-hidden=\"true\">In a statement shared with Cycling Weekly in February, a Netflix spokesperson revealed the third season, due to air in June this year, will be the last.<\/p>\n<p class=\"newsletter-form__strapline\">The latest race content, interviews, features, reviews and expert buying guides, direct to your inbox!<\/p>\n<p class=\"paywall\" aria-hidden=\"true\">\u201cAfter three seasons, we are naturally coming to an end of this cycle,\u201d the statement read. \u201cWe&#8217;re very proud of the work we&#8217;ve done and of the public response to the documentary series, which has allowed us to offer a fresh take on this legendary competition.<\/p>\n<p class=\"paywall\" aria-hidden=\"true\">According to a report in <a data-analytics-id=\"inline-link\" href=\"https:\/\/www.leparisien.fr\/sports\/cyclisme\/tour-de-france\/cyclisme-pourquoi-netflix-va-arreter-sa-serie-sur-le-tour-de-france-13-02-2025-E45WXJLVGZFEDI4463VNM4OZU4.php\" target=\"_blank\" data-url=\"https:\/\/www.leparisien.fr\/sports\/cyclisme\/tour-de-france\/cyclisme-pourquoi-netflix-va-arreter-sa-serie-sur-le-tour-de-france-13-02-2025-E45WXJLVGZFEDI4463VNM4OZU4.php\" referrerpolicy=\"no-referrer-when-downgrade\" data-hl-processed=\"none\" rel=\"noopener\">Le Parisien<\/a>, viewing figures had been weaker than hoped. It is understood that Netflix\u2019s aim with the series was to grow its subscriptions in France, and while figures abroad have been strong, those in France were said to be disappointing.<\/p>\n<p class=\"paywall\" aria-hidden=\"true\">It was produced as a joint venture between Quadbox and Box to Box Films, the makers of F1: Drive to Survive.<\/p>\n<blockquote class=\"twitter-tweet hawk-ignore\" data-lang=\"en\">\n<p lang=\"en\" dir=\"ltr\">Les jambes tremblent d\u00e9j\u00e0.TOUR DE FRANCE : Au c\u0153ur du peloton, saison finale, le 2 juillet. pic.twitter.com\/rdRivEmMFW<a href=\"https:\/\/twitter.com\/cantworkitout\/status\/1930206322005262753\" data-url=\"https:\/\/twitter.com\/cantworkitout\/status\/1930206322005262753\" target=\"_blank\" referrerpolicy=\"no-referrer-when-downgrade\" data-hl-processed=\"none\" rel=\"noopener\">June 4, 2025<\/a><\/p>\n<\/blockquote>\n<p><script async src=\"https:\/\/platform.twitter.com\/widgets.js\" charset=\"utf-8\"><\/script><\/p>\n","protected":false},"excerpt":{"rendered":"Netflix&#8217;s Tour de France: Unchained will return for its final season on 2 July, it was revealed on&hellip;\n","protected":false},"author":2,"featured_media":157976,"comment_status":"","ping_status":"","sticky":false,"template":"","format":"standard","meta":{"footnotes":""},"categories":[4104],"tags":[4230,79,16,15],"class_list":{"0":"post-157975","1":"post","2":"type-post","3":"status-publish","4":"format-standard","5":"has-post-thumbnail","7":"category-cycling","8":"tag-cycling","9":"tag-sports","10":"tag-uk","11":"tag-united-kingdom"},"share_on_mastodon":{"url":"https:\/\/pubeurope.com\/@uk\/114626121142988489","error":""},"_links":{"self":[{"href":"https:\/\/www.europesays.com\/uk\/wp-json\/wp\/v2\/posts\/157975","targetHints":{"allow":["GET"]}}],"collection":[{"href":"https:\/\/www.europesays.com\/uk\/wp-json\/wp\/v2\/posts"}],"about":[{"href":"https:\/\/www.europesays.com\/uk\/wp-json\/wp\/v2\/types\/post"}],"author":[{"embeddable":true,"href":"https:\/\/www.europesays.com\/uk\/wp-json\/wp\/v2\/users\/2"}],"replies":[{"embeddable":true,"href":"https:\/\/www.europesays.com\/uk\/wp-json\/wp\/v2\/comments?post=157975"}],"version-history":[{"count":0,"href":"https:\/\/www.europesays.com\/uk\/wp-json\/wp\/v2\/posts\/157975\/revisions"}],"wp:featuredmedia":[{"embeddable":true,"href":"https:\/\/www.europesays.com\/uk\/wp-json\/wp\/v2\/media\/157976"}],"wp:attachment":[{"href":"https:\/\/www.europesays.com\/uk\/wp-json\/wp\/v2\/media?parent=157975"}],"wp:term":[{"taxonomy":"category","embeddable":true,"href":"https:\/\/www.europesays.com\/uk\/wp-json\/wp\/v2\/categories?post=157975"},{"taxonomy":"post_tag","embeddable":true,"href":"https:\/\/www.europesays.com\/uk\/wp-json\/wp\/v2\/tags?post=157975"}],"curies":[{"name":"wp","href":"https:\/\/api.w.org\/{rel}","templated":true}]}}