{"id":158311,"date":"2025-06-04T19:43:14","date_gmt":"2025-06-04T19:43:14","guid":{"rendered":"https:\/\/www.europesays.com\/uk\/158311\/"},"modified":"2025-06-04T19:43:14","modified_gmt":"2025-06-04T19:43:14","slug":"wednesdays-papers-youth-on-antidepressants-politics-out-of-pride-and-bargain-bakes-yle-news","status":"publish","type":"post","link":"https:\/\/www.europesays.com\/uk\/158311\/","title":{"rendered":"Wednesday&#8217;s papers: Youth on antidepressants, politics out of Pride, and bargain bakes | Yle News"},"content":{"rendered":"<p class=\"sc-jSJJpv sc-cnVfeA kCJIud hhUzkn yle__article__paragraph\">The use of antidepressants among young adults has nearly doubled over the past 10 years, according to data from the Social Insurance Institution of Finland, Kela.<\/p>\n<p class=\"sc-jSJJpv sc-cnVfeA kCJIud hhUzkn yle__article__paragraph\">Helsingin Sanomat <a class=\"sc-jyqoAZ kscyPB yle__article__link\" href=\"https:\/\/www.hs.fi\/suomi\/art-2000011276833.html\" role=\"link\" target=\"_blank\" rel=\"noopener\">reports<\/a> a sharp rise in antidepressant use among young women, with nearly one in five aged 18\u201329 taking such medications last year. Use among young men in the same age group also rose, but more moderately, to 7.5 percent.<\/p>\n<p class=\"sc-jSJJpv sc-cnVfeA kCJIud hhUzkn yle__article__paragraph\">Kela data shows that Finnish children and adolescents use antidepressants and ADHD medications significantly more than their peers in other Nordic countries.<\/p>\n<p class=\"sc-jSJJpv sc-cnVfeA kCJIud hhUzkn yle__article__paragraph\"><strong class=\"sc-eJZSpO xHiCv yle__article__strong\">Miika Vuori<\/strong>, a senior researcher at Kela, told STT that Finland used fewer antidepressants than other Nordic countries 15 years ago, but has since caught up and now surpasses them.<\/p>\n<p class=\"sc-jSJJpv sc-cnVfeA kCJIud hhUzkn yle__article__paragraph\">&#8220;Girls, and especially young women, are more likely to seek healthcare services. So when more people seek care, diagnoses are also more likely,&#8221; Vuori said.<\/p>\n<p class=\"sc-jSJJpv sc-cnVfeA kCJIud hhUzkn yle__article__paragraph\">Psychotherapy is the primary recommended treatment for mild to moderate depression. But Vuori noted that in recent years, it has become clear that short-term therapy is not available in sufficient quantities, which may lead to medication being prescribed more readily.<\/p>\n<p class=\"sc-jSJJpv sc-cnVfeA kCJIud hhUzkn yle__article__paragraph\">About 15 years ago, Finnish children were found to be using ADHD medications less than their Nordic peers, but since then, the number of primary school-aged <a class=\"sc-jyqoAZ kscyPB yle__article__link\" href=\"https:\/\/yle.fi\/a\/74-20148840\" role=\"link\" target=\"_blank\" rel=\"noopener\">boys receiving attention deficit hyperactivity disorder drugs<\/a> has risen sharply.<\/p>\n<p class=\"sc-jSJJpv sc-cnVfeA kCJIud hhUzkn yle__article__paragraph\">A recent All Points North episode looked into why the number of children being diagnosed with ADHD in Finland has surged over the past decade. Listen to the episode via this embedded player, on <a class=\"sc-jyqoAZ kscyPB yle__article__link\" href=\"https:\/\/areena.yle.fi\/podcastit\/1-4355773\" role=\"link\" target=\"_blank\" rel=\"noopener\">Yle Areena<\/a>, via <a class=\"sc-jyqoAZ kscyPB yle__article__link\" href=\"https:\/\/podcasts.apple.com\/us\/podcast\/all-points-north\/id1678541537\" role=\"link\" target=\"_blank\" rel=\"noopener\">Apple<\/a>, <a class=\"sc-jyqoAZ kscyPB yle__article__link\" href=\"https:\/\/open.spotify.com\/show\/11M4NJ3cfmNCo0qYiIXXU1\" role=\"link\" target=\"_blank\" rel=\"noopener\">Spotify<\/a> or wherever you get your podcasts.<\/p>\n<p><strong class=\"sc-budtlk fOhWcy\">Are the kids alright? Finland&#8217;s ADHD generation<\/strong><\/p>\n<p><img decoding=\"async\" alt=\"\" src=\"https:\/\/www.europesays.com\/uk\/wp-content\/uploads\/2025\/06\/39-13007886667245aa35e4.jpeg\" class=\"sc-dibcMh cYuCkg\"\/>Politicians united at Helsinki Pride<\/p>\n<p class=\"sc-jSJJpv sc-cnVfeA kCJIud hhUzkn yle__article__paragraph\">Helsinki Pride will limit the visibility of politicians and political parties in this year\u2019s Pride parade, <a class=\"sc-jyqoAZ kscyPB yle__article__link\" href=\"https:\/\/www.mtvuutiset.fi\/artikkeli\/helsinki-pride-haluaa-rajoittaa-politiikkojen-ja-puolueiden-nakyvyytta\/9168652\" role=\"link\" target=\"_blank\" rel=\"noopener\">reported <\/a>MTV Uutiset.<\/p>\n<p class=\"sc-jSJJpv sc-cnVfeA kCJIud hhUzkn yle__article__paragraph\">The party-specific parade blocs from previous years have been removed, and parties will no longer have the opportunity to become community partners of Helsinki Pride as before, according to organisers.<\/p>\n<p class=\"sc-jSJJpv sc-cnVfeA kCJIud hhUzkn yle__article__paragraph\">This year, politicians can march behind a shared banner for politicians \u2014 the &#8220;Politicians for Rainbow Rights&#8221; block \u2014 instead of under their own party flags.<\/p>\n<p class=\"sc-jSJJpv sc-cnVfeA kCJIud hhUzkn yle__article__paragraph\">According to <strong class=\"sc-eJZSpO xHiCv yle__article__strong\">Annu Kemppainen<\/strong>, Executive Director of Helsinki Pride, politicians\u2019 and parties\u2019 participation in the parade has long sparked strong feelings within the community \u2014 both supportive and critical.<\/p>\n<p class=\"sc-jSJJpv sc-cnVfeA kCJIud hhUzkn yle__article__paragraph\">\u201cNowadays, it seems polarisation has tightened and increased. When parties come together to act as one, the point isn\u2019t which party gets the most visibility, but that everyone joins the parade united for the same cause,&#8221; she said.<\/p>\n<p class=\"sc-jSJJpv sc-cnVfeA kCJIud hhUzkn yle__article__paragraph\">Meanwhile, an announcement that Finnish President <strong class=\"sc-eJZSpO xHiCv yle__article__strong\">Alexander Stubb<\/strong> and his spouse <strong class=\"sc-eJZSpO xHiCv yle__article__strong\">Suzanne Innes-Stubb<\/strong> will serve as <a class=\"sc-jyqoAZ kscyPB yle__article__link\" href=\"https:\/\/yle.fi\/a\/74-20165354\" role=\"link\" target=\"_blank\" rel=\"noopener\">the patrons of Helsinki Pride<\/a> has drawn criticism from some members of Parliament, Ilta-Sanomat <a class=\"sc-jyqoAZ kscyPB yle__article__link\" href=\"https:\/\/www.is.fi\/politiikka\/art-2000011276506.html\" role=\"link\" target=\"_blank\" rel=\"noopener\">reports<\/a>.<\/p>\n<p class=\"sc-jSJJpv sc-cnVfeA kCJIud hhUzkn yle__article__paragraph\">Finns Party MP <strong class=\"sc-eJZSpO xHiCv yle__article__strong\">Onni Rostila<\/strong> has criticised Stubb&#8217;s move, saying it breaks from the more neutral stance of his predecessor, <strong class=\"sc-eJZSpO xHiCv yle__article__strong\">Sauli Niinist\u00f6<\/strong>.<\/p>\n<p class=\"sc-jSJJpv sc-cnVfeA kCJIud hhUzkn yle__article__paragraph\">Christian Democrat MP <strong class=\"sc-eJZSpO xHiCv yle__article__strong\">P\u00e4ivi R\u00e4s\u00e4nen<\/strong> also criticised Stubb\u2019s involvement, writing on X, &#8220;I respect our president, but taking on the role of a Pride figurehead was not a wise move&#8221;.<\/p>\n<p class=\"sc-jSJJpv sc-cnVfeA kCJIud hhUzkn yle__article__paragraph\">While Stubb has served as a Pride patron before, first in 2010 as foreign minister \u2014 this is the first time the role has been held by a sitting president. Former President <strong class=\"sc-eJZSpO xHiCv yle__article__strong\">Tarja Halonen<\/strong> also served as a patron, but only after leaving office. In 2022, Niinist\u00f6&#8217;s spouse <strong class=\"sc-eJZSpO xHiCv yle__article__strong\">Jenni Haukio<\/strong> was a Pride patron.<\/p>\n<p class=\"sc-jSJJpv sc-cnVfeA kCJIud hhUzkn yle__article__paragraph\">Helsinki Pride is Finland\u2019s largest human rights and cultural event, expected to draw over 100,000 participants during Pride Week, held from 23 to 29 June.<\/p>\n<p>Thrifty treats<\/p>\n<p class=\"sc-jSJJpv sc-cnVfeA kCJIud hhUzkn yle__article__paragraph\">Supermarket chain Lidl has announced that this summer, its stores will offer their baked goods at a 50 percent discount from 8 pm onwards in a bid to cut food waste, Iltalehti <a class=\"sc-jyqoAZ kscyPB yle__article__link\" href=\"https:\/\/www.iltalehti.fi\/kotimaa\/a\/1f86faa0-18cc-42c9-9308-971d42798589\" role=\"link\" target=\"_blank\" rel=\"noopener\">reports<\/a>.<\/p>\n<p class=\"sc-jSJJpv sc-cnVfeA kCJIud hhUzkn yle__article__paragraph\">Previously, Lidl sold its leftover bakery items at a clearance price the following day. The company said that evening discounts could be a more effective way to prevent food waste.<\/p>\n<p class=\"sc-jSJJpv sc-cnVfeA kCJIud hhUzkn yle__article__paragraph\">&#8220;Now we want to test over the summer how price reductions on bakery items affect the amount of waste,&#8221; said Lidl\u2019s sustainability manager <strong class=\"sc-eJZSpO xHiCv yle__article__strong\">Annu Puurula.<\/strong><\/p>\n<p class=\"sc-jSJJpv sc-cnVfeA kCJIud hhUzkn yle__article__paragraph\">The new discount will be available every day from June 3 to September 1 in all Lidl stores across Finland.<\/p>\n<p class=\"sc-jSJJpv sc-cnVfeA kCJIud hhUzkn yle__article__paragraph\">According to Lidl&#8217;s sustainability program, the goal is to keep food waste below 1.5 percent. Lidl stated that currently, 1.48 percent of its food products \u2014 equalling 14.8 grams per kilogram \u2014 end up as waste.<\/p>\n<p class=\"sc-jSJJpv sc-cnVfeA kCJIud hhUzkn yle__article__paragraph\"><strong class=\"sc-eJZSpO xHiCv yle__article__strong\">Users with an Yle ID can leave comments on our news stories. You can create your Yle ID via<\/strong> <a class=\"sc-jyqoAZ kscyPB yle__article__link\" href=\"https:\/\/yle.fi\/aihe\/yle-tunnus\/yle-id\" role=\"link\" target=\"_blank\" rel=\"noopener\"><strong class=\"sc-eJZSpO xHiCv yle__article__strong\">this link<\/strong><\/a><strong class=\"sc-eJZSpO xHiCv yle__article__strong\">. Our guidelines on commenting and moderation are explained<\/strong> <a class=\"sc-jyqoAZ kscyPB yle__article__link\" href=\"https:\/\/yle.fi\/aihe\/s\/discussion-policy\" role=\"link\" target=\"_blank\" rel=\"noopener\"><strong class=\"sc-eJZSpO xHiCv yle__article__strong\">here<\/strong><\/a><strong class=\"sc-eJZSpO xHiCv yle__article__strong\">.<\/strong><\/p>\n","protected":false},"excerpt":{"rendered":"The use of antidepressants among young adults has nearly doubled over the past 10 years, according to data&hellip;\n","protected":false},"author":2,"featured_media":158312,"comment_status":"","ping_status":"","sticky":false,"template":"","format":"standard","meta":{"footnotes":""},"categories":[4315],"tags":[105,4326,16,15],"class_list":{"0":"post-158311","1":"post","2":"type-post","3":"status-publish","4":"format-standard","5":"has-post-thumbnail","7":"category-medication","8":"tag-health","9":"tag-medication","10":"tag-uk","11":"tag-united-kingdom"},"share_on_mastodon":{"url":"https:\/\/pubeurope.com\/@uk\/114626809656518913","error":""},"_links":{"self":[{"href":"https:\/\/www.europesays.com\/uk\/wp-json\/wp\/v2\/posts\/158311","targetHints":{"allow":["GET"]}}],"collection":[{"href":"https:\/\/www.europesays.com\/uk\/wp-json\/wp\/v2\/posts"}],"about":[{"href":"https:\/\/www.europesays.com\/uk\/wp-json\/wp\/v2\/types\/post"}],"author":[{"embeddable":true,"href":"https:\/\/www.europesays.com\/uk\/wp-json\/wp\/v2\/users\/2"}],"replies":[{"embeddable":true,"href":"https:\/\/www.europesays.com\/uk\/wp-json\/wp\/v2\/comments?post=158311"}],"version-history":[{"count":0,"href":"https:\/\/www.europesays.com\/uk\/wp-json\/wp\/v2\/posts\/158311\/revisions"}],"wp:featuredmedia":[{"embeddable":true,"href":"https:\/\/www.europesays.com\/uk\/wp-json\/wp\/v2\/media\/158312"}],"wp:attachment":[{"href":"https:\/\/www.europesays.com\/uk\/wp-json\/wp\/v2\/media?parent=158311"}],"wp:term":[{"taxonomy":"category","embeddable":true,"href":"https:\/\/www.europesays.com\/uk\/wp-json\/wp\/v2\/categories?post=158311"},{"taxonomy":"post_tag","embeddable":true,"href":"https:\/\/www.europesays.com\/uk\/wp-json\/wp\/v2\/tags?post=158311"}],"curies":[{"name":"wp","href":"https:\/\/api.w.org\/{rel}","templated":true}]}}