{"id":159525,"date":"2025-06-05T06:36:15","date_gmt":"2025-06-05T06:36:15","guid":{"rendered":"https:\/\/www.europesays.com\/uk\/159525\/"},"modified":"2025-06-05T06:36:15","modified_gmt":"2025-06-05T06:36:15","slug":"the-walking-dead-daryl-dixon-season-3-teases-new-villains-new-faces","status":"publish","type":"post","link":"https:\/\/www.europesays.com\/uk\/159525\/","title":{"rendered":"The Walking Dead: Daryl Dixon Season 3 Teases New Villains &#038; New Faces"},"content":{"rendered":"<p>There are some new faces in <a href=\"https:\/\/comicbook.com\/tag\/the-walking-dead-daryl-dixon\/\" target=\"_blank\" rel=\"noreferrer noopener\">The Walking Dead: Daryl Dixon<\/a> season 3, even if some of those new faces are dead faces. As Daryl (Norman Reedus) and Carol (Melissa McBride) make their way from France to England to find a way across the Atlantic Ocean, the duo will somehow wind up in Spain. But first, they\u2019ll encounter a seemingly friendly survivor in London (played by The Office UK star and co-creator <a href=\"https:\/\/comicbook.com\/the-walking-dead\/news\/daryl-dixon-season-3-casts-stephen-merchant-walking-dead-spinoff\/\" target=\"_blank\" rel=\"noreferrer noopener\">Stephen Merchant<\/a>) and then groups of seemingly unfriendly survivors in Spain: a pack of ax-wielding bikers who look straight out of Mad Max, and skull-clad Viking types on horseback. <\/p>\n<p>\u201cIt\u2019s not so great out there in the world,\u201d Daryl says in the footage before readying a rifle in what appears to be a raid on a Spanish village.<\/p>\n<p><strong>RELATED: <a href=\"https:\/\/comicbook.com\/the-walking-dead\/news\/the-walking-dead-daryl-dixon-season-2-ending-explained-recap-season-3-spain\/\" target=\"_blank\" rel=\"noreferrer noopener\">How The Walking Dead: Daryl Dixon Season 2 Finale Set up Season 3<\/a><\/strong><\/p>\n<p>Here\u2019s the bare-bones logline: \u201cSeason three will follow Daryl Dixon and Carol Peletier as they continue their journey to somehow return home and to the ones they love. As they struggle to find their way back, the path takes them farther astray, leading them through distant lands with ever-changing and unfamiliar conditions as they witness the various effects of the Walker apocalypse.\u201d <\/p>\n<p>\u201cThe characters should not settle down. It should be a road show. They have to keep moving [to return home],\u201d showrunner David Zabel told <a href=\"https:\/\/www.hollywoodreporter.com\/tv\/tv-news\/the-walking-dead-daryl-dixon-the-book-of-carol-season-3-teaser-1236052735\/\" target=\"_blank\" rel=\"noopener\">The Hollywood Reporter<\/a> about the London and Spain-set Daryl Dixon season 3. \u201cAt the end of season two, they\u2019re going somewhere. We don\u2019t know\u00a0exactly\u00a0where, and it\u2019s not a direct line to the next place they go. But the idea is to keep the characters struggling and striving to get home and moving.\u201d <\/p>\n<p><img loading=\"lazy\" decoding=\"async\" width=\"2408\" height=\"1353\" src=\"https:\/\/www.europesays.com\/uk\/wp-content\/uploads\/2025\/06\/The-Walking-Dead-Daryl-Dixon-season-3-Daryl-and-Carol.png\" alt=\"\" class=\"wp-image-1360582\"  \/><\/p>\n<p>After spending the first two seasons in France, Zabel said of exploring other cultures through the zombie apocalypse lens, \u201cThat\u2019s going to be so exciting for reinventing the show. It felt like all signs pointed toward us continuing to move and get to the next place. In seasons five and six, it could be a different place. They\u2019ll keep moving until they get home!\u201d <\/p>\n<p>Season 3 was based in Madrid, with extensive location shooting in the Galicia, Arag\u00f3n, Catalonia and Valencia regions. <\/p>\n<p>AMC already announced that Walking Dead Universe newcomers Eduardo Noriega (The Devil\u2019s Backbone, Vantage Point), \u00d3scar Jaenada (Pirates of the Caribbean: On Stranger Tides, Hern\u00e1n) and Alexandra Masangkay (The Platform, Valley of Shadows) have been cast as series regulars, in addition to Candela Saitta (M\u00e1xima, \u00daltimo primer d\u00eda) and Hugo Arbu\u00e9s (Through My Window, Past Lies). Also cast in undisclosed roles: Greta Fern\u00e1ndez (Los B\u00e1rbaros), Gonzalo Bouza (That Dirty Black Bag), Hada Nieto, Yassmine Othman (And Tomorrow We Will Be Dead), and Cuco Us\u00edn (Kaos). <\/p>\n<p>The Walking Dead: Daryl Dixon season 3 airs this fall on AMC and AMC+. <\/p>\n","protected":false},"excerpt":{"rendered":"There are some new faces in The Walking Dead: Daryl Dixon season 3, even if some of those&hellip;\n","protected":false},"author":2,"featured_media":159526,"comment_status":"","ping_status":"","sticky":false,"template":"","format":"standard","meta":{"footnotes":""},"categories":[3937],"tags":[77,968,67410,67411,67412,382,16,15],"class_list":{"0":"post-159525","1":"post","2":"type-post","3":"status-publish","4":"format-standard","5":"has-post-thumbnail","7":"category-tv","8":"tag-entertainment","9":"tag-regular-news","10":"tag-the-walking-dead","11":"tag-the-walking-dead-daryl-dixon","12":"tag-the-walking-dead-daryl-dixon-the-book-of-carol","13":"tag-tv","14":"tag-uk","15":"tag-united-kingdom"},"share_on_mastodon":{"url":"https:\/\/pubeurope.com\/@uk\/114629377143497360","error":""},"_links":{"self":[{"href":"https:\/\/www.europesays.com\/uk\/wp-json\/wp\/v2\/posts\/159525","targetHints":{"allow":["GET"]}}],"collection":[{"href":"https:\/\/www.europesays.com\/uk\/wp-json\/wp\/v2\/posts"}],"about":[{"href":"https:\/\/www.europesays.com\/uk\/wp-json\/wp\/v2\/types\/post"}],"author":[{"embeddable":true,"href":"https:\/\/www.europesays.com\/uk\/wp-json\/wp\/v2\/users\/2"}],"replies":[{"embeddable":true,"href":"https:\/\/www.europesays.com\/uk\/wp-json\/wp\/v2\/comments?post=159525"}],"version-history":[{"count":0,"href":"https:\/\/www.europesays.com\/uk\/wp-json\/wp\/v2\/posts\/159525\/revisions"}],"wp:featuredmedia":[{"embeddable":true,"href":"https:\/\/www.europesays.com\/uk\/wp-json\/wp\/v2\/media\/159526"}],"wp:attachment":[{"href":"https:\/\/www.europesays.com\/uk\/wp-json\/wp\/v2\/media?parent=159525"}],"wp:term":[{"taxonomy":"category","embeddable":true,"href":"https:\/\/www.europesays.com\/uk\/wp-json\/wp\/v2\/categories?post=159525"},{"taxonomy":"post_tag","embeddable":true,"href":"https:\/\/www.europesays.com\/uk\/wp-json\/wp\/v2\/tags?post=159525"}],"curies":[{"name":"wp","href":"https:\/\/api.w.org\/{rel}","templated":true}]}}