{"id":159967,"date":"2025-06-05T10:30:12","date_gmt":"2025-06-05T10:30:12","guid":{"rendered":"https:\/\/www.europesays.com\/uk\/159967\/"},"modified":"2025-06-05T10:30:12","modified_gmt":"2025-06-05T10:30:12","slug":"raul-fernandez-leaves-for-spain-knowing-he-needs-to-improve-results","status":"publish","type":"post","link":"https:\/\/www.europesays.com\/uk\/159967\/","title":{"rendered":"Ra\u00fal Fern\u00e1ndez leaves for Spain knowing he needs to &#8216;improve results&#8217;"},"content":{"rendered":"<p>Ra\u00fal Fern\u00e1ndez arrives at the Aragon Grand Prix with renewed motivation, after managing to score points at Silverstone with a 12th place finish that earned him four important championship points. The Spanish rider from Trackhouse MotoGP Team sees this home race as an opportunity to confirm recent progress with his Aprilia RS-GP25.<\/p>\n<p>The Aragonese layout brings special memories for Fern\u00e1ndez, who achieved some of his best results there in the junior categories. In 2020, he stepped onto the Moto3 podium with third place, while in 2021, during his brilliant Moto2 campaign, he conquered victory and also recorded the race\u2019s fastest lap.<\/p>\n<p>After some difficulties at Silverstone, where he admits facing physical problems, Fern\u00e1ndez shows confidence in his preparation for Aragon. \u2018Last weekend I enjoyed the Aprilia All Stars a lot. These kinds of events are really nice \u2013 we even tried the old two stroke bike again, which is fantastic!\u2019, revealed the rider, referring to the Italian brand\u2019s promotional event.<\/p>\n<p>Focus is now completely directed towards the Spanish race, where Fern\u00e1ndez hopes to capitalize on recent improvements. \u2018I\u2019m really motivated after we managed to confirm our good feeling in the last two rounds but we still need to improve our results though. At Silverstone, the bike was perfect, but I had a problem with a nerve in my arm\u2019, he explained, revealing the physical constraints he faced.<\/p>\n<p>For Aragon, preparation has been intensified in all aspects. \u2018For Aragon, I am preparing my body even better and I think I can be fast and enjoy this track. The feeling on the bike is very good now, so I\u2019m really happy to go to Aragon, which is another home GP for me\u2019, concluded Fern\u00e1ndez, demonstrating total confidence in his ability to fight for better results.<\/p>\n","protected":false},"excerpt":{"rendered":"Ra\u00fal Fern\u00e1ndez arrives at the Aragon Grand Prix with renewed motivation, after managing to score points at Silverstone&hellip;\n","protected":false},"author":2,"featured_media":159968,"comment_status":"","ping_status":"","sticky":false,"template":"","format":"standard","meta":{"footnotes":""},"categories":[5312],"tags":[2000,299,25671,56422,104],"class_list":{"0":"post-159967","1":"post","2":"type-post","3":"status-publish","4":"format-standard","5":"has-post-thumbnail","7":"category-spain","8":"tag-eu","9":"tag-europe","10":"tag-motogp","11":"tag-raul-fernandez","12":"tag-spain"},"share_on_mastodon":{"url":"https:\/\/pubeurope.com\/@uk\/114630297158342252","error":""},"_links":{"self":[{"href":"https:\/\/www.europesays.com\/uk\/wp-json\/wp\/v2\/posts\/159967","targetHints":{"allow":["GET"]}}],"collection":[{"href":"https:\/\/www.europesays.com\/uk\/wp-json\/wp\/v2\/posts"}],"about":[{"href":"https:\/\/www.europesays.com\/uk\/wp-json\/wp\/v2\/types\/post"}],"author":[{"embeddable":true,"href":"https:\/\/www.europesays.com\/uk\/wp-json\/wp\/v2\/users\/2"}],"replies":[{"embeddable":true,"href":"https:\/\/www.europesays.com\/uk\/wp-json\/wp\/v2\/comments?post=159967"}],"version-history":[{"count":0,"href":"https:\/\/www.europesays.com\/uk\/wp-json\/wp\/v2\/posts\/159967\/revisions"}],"wp:featuredmedia":[{"embeddable":true,"href":"https:\/\/www.europesays.com\/uk\/wp-json\/wp\/v2\/media\/159968"}],"wp:attachment":[{"href":"https:\/\/www.europesays.com\/uk\/wp-json\/wp\/v2\/media?parent=159967"}],"wp:term":[{"taxonomy":"category","embeddable":true,"href":"https:\/\/www.europesays.com\/uk\/wp-json\/wp\/v2\/categories?post=159967"},{"taxonomy":"post_tag","embeddable":true,"href":"https:\/\/www.europesays.com\/uk\/wp-json\/wp\/v2\/tags?post=159967"}],"curies":[{"name":"wp","href":"https:\/\/api.w.org\/{rel}","templated":true}]}}