{"id":167483,"date":"2025-06-08T11:40:17","date_gmt":"2025-06-08T11:40:17","guid":{"rendered":"https:\/\/www.europesays.com\/uk\/167483\/"},"modified":"2025-06-08T11:40:17","modified_gmt":"2025-06-08T11:40:17","slug":"criterium-du-dauphine-stage-1-live-pogacar-vingegaard-and-evenepoel-back-in-action-on-expected-sprint-day","status":"publish","type":"post","link":"https:\/\/www.europesays.com\/uk\/167483\/","title":{"rendered":"Crit\u00e9rium du Dauphin\u00e9 stage 1 LIVE \u2013 Poga\u010dar, Vingegaard and Evenepoel back in action on expected sprint day"},"content":{"rendered":"<p>Refresh <\/p>\n<p>2025-06-08T11:37:17.730Z<\/p>\n<p>The next climb is underway. The C\u00f4te de Dom\u00e9rat is just under 2km in length and the breakaway duo will once again contest the KOM, while behind, the peloton are closing them down rapidly &#8211; the gap is down to just 40 seconds now.<\/p>\n<p>2025-06-08T11:33:34.646Z<\/p>\n<p>Results of the intermediate sprint at Montlu\u00e7on:<\/p>\n<p class=\"paywall\" aria-hidden=\"true\">1. Pierre Thierry (Ark\u00e9a-B&amp;B Hotels), 10 pts \/ 3&#8221;<br \/>2. Paul Ourselin (Cofidis), 6 pts \/ 2&#8221;<br \/>3. Nils Politt (UAE Team Emirates-XRG), 4 pts \/ 1&#8221;<\/p>\n<p>60km to go <\/p>\n<p>2025-06-08T11:29:40.374Z<\/p>\n<p>The gap to the breakaway reduces to under a minute for the first time since they got away.<\/p>\n<p>2025-06-08T11:29:14.973Z<\/p>\n<p>The points go towards the green jersey classification but crucially, there are also 3, 2 and 1 bonus seconds available for the general classification.\u00a0<\/p>\n<p>2025-06-08T11:27:39.111Z<\/p>\n<p>The breakaway approaches the intermediate sprint. They ride over the finish line for the first time, and they don&#8217;t contest the sprint, Ourselin allowing Thierry to take the full ten points. There will be four points remaining for whoever wants to go for it, from the bunch behind. They are approaching now, the gap reducing to 1:15 under the increased pace.<\/p>\n<p class=\"paywall\" aria-hidden=\"true\">Three riders go for the points, with Visma leading out Matteo Jorgenson, but he misses out to Nils Pollitt (UAE Team Emirates), the German coming through on the line to take the final four points.<\/p>\n<p>2025-06-08T11:21:12.594Z<\/p>\n<p>Following the climb, the peloton are riding tempo, arranged in colour blocks, and they have allowed the gap to grow once again to just over 1:30.<\/p>\n<p>2025-06-08T11:18:06.412Z<\/p>\n<p>There&#8217;s a lengthy verbal exchange between the two Frenchmen at the front of the race, before they launch ahead of the third KOM point of the day. Ourselin is clearly the strongest of the pair, and he launches up the climb, distancing Thierry and taking the third available KOM point, to make it three out of three.\u00a0<\/p>\n<p class=\"paywall\" aria-hidden=\"true\">Sadly for his teammate Toumire, the race is already over. The rider abandons following the crash he suffered earlier.<\/p>\n<p>70km to go <\/p>\n<p>2025-06-08T11:14:45.576Z<\/p>\n<p>The gap to the leading duo has tumbled, and currently stands at 1:10, with the next climb approaching in just over a kilometre.<\/p>\n<p>2025-06-08T11:13:11.749Z<\/p>\n<p>Toumire has been distanced following a crash at the back of the bunch.\u00a0<\/p>\n<p>2025-06-08T11:11:17.351Z<\/p>\n<p>One rider, Hugo Toumire of Cofidis, has been distanced from the bunch, and rides alone a minute behind the peloton.<\/p>\n<p>2025-06-08T11:08:14.861Z<\/p>\n<p>As the gap closes to 1:45, Ourselin takes the second KOM point to double his lead.<\/p>\n<p class=\"paywall\" aria-hidden=\"true\">There is just over 8km to the next climb, as the race enters the first of two loops of a circuit around Montlu\u00e7on. The next climb, the C\u00f4te de Buffon, precedes the day&#8217;s intermediate sprint point, as the bunch cross the finish line for the first time.<\/p>\n<p>2025-06-08T11:04:04.365Z<\/p>\n<p>Next up the C\u00f4te d&#8217;Argenty, and the gap holds steady at 1:55. This is a chance for Ourselin to increase his lead in the KOM, or for Thierry to even the score.<\/p>\n<p>80km to go <\/p>\n<p>2025-06-08T11:01:17.741Z<\/p>\n<p>Today is one of the few opportunities for the sprinters at the race &#8211; and there are very few pure sprinters on the start list, as a result. Lidl-Trek have brought the immense power of Jonathan Milan while Israel-Premier Tech have Pascal Ackermann, who took his first victory in two years at the Classique Dunkerque last month.<\/p>\n<p class=\"paywall\" aria-hidden=\"true\">Beyond that, there is Paul Penho\u00ebt\u00a0(Groupama-FDJ), S\u00f8ren W\u00e6renskjold (Uno-X Mobility), Hugo Page (Intermarch\u00e9-Wanty) and Laurence Pithie (Red Bull-Bora-hansgrohe), along with a number of riders with a fast finish, should the opportunity occur &#8211; the likes of Axel Laurance and Sam Watson from Ineos Grenadiers, Jhonatan Narvaez (UAE Team Emirates) and of course, Mathieu van der Poel (Alpecin-Deceuninck). The former world champion is riding despite having broken his wrist in his first mountain-biking race of the season at Nov\u00e9 Mesto just two weeks ago.<\/p>\n<p>2025-06-08T10:56:18.302Z<\/p>\n<p>And it&#8217;s Ourselin who takes the first KOM point for Cofidis, opening his account in that competition. There are six more points up for grabs today, with the climbs coming thick and fast from now on. The next one arrives in just 5km.<\/p>\n<p>2025-06-08T10:52:07.922Z<\/p>\n<p>Onto the climb!<\/p>\n<p class=\"paywall\" aria-hidden=\"true\">Ourselin and Thierry head onto the 2.6km C\u00f4te de Sainte-Th\u00e9rence. They will battle for the first KOM point of the race.<\/p>\n<p class=\"paywall\" aria-hidden=\"true\">They maintain their advantage of 1:55 over the rest of the bunch.<\/p>\n<p>2025-06-08T10:46:35.480Z<\/p>\n<p>The leading duo of Ourselin and Thierry drop down a short descent leading into the first climb of the day, which is now less than two kilometres away.<\/p>\n<p class=\"paywall\" aria-hidden=\"true\">Their gap has dropped just below two minutes.<\/p>\n<p>90km to go <\/p>\n<p>2025-06-08T10:44:58.246Z<\/p>\n<p>Vingegaard&#8217;s bike isn&#8217;t the only machine that&#8217;s been drawing the eye out in France. Indeed, Jake Stewart&#8217;s (Israel Premier-Tech) insane new Factor has been raising eyebrows, ahead of today&#8217;s stage.<\/p>\n<p class=\"paywall\" aria-hidden=\"true\"><a data-analytics-id=\"inline-link\" href=\"https:\/\/www.cyclingnews.com\/news\/how-did-they-keep-this-a-secret-insane-new-factor-prototype-blows-minds-at-the-dauphine\/\" data-before-rewrite-localise=\"https:\/\/www.cyclingnews.com\/news\/how-did-they-keep-this-a-secret-insane-new-factor-prototype-blows-minds-at-the-dauphine\/\" target=\"_blank\" rel=\"noopener\">How did they keep this a secret? Insane new Factor prototype blows minds at the Dauphin\u00e9<\/a><\/p>\n<p>2025-06-08T10:39:11.590Z<\/p>\n<p>The first climb of the day is just a few kilometres away now, and the gap to the break still stands at 2:13.\u00a0<\/p>\n<p>2025-06-08T10:30:48.842Z<\/p>\n<p>With 100 kilometres remaining today&#8217;s race, the riders are almost at the halfway mark.<\/p>\n<p class=\"paywall\" aria-hidden=\"true\">The breakaway&#8217;s advantage has reduced to 2:15.<\/p>\n<p>100km to go <\/p>\n<p>2025-06-08T10:29:37.438Z<\/p>\n<p>Find out more about Jonas Vingegaard&#8217;s new Cerv\u00e9lo S5 below.\u00a0<\/p>\n<p class=\"paywall\" aria-hidden=\"true\"><a data-analytics-id=\"inline-link\" href=\"https:\/\/www.cyclingnews.com\/news\/if-it-aint-broke-dont-fix-it-jonas-vingegaard-spotted-aboard-all-new-cervelo-s5-at-the-dauphine\/\" data-before-rewrite-localise=\"https:\/\/www.cyclingnews.com\/news\/if-it-aint-broke-dont-fix-it-jonas-vingegaard-spotted-aboard-all-new-cervelo-s5-at-the-dauphine\/\" target=\"_blank\" rel=\"noopener\">If it ain&#8217;t broke, don&#8217;t fix it: Jonas Vingegaard spotted aboard all-new Cerv\u00e9lo S5 at the Dauphin\u00e9<\/a><\/p>\n<p>2025-06-08T10:24:57.707Z<\/p>\n<p>With just over 15km remaining to the first climb of the day, the gap to the breakaway stands at 2:25.<\/p>\n<p>2025-06-08T10:22:35.201Z<\/p>\n<p>Though everyone is understandably expecting the fight for the general classification to come down to the titans of the sport in Tadej Poga\u010dar, Jonas Vingegaard and Remco Evenepoel, there are plenty of other times with an interest in their performance throughout the week.\u00a0<\/p>\n<p class=\"paywall\" aria-hidden=\"true\">Some of the other candidates looking to spring a surprise include Enric Mas (Movistar), Lenny Martinez (Bahrain-Victorious), Florian Lipowitz (Red Bull-BORA-hansgrohe) and a second rider for Visma Lease-a-Bike, Matteo Jorgenson. In fact, the American indicated earlier in the season he may be given the opportunity to go for the GC at this race, but much will depend on how Vingegaard is progressing, particularly in view of the fact that this is his first race back since his crash at the Volta Catalunya in April.<\/p>\n<p>2025-06-08T10:15:31.272Z<\/p>\n<p>The average speed after two hours of racing &#8211; 41km\/h.<\/p>\n<p class=\"paywall\" aria-hidden=\"true\">The gap to the lead duo has dipped below two minutes once again, and hovers around 1:50 now.<\/p>\n<p>110km to go <\/p>\n<p>2025-06-08T10:13:02.772Z<\/p>\n<p class=\"vanilla-image-block\" style=\"padding-top:66.70%;\"><img decoding=\"async\" src=\"https:\/\/www.europesays.com\/uk\/wp-content\/uploads\/2025\/06\/TPychc2KpvDPWCaVEPeh3.jpg\" alt=\"XDS Astana Team's Colombian rider Sergio Andres Higuita Garcia (C) and UAE Team Emirates XRG's Slovenian rider Tadej Poga\u00c4\u008dar (R) cycle with the pack of riders during the 1st stage of the 77th edition of the Criterium du Dauphine cycling race, 195,8 km between Dom\u00c3\u00a9rat and Montlucon, on June 8, 2025. (Photo by Anne-Christine POUJOULAT \/ AFP)\"   loading=\"lazy\" data-original-mos=\"https:\/\/www.europesays.com\/uk\/wp-content\/uploads\/2025\/06\/TPychc2KpvDPWCaVEPeh3.jpg\" data-pin-media=\"https:\/\/www.europesays.com\/uk\/wp-content\/uploads\/2025\/06\/TPychc2KpvDPWCaVEPeh3.jpg\"\/><\/p>\n<p>Favourite for the overall victory at this race, world champion Tadej Poga\u010dar is comfortable within the bunch (Image credit: Getty Images)<\/p>\n<p>2025-06-08T10:05:26.750Z<\/p>\n<p>The gap is once again steady at 2:55.<\/p>\n<p class=\"paywall\" aria-hidden=\"true\">The first climb of the day, the C\u00f4te de Sainte-Th\u00e9rence, is 2.6km in length, at an average gradient of 4.6%. It could provide a launchpad for teams looking to try and break up the bunch or drop the pure sprinters.<\/p>\n<p>2025-06-08T09:58:40.577Z<\/p>\n<p>The gap between the breakaway and the bunch is fluctuating &#8211; having dropped once again below two minutes, it&#8217;s now gone back up to 3:10.<\/p>\n<p>120km to go <\/p>\n<p>2025-06-08T09:57:18.546Z<\/p>\n<p class=\"vanilla-image-block\" style=\"padding-top:66.60%;\"><img decoding=\"async\" src=\"https:\/\/www.europesays.com\/uk\/wp-content\/uploads\/2025\/06\/VCekoXvEzGegkWDvQT3BSg.jpg\" alt=\"Arkea - B&amp;B Hotels' French rider Thibault Guernalec (L) and Cofidis' French rider Paul Ourselin cycle in a breakaway past a townhall during the 1st stage of the 77th edition of the Criterium du Dauphine cycling race, 195,8 km between Dom\u00c3\u00a9rat and Montlucon, on June 8, 2025. (Photo by Anne-Christine POUJOULAT \/ AFP)\"   loading=\"lazy\" data-original-mos=\"https:\/\/www.europesays.com\/uk\/wp-content\/uploads\/2025\/06\/VCekoXvEzGegkWDvQT3BSg.jpg\" data-pin-media=\"https:\/\/www.europesays.com\/uk\/wp-content\/uploads\/2025\/06\/VCekoXvEzGegkWDvQT3BSg.jpg\"\/><\/p>\n<p>The breakaway duo of Paul Ourselin (Cofidis) and Pierre Thierry (Ark\u00e9a-B&amp;B Hotels) up the road on stage 1 (Image credit: Getty Images)<\/p>\n<p>2025-06-08T09:54:52.691Z<\/p>\n<p>While the stage has continued at a steady pace so far, the complexion of the race will change somewhat as the bunch turns west and begins to head back north towards the finish.\u00a0<\/p>\n<p class=\"paywall\" aria-hidden=\"true\">The seven categorised climbs of the day will draw out riders seeking points in the KOM competition, and may encourage teams without pure sprinters in their ranks to try and increase the pace in order to make the race hard for the likes of Jonathan Milan and Pascal Ackermann. The first of those climbs comes with 88km to go, in around 35km time.<\/p>\n<p>2025-06-08T09:50:14.902Z<\/p>\n<p>The gap has pushed back out over three minutes and now stands at 3:05 between the leading duo of Ourselin and Thierry, and the pursuing bunch.<\/p>\n<p>130km to go <\/p>\n<p>2025-06-08T09:39:40.936Z<\/p>\n<p>It should also be noted that this is the final race in the career of Romain Bardet (Team Picnic-PostNL). The beloved French rider announced last year that 2025 would be his final season, and rather unconventionally, he opted to conclude his career mid-season, on his home roads at the Dauphin\u00e9.\u00a0<\/p>\n<p class=\"paywall\" aria-hidden=\"true\">It will doubtless be a poignant and emotional week for Bardet and for the legion of fans both in his home nation and beyond, who have supported him on his 13 year pro career.<\/p>\n<p class=\"vanilla-image-block\" style=\"padding-top:66.70%;\"><img decoding=\"async\" src=\"https:\/\/www.europesays.com\/uk\/wp-content\/uploads\/2025\/06\/z8pgkoJK56Mr5SHpRLbnGm.jpg\" alt=\"Team Picnic PostNL's French rider Romain Bardet reacts prior to the start of the 1st stage of the 77th edition of the Criterium du Dauphine cycling race, 195,8 km between Dom\u00c3\u00a9rat and Montlucon, on June 8, 2025. (Photo by Anne-Christine POUJOULAT \/ AFP)\"   loading=\"lazy\" data-original-mos=\"https:\/\/www.europesays.com\/uk\/wp-content\/uploads\/2025\/06\/z8pgkoJK56Mr5SHpRLbnGm.jpg\" data-pin-media=\"https:\/\/www.europesays.com\/uk\/wp-content\/uploads\/2025\/06\/z8pgkoJK56Mr5SHpRLbnGm.jpg\"\/><\/p>\n<p>(Image credit: Getty Images)<\/p>\n<p>2025-06-08T09:36:51.090Z<\/p>\n<p>The peloton seem to have realised that there&#8217;s still a very long way to go, and have relaxed the pace somewhat, allowing the French duo at the head of the race to extend their lead back out to almost three minutes.<\/p>\n<p>140km to go <\/p>\n<p>2025-06-08T09:31:40.004Z<\/p>\n<p>The gap drifts back out to 2:25 as the riders tackle a short uncategorised climb on today&#8217;s slightly undulating profile.<\/p>\n<p class=\"paywall\" aria-hidden=\"true\">Today&#8217;s stage takes place wholly in central France, in the Auvergne-Rh\u00f4ne-Alpes region.<\/p>\n<p>2025-06-08T09:27:55.361Z<\/p>\n<p>50 kilometres down, and the gap continues to come down, dipping just below two minutes.<\/p>\n<p class=\"paywall\" aria-hidden=\"true\">The average pace for the first hour of racing was 42km\/h.<\/p>\n<p>2025-06-08T09:24:57.146Z<\/p>\n<p>With 144km remaining, the gap has reduced to just 2:00 &#8211; the peloton are in danger of catching the break too soon, so may look to ease back on the tempo.<\/p>\n<p>2025-06-08T09:20:24.374Z<\/p>\n<p>Our breakaway pair are both debutants at the Dauphin\u00e9 this year. Paul Ourselin is 31 years old, and has yet to win in his pro career. He joined Cofidis at the beginning of this season, having spent his entire professional career prior to that with TotalEnergies.<\/p>\n<p class=\"paywall\" aria-hidden=\"true\">Pierre Thierry is 22 years old. He turned pro with Ark\u00e9a-B&amp;B Hotels last September, after being promoted from their continental team. He too has yet to record a professional victory.<\/p>\n<p>\n2025-06-08T09:13:42.444Z<br \/>\n150km to go\n<\/p>\n<p>2025-06-08T09:13:21.672Z<\/p>\n<p>The gap holds steady at 3:00 as Matis Louvel (Israel-Premier Tech) and Amanuel Ghebreigzabhier (Lidl-Trek) lead the bunch behind.<\/p>\n<p>2025-06-08T09:07:11.533Z<\/p>\n<p>The peloton have deemed the breakaway were a little too far out of reach for their liking, so they&#8217;ve reeled them back to 3:00.<\/p>\n<p>2025-06-08T09:04:22.854Z<\/p>\n<p>In terms of the route, as always the Crit\u00e9rium du Dauphin\u00e9 offers a variety of stages, backloaded with mountain challenges. Following today&#8217;s undulating stage, which is expected to end in a sprint, tomorrow&#8217;s hilly stage is slightly tougher, and could potentially present an opportunity for a breakaway. <\/p>\n<p>The same applies to stage 3, another hilly stage with a series of climbs that could separate the bunch and potentially invite early action in the general classification. Stage 4 is an individual time trial, while stage 5&#8217;s profile is one of two halves &#8211; first flat, then hilly &#8211; a reduced bunch sprint seems the most likely outcome.<\/p>\n<p class=\"paywall\" aria-hidden=\"true\">Stage 6 sees the race&#8217;s first summit finish into Combloux, before the Queen Stage a day later which takes in a series of classic Alpine passes &#8211; the Cols de la Madeleine and Croix de Fer, and finishing on the Valmeinier 1800.\u00a0<\/p>\n<p class=\"paywall\" aria-hidden=\"true\">The concluding stage finishes atop the Col du Mont-Cenis, and by then, we will have a clearer picture of what we can perhaps expect in a month&#8217;s time at Le Tour.<\/p>\n<p>2025-06-08T08:58:11.554Z<\/p>\n<p>As for the week ahead, it&#8217;s set to offer a fascinating insight into the form of the three top favourites for this year&#8217;s Tour de France, with just four weeks to go before Le Grand D\u00e9part in Lille.\u00a0<\/p>\n<p class=\"paywall\" aria-hidden=\"true\">Poga\u010dar, Vingegaard and Evenepoel have all been cagey in their response to the media ahead of the race, and with Vingegaard not having raced since his crash in Catalunya in April, Poga\u010dar not racing since the conclusion of the Ardennes Classics, and Evenepoel since the Tour of Romandie it will be interesting to see how each approaches the race.<\/p>\n<p>2025-06-08T08:52:07.006Z<\/p>\n<p>The race situation is stable currently, with Lidl-Trek in control of the pace-setting. The breakaway duo have a gap of 3:20 on the peloton.<\/p>\n<p class=\"paywall\" aria-hidden=\"true\">Puncture for Pascal Ackermann (Israel-Premier Tech).\u00a0<\/p>\n<p>\n2025-06-08T08:46:33.230Z<br \/>\n170km to go\n<\/p>\n<p>2025-06-08T08:46:04.794Z<\/p>\n<p>Now the race situation has settled down, let&#8217;s take a look at what&#8217;s on the menu for the peloton today in terms of the course.<\/p>\n<p class=\"paywall\" aria-hidden=\"true\">It&#8217;s expected to be a day for the sprinters, despite a series of climbing challenges in the latter part of the day. Currently, the peloton is covering a long, relatively flat section of the course, which takes up around the first 100 kilometres on the profile.<\/p>\n<p class=\"paywall\" aria-hidden=\"true\">From there, the race takes in seven category 4 climbs along the way to the finish line. The first two are the longest, before enter a circuit around Montlu\u00e7on, so if some of the bunch find themselves losing touch they may have time to get back to the group ahead of the fight for the stage victory.<\/p>\n<p>2025-06-08T08:38:26.621Z<\/p>\n<p>Our two French riders have been allowed up the road and the bunch have settled in to the race, with Lidl-Trek leading the pack on behalf of their sprinter, Jonathan Milan. They&#8217;ve been joined by Israel-Premier Tech, who have Pascal Ackermann among their number for today&#8217;s expected sprint finish in Montlu\u00e7on.<\/p>\n<p>2025-06-08T08:35:10.096Z<\/p>\n<p>Two riders are making a move &#8211; Paul Ourselin of Cofidis and Pierre Thierry of Arkea-B&amp;B Hotels have managed to open up a 20-second gap.<\/p>\n<p class=\"paywall\" aria-hidden=\"true\">Lidl-Trek are driving the chase behind.<\/p>\n<p>2025-06-08T08:24:33.325Z<\/p>\n<p>It&#8217;s the first time we get to see the collective winners of the past five Tours, Poga\u010dar and Vingegaard, race since last season&#8217;s French Grand Tour. It will be a duel when they get to the mountains, but it was all smiles at the start in Dom\u00e9rat.<\/p>\n<p class=\"vanilla-image-block\" style=\"padding-top:66.66%;\"><img decoding=\"async\" src=\"https:\/\/www.europesays.com\/uk\/wp-content\/uploads\/2025\/06\/EPZYyjac2XtMDdyHuVjsnZ.png\" alt=\"DOMERAT, FRANCE - JUNE 08: (L-R) Tadej Pogacar of Slovenia and UAE Team Emirates - XRG and Jonas Vingegaard of Denmark and Team Visma | Lease a Bike prior to the 77th Criterium du Dauphine 2025, Stage 1 a 195.8km stage from Domerat to Montlucon \/ #UCIWT \/ on June 08, 2025 in Domerat, France. (Photo by Dario Belingheri\/Getty Images)\"   loading=\"lazy\" data-original-mos=\"https:\/\/www.europesays.com\/uk\/wp-content\/uploads\/2025\/06\/EPZYyjac2XtMDdyHuVjsnZ.png\" data-pin-media=\"https:\/\/www.europesays.com\/uk\/wp-content\/uploads\/2025\/06\/EPZYyjac2XtMDdyHuVjsnZ.png\"\/><\/p>\n<p>(Image credit: Getty Images)<\/p>\n<p>2025-06-08T08:23:36.007Z<\/p>\n<p>The Dauphin\u00e9 is always one of the most anticipated one-week stage races of the season, as one of the key form-markers for the Tour de France, but it&#8217;s even more special in 2025, with all of Tadej Poga\u010dar (UAE Team Emirates-XRG), Jonas Vingegaard (Visma-Lease a Bike) and Remco Evenepoel (Soudal-QuickStep) all taking the start.<\/p>\n<p>2025-06-05T18:44:58.785Z<\/p>\n<p>Bonjour and welcome to Cyclingnews&#8217; live coverage of the opening stage of this year&#8217;s Crit\u00e9rium du Dauphin\u00e9!<\/p>\n","protected":false},"excerpt":{"rendered":"Refresh 2025-06-08T11:37:17.730Z The next climb is underway. The C\u00f4te de Dom\u00e9rat is just under 2km in length and&hellip;\n","protected":false},"author":2,"featured_media":167484,"comment_status":"","ping_status":"","sticky":false,"template":"","format":"standard","meta":{"footnotes":""},"categories":[4104],"tags":[4230,79,16,15],"class_list":{"0":"post-167483","1":"post","2":"type-post","3":"status-publish","4":"format-standard","5":"has-post-thumbnail","7":"category-cycling","8":"tag-cycling","9":"tag-sports","10":"tag-uk","11":"tag-united-kingdom"},"share_on_mastodon":{"url":"https:\/\/pubeurope.com\/@uk\/114647559494293128","error":""},"_links":{"self":[{"href":"https:\/\/www.europesays.com\/uk\/wp-json\/wp\/v2\/posts\/167483","targetHints":{"allow":["GET"]}}],"collection":[{"href":"https:\/\/www.europesays.com\/uk\/wp-json\/wp\/v2\/posts"}],"about":[{"href":"https:\/\/www.europesays.com\/uk\/wp-json\/wp\/v2\/types\/post"}],"author":[{"embeddable":true,"href":"https:\/\/www.europesays.com\/uk\/wp-json\/wp\/v2\/users\/2"}],"replies":[{"embeddable":true,"href":"https:\/\/www.europesays.com\/uk\/wp-json\/wp\/v2\/comments?post=167483"}],"version-history":[{"count":0,"href":"https:\/\/www.europesays.com\/uk\/wp-json\/wp\/v2\/posts\/167483\/revisions"}],"wp:featuredmedia":[{"embeddable":true,"href":"https:\/\/www.europesays.com\/uk\/wp-json\/wp\/v2\/media\/167484"}],"wp:attachment":[{"href":"https:\/\/www.europesays.com\/uk\/wp-json\/wp\/v2\/media?parent=167483"}],"wp:term":[{"taxonomy":"category","embeddable":true,"href":"https:\/\/www.europesays.com\/uk\/wp-json\/wp\/v2\/categories?post=167483"},{"taxonomy":"post_tag","embeddable":true,"href":"https:\/\/www.europesays.com\/uk\/wp-json\/wp\/v2\/tags?post=167483"}],"curies":[{"name":"wp","href":"https:\/\/api.w.org\/{rel}","templated":true}]}}