{"id":168234,"date":"2025-06-08T18:21:14","date_gmt":"2025-06-08T18:21:14","guid":{"rendered":"https:\/\/www.europesays.com\/uk\/168234\/"},"modified":"2025-06-08T18:21:14","modified_gmt":"2025-06-08T18:21:14","slug":"edinburghs-pink-perfect-summer-the-citys-first-rose-wine-trail-taking-flight","status":"publish","type":"post","link":"https:\/\/www.europesays.com\/uk\/168234\/","title":{"rendered":"Edinburgh&#8217;s pink perfect summer &#8211; the city&#8217;s first ros\u00e9 wine trail taking flight"},"content":{"rendered":"<p>        Edinburgh is about to get a rosy glow this summer with the launch of the city\u2019s inaugural Ros\u00e9 Wine Trail. This promises to be a delightful journey transforming a typical afternoon or evening out into a sophisticated wine adventure exploring different areas of the city \u2013 great if you have friends visiting.<\/p>\n<p>The trail features three distinguished venues from the Signature Group: <a href=\"https:\/\/mclarensonthecorner.co.uk\/edinburghs-first-rose-trail\/\" target=\"_blank\" rel=\"noopener\">McLarens on the Corner<\/a> in Morningside, <a href=\"https:\/\/thehuxley.co.uk\/edinburghs-first-rose-trail\/\" target=\"_blank\" rel=\"noopener\">The Huxley<\/a> on Rutland Street, and <a href=\"https:\/\/www.copperblossom.com\/edinburghs-first-rose-trail\/\" target=\"_blank\" rel=\"noopener\">Copper Blossom<\/a> on George Street, each offering its own unique atmosphere.<\/p>\n<p><img data-recalc-dims=\"1\" fetchpriority=\"high\" decoding=\"async\" width=\"414\" height=\"475\" src=\"https:\/\/www.europesays.com\/uk\/wp-content\/uploads\/2025\/06\/Screenshot-2025-06-07-at-14.30.53-1.png\" alt=\"\" class=\"wp-image-600579\"  \/><\/p>\n<p>Wine enthusiasts can indulge in carefully curated ros\u00e9 selections, creative ros\u00e9-inspired cocktails, or opt for the complete experience with a tasting flight.<\/p>\n<p>The \u00a315 flight offers three 125ml glasses each of the crisp Mirabello Adria Vini from Lombardia, Italy; the classic Ch\u00e2teau Routas from C\u00f4tes de Provence, France; and the sophisticated M by Minuty, also from C\u00f4tes de Provence.<\/p>\n<p>For those seeking bubbles, the selection extends to include Della Vite Ros\u00e9 Sparkling from Valdobbiadene and their non-alcoholic sparkling alternative for designated drivers and non-drinkers.<\/p>\n<p>The experience goes beyond just wine, with each venue offering an array of carefully crafted small bites designed to complement the ros\u00e9 selection.<\/p>\n<p>Expect indulgent treats like baked Camembert served with focaccia croutons and fresh crudit\u00e9s, aromatic garlic-buttered flatbreads paired with pomegranate and baked beetroot hummus, perfectly charred tikka skewers, and the uniquely Scottish touch of haggis bon bons accompanied by blistered Padr\u00f3n peppers.<\/p>\n<p>The trail operates on a delightfully interactive passport system \u2013 collect your free passport from any participating venue, gather stamps from each stop, and you\u2019ll be entered into a draw for the ultimate prize: a dreamy getaway to Provence, the very heart of ros\u00e9 country.<\/p>\n<p>This summer initiative perfectly captures Edinburgh\u2019s evolving food and drink scene, combining the city\u2019s love for quality wine with its appetite for culinary exploration.<\/p>\n<p>Whether you\u2019re a ros\u00e9 aficionado or simply curious about pink wine, this trail offers an accessible and enjoyable way to discover new flavours while exploring different corners of the city.<\/p>\n<p><img loading=\"lazy\" data-recalc-dims=\"1\" decoding=\"async\" width=\"696\" height=\"1007\" src=\"https:\/\/www.europesays.com\/uk\/wp-content\/uploads\/2025\/06\/Screenshot-2025-06-03-at-11.53.28.webp\" alt=\"\" class=\"wp-image-600683\"  \/><a href=\"https:\/\/theedinburghreporter.co.uk\/2025\/06\/edinburghs-pink-perfect-summer-the-citys-first-rose-wine-trail-taking-flight\/?print=pdf\" class=\"pdfprnt-button pdfprnt-button-pdf\" target=\"_blank\" rel=\"noopener\"><img data-recalc-dims=\"1\" decoding=\"async\" src=\"https:\/\/www.europesays.com\/uk\/wp-content\/uploads\/2025\/06\/1749406873_615_pdf.png\" alt=\"image_pdf\" title=\"View PDF\"\/><\/a><a href=\"https:\/\/theedinburghreporter.co.uk\/2025\/06\/edinburghs-pink-perfect-summer-the-citys-first-rose-wine-trail-taking-flight\/?print=print\" class=\"pdfprnt-button pdfprnt-button-print\" target=\"_blank\" rel=\"noopener\"><img data-recalc-dims=\"1\" decoding=\"async\" src=\"https:\/\/www.europesays.com\/uk\/wp-content\/uploads\/2025\/06\/1749406874_648_print.png\" alt=\"image_print\" title=\"Print Content\"\/><\/a><\/p>\n<p><a class=\"m-a-box-avatar-url\" href=\"https:\/\/theedinburghreporter.co.uk\/author\/kerry-teakle\/\" target=\"_blank\" rel=\"noopener\"><img loading=\"lazy\" decoding=\"async\" alt=\"\" src=\"https:\/\/www.europesays.com\/uk\/wp-content\/uploads\/2025\/06\/2023038fec25252cdf6c20b643699859f3060dacfbf6586786872ccf5498578b\"  class=\"avatar avatar-100 photo\" height=\"100\" width=\"100\" itemprop=\"image\"\/><\/a>Like this:<\/p>\n<p>Like Loading&#8230;<\/p>\n<p><a class=\"sd-link-color\"\/><\/p>\n<p>\n\tRelated<\/p>\n","protected":false},"excerpt":{"rendered":"Edinburgh is about to get a rosy glow this summer with the launch of the city\u2019s inaugural Ros\u00e9&hellip;\n","protected":false},"author":2,"featured_media":168235,"comment_status":"","ping_status":"","sticky":false,"template":"","format":"standard","meta":{"footnotes":""},"categories":[8816],"tags":[748,1102,4154,4155,4884,712,16,15],"class_list":{"0":"post-168234","1":"post","2":"type-post","3":"status-publish","4":"format-standard","5":"has-post-thumbnail","7":"category-edinburgh","8":"tag-britain","9":"tag-edinburgh","10":"tag-edinburgh-local-news","11":"tag-edinburgh-news","12":"tag-great-britain","13":"tag-scotland","14":"tag-uk","15":"tag-united-kingdom"},"share_on_mastodon":{"url":"https:\/\/pubeurope.com\/@uk\/114649136315468656","error":""},"_links":{"self":[{"href":"https:\/\/www.europesays.com\/uk\/wp-json\/wp\/v2\/posts\/168234","targetHints":{"allow":["GET"]}}],"collection":[{"href":"https:\/\/www.europesays.com\/uk\/wp-json\/wp\/v2\/posts"}],"about":[{"href":"https:\/\/www.europesays.com\/uk\/wp-json\/wp\/v2\/types\/post"}],"author":[{"embeddable":true,"href":"https:\/\/www.europesays.com\/uk\/wp-json\/wp\/v2\/users\/2"}],"replies":[{"embeddable":true,"href":"https:\/\/www.europesays.com\/uk\/wp-json\/wp\/v2\/comments?post=168234"}],"version-history":[{"count":0,"href":"https:\/\/www.europesays.com\/uk\/wp-json\/wp\/v2\/posts\/168234\/revisions"}],"wp:featuredmedia":[{"embeddable":true,"href":"https:\/\/www.europesays.com\/uk\/wp-json\/wp\/v2\/media\/168235"}],"wp:attachment":[{"href":"https:\/\/www.europesays.com\/uk\/wp-json\/wp\/v2\/media?parent=168234"}],"wp:term":[{"taxonomy":"category","embeddable":true,"href":"https:\/\/www.europesays.com\/uk\/wp-json\/wp\/v2\/categories?post=168234"},{"taxonomy":"post_tag","embeddable":true,"href":"https:\/\/www.europesays.com\/uk\/wp-json\/wp\/v2\/tags?post=168234"}],"curies":[{"name":"wp","href":"https:\/\/api.w.org\/{rel}","templated":true}]}}