{"id":175543,"date":"2025-06-11T11:38:09","date_gmt":"2025-06-11T11:38:09","guid":{"rendered":"https:\/\/www.europesays.com\/uk\/175543\/"},"modified":"2025-06-11T11:38:09","modified_gmt":"2025-06-11T11:38:09","slug":"excitement-in-spain-after-king-felipes-decision-is-revealed-something-unbelievable-will-happen","status":"publish","type":"post","link":"https:\/\/www.europesays.com\/uk\/175543\/","title":{"rendered":"Excitement in Spain after King Felipe&#8217;s decision is revealed: something unbelievable will happen"},"content":{"rendered":"<p>The Royal Household has surprised the country with an announcement that has caused a wave of excitement throughout Spain. <a href=\"https:\/\/es.e-noticies.cat\/gente\/rey-felipe-rompe-su-silencio-familia-real-ya-conoce-su-tajante-decision#:~:text=El%20rey%20Felipe%20VI%20ha%20roto%20su%20silencio,revertir%20la%20despoblaci%C3%B3n%20rural%20es%20urgente%20y%20posible.\" title=\"King Felipe breaks his silence: the Royal Family is already aware of his firm decision\" target=\"_blank\" rel=\"noopener\">Felipe VI<\/a> has decided to commemorate his tenth anniversary on the throne with a highly symbolic gesture that brings him closer to the public. It has been confirmed that Valencia will be the setting for a unique concert performed by the Royal Guard Music Unit, an event that has thrilled thousands of people.<\/p>\n<p>The city of Valencia has been chosen as the venue for the tribute, which has been received with great joy by its residents. The concert will take place at the Palau de la M\u00fasica on June 14 at 7:00 p.m. and will be open to the public free of charge. This official event commemorates the ten years since the king&#8217;s proclamation, which took place on June 19, 2014.<\/p>\n<p><img decoding=\"async\" style=\"width:100%\" src=\"https:\/\/www.europesays.com\/uk\/wp-content\/uploads\/2025\/06\/felipe-vi-reina-letizia-saludo-valencia_1200_800.webp.webp\" class=\"img-responsive lazyload\" alt=\"Felipe VI and Queen Letizia greet a group of people surrounding them while taking photos with their phones.\" title=\"Felipe VI and Queen Letizia greet a group of people surrounding them while taking photos with their phones.\"\/><\/p>\n<p>| Europa Press<\/p>\n<p>The Royal Guard Music Unit has been chosen as the main participant in this event for its tradition, prestige, and artistic excellence. This historic ensemble, heir to the former Alabarderos Band founded in 1874, represents the bond between the monarchy and the people. Their participation also symbolizes the solemn and emotional nature of the tribute to the monarch.<\/p>\n<p>                    A unique event that will honor King Felipe VI and Spanish culture<\/p>\n<p>The concert&#8217;s repertoire will include carefully selected compositions that pay tribute to King Felipe VI and Spanish culture. Two pieces written especially for the occasion stand out: X Aniversario de un Reinado by Fernando Lizana, and Obertura Rey Felipe VI by renowned composer \u00d3scar Navarro. These works have been created for this historic anniversary and will be performed for the first time.<\/p>\n<p><img decoding=\"async\" style=\"width:100%\" src=\"https:\/\/www.europesays.com\/uk\/wp-content\/uploads\/2025\/06\/foto-de-la-unidad-de-musica-de-la-guardia-real-espanola_1200_800.webp.webp\" class=\"img-responsive lazyload\" alt=\"A uniformed military band performs music outdoors under the direction of a conductor in front of a historic building.\" title=\"A uniformed military band performs music outdoors under the direction of a conductor in front of a historic building.\"\/><\/p>\n<p>| Europa Press<\/p>\n<p>The event will also feature the participation of other prominent musical units, such as the High Readiness Land Headquarters of Valencia. Under the direction of Fernando Lizana and with the collaboration of musicians like Commander Armando Bernab\u00e9u, the concert promises to be an unforgettable experience. In addition, voices such as soprano Mar\u00eda Benito and traditional musicians like dol\u00e7ainers Isaac Verd\u00fa and Manel \u00dabeda will provide a special richness of sound.<\/p>\n<p>Ticket access will begin on June 10 and tickets can be obtained both online and at the Palau box office. A maximum of two tickets per person will be allowed to ensure greater public participation. High demand is expected, as the event has caused great anticipation in the media and on social media.<\/p>\n<p>Felipe VI, symbol of closeness and commitment to the Valencian people<\/p>\n<p>This celebration not only commemorates a decade of reign, but also seeks to strengthen the king&#8217;s closeness to the citizens. In a gesture that has been interpreted as one of gratitude and commitment, Felipe VI has wanted this event to be free, accessible, and deeply rooted in culture. The combination of music, tradition, and symbolism makes it a highly desired occasion.<\/p>\n<p class=\"facebookChannelText\"><a href=\"https:\/\/www.facebook.com\/RoyalsCelebs\" target=\"_blank\" rel=\"nofollow noreferrer noopener\" title=\"Follow us in Facebook\"><img loading=\"lazy\" decoding=\"async\" width=\"30\" height=\"30\" class=\"lazyload\" alt=\"logo facebook\" src=\"\/filesedc\/uploads\/other\/facebook.gif\"\/><b>\u00a0 NEW ON FACEBOOK!<\/b> \ud83d\udcf2 Click here to receive the hottest royal and celebrity news directly to your Facebook, for FREE and EXCLUSIVE! Don&#8217;t miss out!<\/a><\/p>\n<p>The Valencian people are already preparing to host this festive day, which is anticipated to be one of the most important events of the year. Local authorities have expressed their satisfaction at having been chosen as the venue for the official tenth anniversary event. Without a doubt, June 14 will be marked in the collective memory as a day of celebration, music, and unity in honor of the king.<\/p>\n","protected":false},"excerpt":{"rendered":"The Royal Household has surprised the country with an announcement that has caused a wave of excitement throughout&hellip;\n","protected":false},"author":2,"featured_media":175544,"comment_status":"","ping_status":"","sticky":false,"template":"","format":"standard","meta":{"footnotes":""},"categories":[5312],"tags":[2000,299,104],"class_list":{"0":"post-175543","1":"post","2":"type-post","3":"status-publish","4":"format-standard","5":"has-post-thumbnail","7":"category-spain","8":"tag-eu","9":"tag-europe","10":"tag-spain"},"share_on_mastodon":{"url":"https:\/\/pubeurope.com\/@uk\/114664538665442522","error":""},"_links":{"self":[{"href":"https:\/\/www.europesays.com\/uk\/wp-json\/wp\/v2\/posts\/175543","targetHints":{"allow":["GET"]}}],"collection":[{"href":"https:\/\/www.europesays.com\/uk\/wp-json\/wp\/v2\/posts"}],"about":[{"href":"https:\/\/www.europesays.com\/uk\/wp-json\/wp\/v2\/types\/post"}],"author":[{"embeddable":true,"href":"https:\/\/www.europesays.com\/uk\/wp-json\/wp\/v2\/users\/2"}],"replies":[{"embeddable":true,"href":"https:\/\/www.europesays.com\/uk\/wp-json\/wp\/v2\/comments?post=175543"}],"version-history":[{"count":0,"href":"https:\/\/www.europesays.com\/uk\/wp-json\/wp\/v2\/posts\/175543\/revisions"}],"wp:featuredmedia":[{"embeddable":true,"href":"https:\/\/www.europesays.com\/uk\/wp-json\/wp\/v2\/media\/175544"}],"wp:attachment":[{"href":"https:\/\/www.europesays.com\/uk\/wp-json\/wp\/v2\/media?parent=175543"}],"wp:term":[{"taxonomy":"category","embeddable":true,"href":"https:\/\/www.europesays.com\/uk\/wp-json\/wp\/v2\/categories?post=175543"},{"taxonomy":"post_tag","embeddable":true,"href":"https:\/\/www.europesays.com\/uk\/wp-json\/wp\/v2\/tags?post=175543"}],"curies":[{"name":"wp","href":"https:\/\/api.w.org\/{rel}","templated":true}]}}