{"id":175597,"date":"2025-06-11T12:07:09","date_gmt":"2025-06-11T12:07:09","guid":{"rendered":"https:\/\/www.europesays.com\/uk\/175597\/"},"modified":"2025-06-11T12:07:09","modified_gmt":"2025-06-11T12:07:09","slug":"criterium-du-dauphine-stage-4-time-trial-start-times-cycling-weekly","status":"publish","type":"post","link":"https:\/\/www.europesays.com\/uk\/175597\/","title":{"rendered":"Crit\u00e9rium du Dauphin\u00e9 stage 4 time trial start times &#8211; Cycling Weekly"},"content":{"rendered":"<ol>\n<li><a href=\"https:\/\/news.google.com\/rss\/articles\/CBMikwFBVV95cUxOWFVmdEVaOUxraEVfclpISXBVMmF6V1E0TzM4UDk5VGY1azJvaFQwTUI2VngxbHYtaVZnUFNMTG5xcUJCTGhVSjRXNmp0LWtBejQzUk5Pc0ZaTzRxcEFZN0xzQ202WEcyaFZRMXc2aDlRTlhUM3FjOU0zMGhYRk10UWtQYmNXeE9icDRoajU3dHNsSTQ?oc=5\" target=\"_blank\" rel=\"noopener\">Crit\u00e9rium du Dauphin\u00e9 stage 4 time trial start times<\/a>&nbsp;&nbsp;Cycling Weekly<\/li>\n<li><a href=\"https:\/\/news.google.com\/rss\/articles\/CBMilgFBVV95cUxQMWFFTktlTjFxcWpNZF9DR19kb0lEYmxiQ0Z6ejBtODV3eTkwMllFdEg1YXdMMW1BTVJNVlAxTHJDOElSdVpESHJvbi1TTHZ6cFMxX3l2V1VPLU85SmdpaDFHdGhwYWUwaEZ3VksySmctMElPQTJmSlhUdEFPS2E5b19PZnlZdkxpRVE4ZU5MZ2NaUS00a0E?oc=5\" target=\"_blank\" rel=\"noopener\">Crit\u00e9rium du Dauphin\u00e9 2025 stage 4 time trial start times<\/a>&nbsp;&nbsp;Cyclingnews<\/li>\n<li><a href=\"https:\/\/news.google.com\/rss\/articles\/CBMigAJBVV95cUxNc2k1X0xuS2RJb1I4YVpqWnRKTkttTnFSd2xqbWZlZVc1ZGlVZjNZM0gyWVB0LS1SZmFYR3dMdEFvb0RtRF9EcWdGMWt4RTRBR0JEbVJ0anV5dTh2Z1A5QktEeHMwUG1IU2trNTZWOWlwMEJwZ3hxeWNqVk9JWkdsYjVwSUJMYTRZWUc3aG1aWFlzbjNheTk3S1hlcC1wMTQ5cGo5alVwaVp4LTdOZGpYRFpqVlFYV011c3J0UHRWTnpoY1VocTFEZE91QXZadnRPQ3RxQnVqZUZYVEhEMW04ZkhvVmNiemNTb3E0TnNkZGZqanRLVFdxY09hLWdGR25X?oc=5\" target=\"_blank\" rel=\"noopener\">Start Times &amp; Order | Criterium du Dauphin\u00e9 Stage 4 ITT<\/a>&nbsp;&nbsp;CyclingUpToDate.com<\/li>\n<li><a href=\"https:\/\/news.google.com\/rss\/articles\/CBMi4wFBVV95cUxQT2ZKbU1TaFp4aEZsaGRVc1lPSlZoQjVQNFNIcFg3VmRmMVI0OGlxeS11NnVkeTQyRXZtelh3eHJvMmNSdnlPTGRaUkRpeWdRQW1QWmdSZFJwMjdiSWpJU0xJRWdTZ1dveTQ2bjZJWUtxOHBUODYzWFlXN2kybEVxVlcxU2NCelZhalJDUW05aGVOcVdMeEFZQVV4YTZxR0RpNTRfZF8wZFNScC1id0dLVzJkRWV3eWlDV2Q5RG5HbGFkY2FkWnRiR2xUa1FGX1pkWGhKMWJaYzlQdzB6dkZxQWFNWQ?oc=5\" target=\"_blank\" rel=\"noopener\">&#8216;We&#8217;re confident that I&#8217;m in good shape&#8217; \u2013 Remco\u2026<\/a>&nbsp;&nbsp;inkl<\/li>\n<li><a href=\"https:\/\/news.google.com\/rss\/articles\/CBMirwFBVV95cUxOTUpOUGpwV1c3aWVaRURkamtKSHVFNVd1WE55VVBsQU9CNDJrbTZWUV82dXA3S28yYU1YQWNvQjdOT2FIVGNhbUw3MGQyMi1lZTBidjlscS13Xy1QSWFTY0E0Y2VRNFZRNUZ2ZTRBRjJFLXBBWHZ3RmlGczJyemJQQmhNZzJqRjkzM1A0RnVBaGhOdVhveG1ibkptNDFZOFpzLWlWX29US3dHZDBEUXJv?oc=5\" target=\"_blank\" rel=\"noopener\">Dauphin\u00e9 TT preview: a true test for Poga\u010dar, Vingegaard and Evenepoel<\/a>&nbsp;&nbsp;Canadian Cycling Magazine<\/li>\n<\/ol>\n","protected":false},"excerpt":{"rendered":"Crit\u00e9rium du Dauphin\u00e9 stage 4 time trial start times&nbsp;&nbsp;Cycling Weekly Crit\u00e9rium du Dauphin\u00e9 2025 stage 4 time trial&hellip;\n","protected":false},"author":2,"featured_media":175598,"comment_status":"","ping_status":"","sticky":false,"template":"","format":"standard","meta":{"footnotes":""},"categories":[4104],"tags":[4230,79,16,15],"class_list":{"0":"post-175597","1":"post","2":"type-post","3":"status-publish","4":"format-standard","5":"has-post-thumbnail","7":"category-cycling","8":"tag-cycling","9":"tag-sports","10":"tag-uk","11":"tag-united-kingdom"},"share_on_mastodon":{"url":"https:\/\/pubeurope.com\/@uk\/114664652398720836","error":""},"_links":{"self":[{"href":"https:\/\/www.europesays.com\/uk\/wp-json\/wp\/v2\/posts\/175597","targetHints":{"allow":["GET"]}}],"collection":[{"href":"https:\/\/www.europesays.com\/uk\/wp-json\/wp\/v2\/posts"}],"about":[{"href":"https:\/\/www.europesays.com\/uk\/wp-json\/wp\/v2\/types\/post"}],"author":[{"embeddable":true,"href":"https:\/\/www.europesays.com\/uk\/wp-json\/wp\/v2\/users\/2"}],"replies":[{"embeddable":true,"href":"https:\/\/www.europesays.com\/uk\/wp-json\/wp\/v2\/comments?post=175597"}],"version-history":[{"count":0,"href":"https:\/\/www.europesays.com\/uk\/wp-json\/wp\/v2\/posts\/175597\/revisions"}],"wp:featuredmedia":[{"embeddable":true,"href":"https:\/\/www.europesays.com\/uk\/wp-json\/wp\/v2\/media\/175598"}],"wp:attachment":[{"href":"https:\/\/www.europesays.com\/uk\/wp-json\/wp\/v2\/media?parent=175597"}],"wp:term":[{"taxonomy":"category","embeddable":true,"href":"https:\/\/www.europesays.com\/uk\/wp-json\/wp\/v2\/categories?post=175597"},{"taxonomy":"post_tag","embeddable":true,"href":"https:\/\/www.europesays.com\/uk\/wp-json\/wp\/v2\/tags?post=175597"}],"curies":[{"name":"wp","href":"https:\/\/api.w.org\/{rel}","templated":true}]}}