{"id":177118,"date":"2025-06-12T01:17:20","date_gmt":"2025-06-12T01:17:20","guid":{"rendered":"https:\/\/www.europesays.com\/uk\/177118\/"},"modified":"2025-06-12T01:17:20","modified_gmt":"2025-06-12T01:17:20","slug":"brexit-pushes-gibraltar-into-eu-customs-union-and-schengen-area","status":"publish","type":"post","link":"https:\/\/www.europesays.com\/uk\/177118\/","title":{"rendered":"Brexit pushes Gibraltar into EU customs union and Schengen area"},"content":{"rendered":"<p>\t\t\t\t\t\t\t\t\t\t\t\t\t\t<img loading=\"lazy\" decoding=\"async\" width=\"800\" height=\"533\" alt=\"Brexit pushes Gibraltar into EU customs union and Schengen area \" title=\"Brexit pushes Gibraltar into EU customs union and Schengen area \" src=\"https:\/\/www.europesays.com\/uk\/wp-content\/uploads\/2025\/06\/1749661544.jpg\" data-rjs=\"2\"\/><\/p>\n<p>Nicolas Tucat\/AFP via Getty Images<\/p>\n<p><strong><strong> Britain and the EU have reached a new Brexit agreement under which Gibraltar will open its borders with Spain, eliminate passport controls with the EU, and join the EU customs union. <\/strong><\/strong><\/p>\n<p>The British Overseas Territory will effectively join the EU\u2019s Schengen passport-free area for the first time \u2014 meaning smoother crossings for the 15,000 people who commute across its borders daily, <a href=\"https:\/\/news.az\/\" target=\"_blank\" rel=\"noopener\">News.Az<\/a> reports citing <a href=\"https:\/\/www.politico.eu\/article\/brexit-gibraltar-deal-eu-customs-union-schengen-sefcovic\/\" rel=\"nofollow noopener\" target=\"_blank\">Politico<\/a>.<\/p>\n<p>Speaking in Brussels on Wednesday, EU Trade Commissioner Maro\u0161 \u0160ef\u010dovi\u010d described the agreement as a \u201ctruly historic milestone\u201d that would remove \u201call physical barriers, checks and controls on people and goods\u201d crossing the border while bringing legal certainty.<\/p>\n<p>Gibraltar\u2019s government has sought such a deal for years \u2014 complaining that border crossings have become more onerous since Brexit, to the detriment of people living and working in the territory.<\/p>\n<p>Spanish Foreign Minister Jos\u00e9 Manuel Albares said the agreement meant that \u201cthe last wall on continental Europe\u201d would disappear and free movement of people would reign.<\/p>\n<p><a href=\"https:\/\/news.az\/\" target=\"_blank\" rel=\"noopener\">News.Az<\/a>\u00a0<\/p>\n","protected":false},"excerpt":{"rendered":"Nicolas Tucat\/AFP via Getty Images Britain and the EU have reached a new Brexit agreement under which Gibraltar&hellip;\n","protected":false},"author":2,"featured_media":177119,"comment_status":"","ping_status":"","sticky":false,"template":"","format":"standard","meta":{"footnotes":""},"categories":[5226],"tags":[802,748,73101,2000,299,5187,1699,14093,4884,34589,16,15],"class_list":{"0":"post-177118","1":"post","2":"type-post","3":"status-publish","4":"format-standard","5":"has-post-thumbnail","7":"category-brexit","8":"tag-brexit","9":"tag-britain","10":"tag-custome","11":"tag-eu","12":"tag-europe","13":"tag-european","14":"tag-european-union","15":"tag-gibraltar","16":"tag-great-britain","17":"tag-schengen-area","18":"tag-uk","19":"tag-united-kingdom"},"share_on_mastodon":{"url":"https:\/\/pubeurope.com\/@uk\/114667758934550036","error":""},"_links":{"self":[{"href":"https:\/\/www.europesays.com\/uk\/wp-json\/wp\/v2\/posts\/177118","targetHints":{"allow":["GET"]}}],"collection":[{"href":"https:\/\/www.europesays.com\/uk\/wp-json\/wp\/v2\/posts"}],"about":[{"href":"https:\/\/www.europesays.com\/uk\/wp-json\/wp\/v2\/types\/post"}],"author":[{"embeddable":true,"href":"https:\/\/www.europesays.com\/uk\/wp-json\/wp\/v2\/users\/2"}],"replies":[{"embeddable":true,"href":"https:\/\/www.europesays.com\/uk\/wp-json\/wp\/v2\/comments?post=177118"}],"version-history":[{"count":0,"href":"https:\/\/www.europesays.com\/uk\/wp-json\/wp\/v2\/posts\/177118\/revisions"}],"wp:featuredmedia":[{"embeddable":true,"href":"https:\/\/www.europesays.com\/uk\/wp-json\/wp\/v2\/media\/177119"}],"wp:attachment":[{"href":"https:\/\/www.europesays.com\/uk\/wp-json\/wp\/v2\/media?parent=177118"}],"wp:term":[{"taxonomy":"category","embeddable":true,"href":"https:\/\/www.europesays.com\/uk\/wp-json\/wp\/v2\/categories?post=177118"},{"taxonomy":"post_tag","embeddable":true,"href":"https:\/\/www.europesays.com\/uk\/wp-json\/wp\/v2\/tags?post=177118"}],"curies":[{"name":"wp","href":"https:\/\/api.w.org\/{rel}","templated":true}]}}