{"id":177320,"date":"2025-06-12T03:08:09","date_gmt":"2025-06-12T03:08:09","guid":{"rendered":"https:\/\/www.europesays.com\/uk\/177320\/"},"modified":"2025-06-12T03:08:09","modified_gmt":"2025-06-12T03:08:09","slug":"2025-criterium-du-dauphine-stage-5-preview-cycling-mole","status":"publish","type":"post","link":"https:\/\/www.europesays.com\/uk\/177320\/","title":{"rendered":"2025 Criterium du Dauphin\u00e9 Stage 5 Preview &#8211; Cycling Mole"},"content":{"rendered":"<ol>\n<li><a href=\"https:\/\/news.google.com\/rss\/articles\/CBMihAFBVV95cUxNa2YxYXBqc2paOUxQT0JSS3AyRFltdWU3SlJoXzdFMENPSkFyMGpPX1ZmNjNKUW1nVmtXcGNVYmItQnEwMHo3QkZMNnM5SXhRRzZSbmM3VmF4ZTFNYlRDQkliV1ZlZG9qRVN5dllNVElmX3Y4eThNRkoyTUVjYjNMbGp3VW8?oc=5\" target=\"_blank\" rel=\"noopener\">2025 Criterium du Dauphin\u00e9 Stage 5 Preview<\/a>&nbsp;&nbsp;Cycling Mole<\/li>\n<li><a href=\"https:\/\/news.google.com\/rss\/articles\/CBMigwFBVV95cUxOVFJjdW5DZUlOeURBQ0ZJUG1xMFplRnZfTVV0ZkdZZ3J0aVFCRThUeDhGY3lzaXJfQkoyRmppRF9Qc19KNkxtdjI3d0JZOHRMS2N4UHdfU1UyYVRlWldXQlU4anduR3FYSkF2eFFuWWRibTBoSE5GY29YQjhsV29oRTVwVQ?oc=5\" target=\"_blank\" rel=\"noopener\">Criterium Du Dauphine Highlights &#8211; Series 11 &#8211; Episode 1<\/a>&nbsp;&nbsp;ITVX<\/li>\n<li><a href=\"https:\/\/news.google.com\/rss\/articles\/CBMiZkFVX3lxTE9pTVFSM1lYV3BxaXVNRE44WWdPMzBIOGFSbWd0dURsTzZGQkI5dHVNZEcxemtmWFVRUWJLdjA2VkFhSWJXdExVek5vVnprem9FekRFTG1LbG9VODJWTV9HM3E2WkxuQQ?oc=5\" target=\"_blank\" rel=\"noopener\">Criterium du Dauphine: Tadej Pogacar wins sprint to claim opening stage<\/a>&nbsp;&nbsp;BBC<\/li>\n<li><a href=\"https:\/\/news.google.com\/rss\/articles\/CBMivgFBVV95cUxNSkpqOWNfMXpZZWlyRnlPQ0g4YzNoNi0yRmtWWVZHclY0dXFncjI4SU82OWw5MmhLYTc5djBEMmlfcWZQbkIwTGxwTUdnT3N4YzFrTUVfcFZvQ2djNnM4STlFemVTY1lBQkN6Q0Y5QTRSMl9xdlVSaWd2ZnZlMUVCSXVNZmZUZFdyOUg5cURJTVNZUG5KRHpNazlBaUN5VHZyaXEydl85T2tpUC1EOUx6RVFyVHpjcEVhVWw1dzFR?oc=5\" target=\"_blank\" rel=\"noopener\">Jonathan Milan surges to stage win in Crit\u00e9rium du Dauphin\u00e9 and snatches lead from Pogacar<\/a>&nbsp;&nbsp;The Guardian<\/li>\n<li><a href=\"https:\/\/news.google.com\/rss\/articles\/CBMi1AFBVV95cUxPR0NQYUZvbjRXUlZKUXN6OEp1TlE3NThFZmhKRGNMYTluOEQwMjVHbVJ5NnlRSVNHUUJxeV9pQk5CSWw2a3pfeFJ0NjVUNnpTYTJjclllVmJrVHNBX3ZER2ZYYTZDS2E2OFotX3h6NjBNZ1dtUHNWdlhqNEJuNGVwdXpLV2RobXBVOE94d0RWbnY3Y3QyNGVKUFVRM3ZJbjBXSjZZOHJYT3RJcW9HS1JJSm50dERJN2xSZlprcG1NcU9kdFZ0SC13aG5OYXQ5VEp2Mi1DWQ?oc=5\" target=\"_blank\" rel=\"noopener\">&#8216;A proper Tour de France stage today&#8217; \u2013 Tadej Poga\u010dar digs deep on tough hilly trek at Crit\u00e9rium du Dauphin\u00e9<\/a>&nbsp;&nbsp;Cyclingnews<\/li>\n<\/ol>\n","protected":false},"excerpt":{"rendered":"2025 Criterium du Dauphin\u00e9 Stage 5 Preview&nbsp;&nbsp;Cycling Mole Criterium Du Dauphine Highlights &#8211; Series 11 &#8211; Episode 1&nbsp;&nbsp;ITVX&hellip;\n","protected":false},"author":2,"featured_media":177321,"comment_status":"","ping_status":"","sticky":false,"template":"","format":"standard","meta":{"footnotes":""},"categories":[4104],"tags":[4230,79,16,15],"class_list":{"0":"post-177320","1":"post","2":"type-post","3":"status-publish","4":"format-standard","5":"has-post-thumbnail","7":"category-cycling","8":"tag-cycling","9":"tag-sports","10":"tag-uk","11":"tag-united-kingdom"},"share_on_mastodon":{"url":"https:\/\/pubeurope.com\/@uk\/114668195307082534","error":""},"_links":{"self":[{"href":"https:\/\/www.europesays.com\/uk\/wp-json\/wp\/v2\/posts\/177320","targetHints":{"allow":["GET"]}}],"collection":[{"href":"https:\/\/www.europesays.com\/uk\/wp-json\/wp\/v2\/posts"}],"about":[{"href":"https:\/\/www.europesays.com\/uk\/wp-json\/wp\/v2\/types\/post"}],"author":[{"embeddable":true,"href":"https:\/\/www.europesays.com\/uk\/wp-json\/wp\/v2\/users\/2"}],"replies":[{"embeddable":true,"href":"https:\/\/www.europesays.com\/uk\/wp-json\/wp\/v2\/comments?post=177320"}],"version-history":[{"count":0,"href":"https:\/\/www.europesays.com\/uk\/wp-json\/wp\/v2\/posts\/177320\/revisions"}],"wp:featuredmedia":[{"embeddable":true,"href":"https:\/\/www.europesays.com\/uk\/wp-json\/wp\/v2\/media\/177321"}],"wp:attachment":[{"href":"https:\/\/www.europesays.com\/uk\/wp-json\/wp\/v2\/media?parent=177320"}],"wp:term":[{"taxonomy":"category","embeddable":true,"href":"https:\/\/www.europesays.com\/uk\/wp-json\/wp\/v2\/categories?post=177320"},{"taxonomy":"post_tag","embeddable":true,"href":"https:\/\/www.europesays.com\/uk\/wp-json\/wp\/v2\/tags?post=177320"}],"curies":[{"name":"wp","href":"https:\/\/api.w.org\/{rel}","templated":true}]}}