{"id":178008,"date":"2025-06-12T09:10:16","date_gmt":"2025-06-12T09:10:16","guid":{"rendered":"https:\/\/www.europesays.com\/uk\/178008\/"},"modified":"2025-06-12T09:10:16","modified_gmt":"2025-06-12T09:10:16","slug":"medical-reports-withdrawals-criterium-du-dauphine-2025-update-stage-4","status":"publish","type":"post","link":"https:\/\/www.europesays.com\/uk\/178008\/","title":{"rendered":"Medical Reports &#038; Withdrawals Criterium du Dauphin\u00e9 2025 | Update stage 4"},"content":{"rendered":"<p>As the 2025 Crit\u00e9rium du Dauphin\u00e9 enters its most demanding stages, the strain on riders is becoming increasingly visible. This article provides a concise medical update detailing the latest injuries, illnesses, and withdrawals from the race. From minor setbacks to more serious issues. With every rider forced to abandon, the competitive landscape shifts. Stay informed with a clear overview of the peloton\u2019s health as the Dauphin\u00e9 continues to test the limits of endurance and resilience.<\/p>\n<p>Stage 1<\/p>\n<p>&#13;<br \/>\nCofidis&#8217; <b><a href=\"https:\/\/cyclinguptodate.com\/hugo-toumire\" title=\"Hugo Toumire\" target=\"_blank\" rel=\"noopener\">Hugo Toumire<\/a><\/b> did not finish today&#8217;s stage as a result of a crash.Stage 2<\/p>\n<p>Nothing to note.<\/p>\n<p>Stage 3<\/p>\n<p>Two DNFs to report from stage 3 as Cofidis&#8217; Oliver Knight and Jacob Eriksson of the Tudor Pro Cycling Team both abandoning.<\/p>\n<p>Stage 4<\/p>\n<p>Just one rider left the race ahead of the time trial as the XDS Astana Team&#8217;s Nicolas Vinokurov did not start because of a viral infection.<\/p>\n","protected":false},"excerpt":{"rendered":"As the 2025 Crit\u00e9rium du Dauphin\u00e9 enters its most demanding stages, the strain on riders is becoming increasingly&hellip;\n","protected":false},"author":2,"featured_media":178009,"comment_status":"","ping_status":"","sticky":false,"template":"","format":"standard","meta":{"footnotes":""},"categories":[4104],"tags":[4230,79,16,15],"class_list":{"0":"post-178008","1":"post","2":"type-post","3":"status-publish","4":"format-standard","5":"has-post-thumbnail","7":"category-cycling","8":"tag-cycling","9":"tag-sports","10":"tag-uk","11":"tag-united-kingdom"},"share_on_mastodon":{"url":"https:\/\/pubeurope.com\/@uk\/114669618735241662","error":""},"_links":{"self":[{"href":"https:\/\/www.europesays.com\/uk\/wp-json\/wp\/v2\/posts\/178008","targetHints":{"allow":["GET"]}}],"collection":[{"href":"https:\/\/www.europesays.com\/uk\/wp-json\/wp\/v2\/posts"}],"about":[{"href":"https:\/\/www.europesays.com\/uk\/wp-json\/wp\/v2\/types\/post"}],"author":[{"embeddable":true,"href":"https:\/\/www.europesays.com\/uk\/wp-json\/wp\/v2\/users\/2"}],"replies":[{"embeddable":true,"href":"https:\/\/www.europesays.com\/uk\/wp-json\/wp\/v2\/comments?post=178008"}],"version-history":[{"count":0,"href":"https:\/\/www.europesays.com\/uk\/wp-json\/wp\/v2\/posts\/178008\/revisions"}],"wp:featuredmedia":[{"embeddable":true,"href":"https:\/\/www.europesays.com\/uk\/wp-json\/wp\/v2\/media\/178009"}],"wp:attachment":[{"href":"https:\/\/www.europesays.com\/uk\/wp-json\/wp\/v2\/media?parent=178008"}],"wp:term":[{"taxonomy":"category","embeddable":true,"href":"https:\/\/www.europesays.com\/uk\/wp-json\/wp\/v2\/categories?post=178008"},{"taxonomy":"post_tag","embeddable":true,"href":"https:\/\/www.europesays.com\/uk\/wp-json\/wp\/v2\/tags?post=178008"}],"curies":[{"name":"wp","href":"https:\/\/api.w.org\/{rel}","templated":true}]}}