{"id":178851,"date":"2025-06-12T16:50:12","date_gmt":"2025-06-12T16:50:12","guid":{"rendered":"https:\/\/www.europesays.com\/uk\/178851\/"},"modified":"2025-06-12T16:50:12","modified_gmt":"2025-06-12T16:50:12","slug":"ive-just-been-getting-better-and-better-jake-stewart-sprints-to-first-worldtour-win-on-criterium-du-dauphine-stage-five","status":"publish","type":"post","link":"https:\/\/www.europesays.com\/uk\/178851\/","title":{"rendered":"&#8216;I&#8217;ve just been getting better and better&#8217;: Jake Stewart sprints to first WorldTour win on Crit\u00e9rium du Dauphin\u00e9 stage five"},"content":{"rendered":"<p>Jake Stewart sailed to an accomplished sprint victory in M\u00e2con after a hilly day out and a desperate chase by the peloton at the end of the 183km outing.<\/p>\n<p>It was a first WorldTour victory for the British Israel-Premier Tech rider, who went for a long sprint from 300 metres with a view to outwitting favourite Jonathan Milan (Lidl-Trek).<\/p>\n<p class=\"paywall\" aria-hidden=\"true\">It worked: he comfortably held off sprint rivals Axel Laurance (Ineos Grenadiers) and S\u00f8ren W\u00e6renskold (Uno-X Mobility) for second and third place, with Milan finishing fifth.<\/p>\n<p>You may like<\/p>\n<p class=\"paywall\" aria-hidden=\"true\"><a data-analytics-id=\"inline-link\" href=\"https:\/\/www.cyclingweekly.com\/racing\/remco-evenepoel-flies-to-time-trial-victory-on-stage-4-of-criterium-du-dauphine-takes-over-race-lead\" data-before-rewrite-localise=\"https:\/\/www.cyclingweekly.com\/racing\/remco-evenepoel-flies-to-time-trial-victory-on-stage-4-of-criterium-du-dauphine-takes-over-race-lead\" target=\"_blank\" rel=\"noopener\">Remco Evenepoel<\/a> retained the yellow jersey, despite crashing on a tricky 180-degree roundabout turn in the final run-in, which became dubbed &#8216;the U-bend&#8217;. The Belgian rode into the finish with a scuffed jersey shoulder, apparently nursing a cut on his finger but otherwise apparently riding comfortably.<\/p>\n<p class=\"paywall\" aria-hidden=\"true\">Beyond that there was little significant change in the higher GC placings, save for stage three winner <a data-analytics-id=\"inline-link\" href=\"https:\/\/www.cyclingweekly.com\/racing\/ivan-romeo-powers-to-first-worldtour-victory-and-race-lead-on-stage-three-of-the-criterium-du-dauphine\" data-before-rewrite-localise=\"https:\/\/www.cyclingweekly.com\/racing\/ivan-romeo-powers-to-first-worldtour-victory-and-race-lead-on-stage-three-of-the-criterium-du-dauphine\" target=\"_blank\" rel=\"noopener\">Iv\u00e1n Romeo<\/a> (Movistar) slipping from third to sixth after being caught on the wrong side of the 22-second gap to the front group of finishers. <a data-analytics-id=\"inline-link\" href=\"https:\/\/www.cyclingweekly.com\/racing\/why-is-jonas-vingegaard-wearing-a-special-helmet-at-paris-nice\" data-before-rewrite-localise=\"https:\/\/www.cyclingweekly.com\/racing\/why-is-jonas-vingegaard-wearing-a-special-helmet-at-paris-nice\" target=\"_blank\" rel=\"noopener\">Jonas Vingegaard<\/a> (Visma-Lease a Bike) and Tadej Poga\u010dar (UAE Team Emirates-XRG) remain at 16sec and 38sec respectively.<\/p>\n<p class=\"paywall\" aria-hidden=\"true\">This is turning out to be a rather successful season for Stewart \u2013 the first time he has scored two wins a season since starting his WorldTour career, with today representing his first win in a WorldTour race.<\/p>\n<p class=\"paywall\" aria-hidden=\"true\">It came almost by chance, with Stewart taking over after his fast-finishing team-mate Pascal Ackermann crashed out. With the Coventry rider&#8217;s contract at Israel-Premier Tech expiring this season, he wasn&#8217;t slow to seize the opportunity.<\/p>\n<p class=\"newsletter-form__strapline\">The latest race content, interviews, features, reviews and expert buying guides, direct to your inbox!<\/p>\n<p class=\"paywall\" aria-hidden=\"true\">&#8220;This one feels good,&#8221; he said. &#8220;It&#8217;s such a shame with Ackermann, who crashed today\u2026 I&#8217;m gutted he didn&#8217;t get to contest the finish.<\/p>\n<p class=\"paywall\" aria-hidden=\"true\">&#8220;It was handed over to me for the final bit. The boys backed me, the DSs backed me, the team backed me and did an awesome job, I&#8217;m just so happy I could finish it off for them.<\/p>\n<p class=\"paywall\" aria-hidden=\"true\">He added: &#8220;I&#8217;ve just been getting better and better this season, I obviously took the win in [Four Days of] Dunkerque, and I was so close on the first stage, so to get redemption here, which was the last opportunity for us, is really good.&#8221;<\/p>\n<p class=\"paywall\" aria-hidden=\"true\">Describing the rough and tumble of the final kilometre, he said: &#8220;It got a bit boxy, but I managed to find my way through on the U-bend and picked up [<a data-analytics-id=\"inline-link\" href=\"https:\/\/www.cyclingweekly.com\/racing\/21-things-you-didnt-know-about-mathieu-van-der-poel\" data-before-rewrite-localise=\"https:\/\/www.cyclingweekly.com\/racing\/21-things-you-didnt-know-about-mathieu-van-der-poel\" target=\"_blank\" rel=\"noopener\">Mathieu] Van Der Poel<\/a>&#8216;s wheel. From there I just needed to kick before Milan, get a bit of a rush on him and yeah, I managed to kick at 300 and hold on till the line.&#8221;<\/p>\n<p class=\"paywall\" aria-hidden=\"true\">More to follow&#8230;<\/p>\n","protected":false},"excerpt":{"rendered":"Jake Stewart sailed to an accomplished sprint victory in M\u00e2con after a hilly day out and a desperate&hellip;\n","protected":false},"author":2,"featured_media":178852,"comment_status":"","ping_status":"","sticky":false,"template":"","format":"standard","meta":{"footnotes":""},"categories":[4104],"tags":[4230,79,16,15],"class_list":{"0":"post-178851","1":"post","2":"type-post","3":"status-publish","4":"format-standard","5":"has-post-thumbnail","7":"category-cycling","8":"tag-cycling","9":"tag-sports","10":"tag-uk","11":"tag-united-kingdom"},"share_on_mastodon":{"url":"https:\/\/pubeurope.com\/@uk\/114671427423532417","error":""},"_links":{"self":[{"href":"https:\/\/www.europesays.com\/uk\/wp-json\/wp\/v2\/posts\/178851","targetHints":{"allow":["GET"]}}],"collection":[{"href":"https:\/\/www.europesays.com\/uk\/wp-json\/wp\/v2\/posts"}],"about":[{"href":"https:\/\/www.europesays.com\/uk\/wp-json\/wp\/v2\/types\/post"}],"author":[{"embeddable":true,"href":"https:\/\/www.europesays.com\/uk\/wp-json\/wp\/v2\/users\/2"}],"replies":[{"embeddable":true,"href":"https:\/\/www.europesays.com\/uk\/wp-json\/wp\/v2\/comments?post=178851"}],"version-history":[{"count":0,"href":"https:\/\/www.europesays.com\/uk\/wp-json\/wp\/v2\/posts\/178851\/revisions"}],"wp:featuredmedia":[{"embeddable":true,"href":"https:\/\/www.europesays.com\/uk\/wp-json\/wp\/v2\/media\/178852"}],"wp:attachment":[{"href":"https:\/\/www.europesays.com\/uk\/wp-json\/wp\/v2\/media?parent=178851"}],"wp:term":[{"taxonomy":"category","embeddable":true,"href":"https:\/\/www.europesays.com\/uk\/wp-json\/wp\/v2\/categories?post=178851"},{"taxonomy":"post_tag","embeddable":true,"href":"https:\/\/www.europesays.com\/uk\/wp-json\/wp\/v2\/tags?post=178851"}],"curies":[{"name":"wp","href":"https:\/\/api.w.org\/{rel}","templated":true}]}}