{"id":183267,"date":"2025-06-14T08:11:15","date_gmt":"2025-06-14T08:11:15","guid":{"rendered":"https:\/\/www.europesays.com\/uk\/183267\/"},"modified":"2025-06-14T08:11:15","modified_gmt":"2025-06-14T08:11:15","slug":"tadej-pogacar-takes-yellow-jersey-at-criterium-du-dauphine-with-solo-victory-on-stage-6","status":"publish","type":"post","link":"https:\/\/www.europesays.com\/uk\/183267\/","title":{"rendered":"Tadej Poga\u010dar takes yellow jersey at Crit\u00e9rium du Dauphin\u00e9 with solo victory on stage 6"},"content":{"rendered":"<p>With two Alpine stages to come, <a data-analytics-id=\"inline-link\" href=\"https:\/\/www.cyclingweekly.com\/news\/21-things-you-didnt-know-about-tadej-pogacar\" data-before-rewrite-localise=\"https:\/\/www.cyclingweekly.com\/news\/21-things-you-didnt-know-about-tadej-pogacar\" target=\"_blank\" rel=\"noopener\">Tadej Poga\u010dar<\/a> (UAE Team Emirates-XRG) overhauled the general classification at the <a data-analytics-id=\"inline-link\" href=\"https:\/\/www.cyclingweekly.com\/racing\/everything-you-need-to-know-about-the-criterium-du-dauphine-2025\" data-before-rewrite-localise=\"https:\/\/www.cyclingweekly.com\/racing\/everything-you-need-to-know-about-the-criterium-du-dauphine-2025\" target=\"_blank\" rel=\"noopener\">Crit\u00e9rium du Dauphin\u00e9<\/a> on Friday, winning stage six\u2019s summit finish in Combloux, and putting himself in pole position for the overall.<\/p>\n<p>The world champion attacked with 7km to go \u2013 still seated in the saddle \u2013 dropping the race leader Remco Evenepoel (Soudal Quick-Step) and Jonas Vingegaard (Visma-Lease a Bike), both of whom he had lost time to in <a data-analytics-id=\"inline-link\" href=\"https:\/\/www.cyclingweekly.com\/racing\/remco-evenepoel-flies-to-time-trial-victory-on-stage-4-of-criterium-du-dauphine-takes-over-race-lead\" data-before-rewrite-localise=\"https:\/\/www.cyclingweekly.com\/racing\/remco-evenepoel-flies-to-time-trial-victory-on-stage-4-of-criterium-du-dauphine-takes-over-race-lead\" target=\"_blank\" rel=\"noopener\">Wednesday&#8217;s time trial<\/a>.<\/p>\n<p class=\"paywall\" aria-hidden=\"true\">The sight of the Slovenian in yellow was a familiar one for cycling fans in Combloux. Having started the day in seventh, 38 seconds adrift, Poga\u010dar now leads the race by more than 40 seconds.<\/p>\n<p>You may like<\/p>\n<p class=\"paywall\" aria-hidden=\"true\">&#8220;I was feeling really good, and when I attacked, it was an all-out effort,&#8221; the Slovenian said afterwards. &#8220;I knew that it was still around 15 minutes from the C\u00f4te de Domancy to the top \u2013 I had to pace myself after the attack. The feeling was there, the legs were turning, and it was just in my favour to be in the front and gain some time.\u201d<\/p>\n<p class=\"paywall\" aria-hidden=\"true\">Poga\u010dar&#8217;s UAE Team Emirates-XRG team-mates set the pace into the final climb, teeing the three-time <a data-analytics-id=\"inline-link\" href=\"https:\/\/www.cyclingweekly.com\/racing\/tour-de-france\" data-before-rewrite-localise=\"https:\/\/www.cyclingweekly.com\/racing\/tour-de-france\" target=\"_blank\" rel=\"noopener\">Tour de France<\/a> winner up to attack on the steepest ramp. Vingegaard initially followed, but the Dane quickly found himself in pursuit, crossing the line a minute later.<\/p>\n<p class=\"paywall\" aria-hidden=\"true\">The seconds ceded in stage four&#8217;s time trial ultimately proved trivial for Poga\u010dar. Still, he said, his losses against the clock are &#8220;definitely a concern&#8221;.<\/p>\n<p class=\"paywall\" aria-hidden=\"true\">&#8220;It\u2019s a challenge for me and the team to improve. The legs are there, the shape is good, we need to hold our horses for the Tour.\u201d<\/p>\n<p class=\"newsletter-form__strapline\">The latest race content, interviews, features, reviews and expert buying guides, direct to your inbox!<\/p>\n<p class=\"paywall\" aria-hidden=\"true\">Evenepoel, having worn the yellow jersey, now finds himself fourth in the GC. The Belgian was bunnyhopped by Red Bull-Bora-Hansgrohe&#8217;s Florian Lipowitz, who finished third on the stage, and likewise now sits third overall.<\/p>\n<p>How it happened<\/p>\n<p class=\"vanilla-image-block\" style=\"padding-top:68.34%;\"><img decoding=\"async\" src=\"https:\/\/www.europesays.com\/uk\/wp-content\/uploads\/2025\/06\/T7y5ZznPABqQFPyn8zrZYZ.jpg\" alt=\"Tadej Poga\u010dar at the Dauphin\u00e9\"   loading=\"lazy\" data-original-mos=\"https:\/\/www.europesays.com\/uk\/wp-content\/uploads\/2025\/06\/T7y5ZznPABqQFPyn8zrZYZ.jpg\" data-pin-media=\"https:\/\/www.europesays.com\/uk\/wp-content\/uploads\/2025\/06\/T7y5ZznPABqQFPyn8zrZYZ.jpg\"\/><\/p>\n<p>(Image credit: Getty Images)<\/p>\n<p class=\"paywall\" aria-hidden=\"true\">Hunting for a swansong victory in his final race, Romain Bardet (Picnic PostNL) joined the breakaway on stage six, which brought the first summit finish. The Frenchman was joined by seven others, including green jersey wearer Mathieu van der Poel (Alpecin Deceuninck), who began the day just 14 seconds down in the GC.<\/p>\n<p class=\"paywall\" aria-hidden=\"true\">With such a short stage \u2013 just 126.7km in length \u2013 the breakaway struggled to gain a comfortable buffer. Any hopes they had were left in tatters with 45km to go, when Visma-Lease a Bike towed the peloton at pace into the foot of a category-one climb, hoping to take control of the finale.<\/p>\n<p class=\"paywall\" aria-hidden=\"true\">An initial dummy attack from Sepp Kuss (Visma-Lease a Bike) was countered by Florian Lipowitz (Red Bull-Bora-Hansgrohe), but no GC moves stuck so far from the line. Up ahead, escapees Michael Leonard (Ineos Grenadiers) and Alex Baudin (EF Education-Easypost) survived the climb as the only remnants of the breakaway.<\/p>\n<p class=\"paywall\" aria-hidden=\"true\">The final climb to Combloux \u2013 split into two category-two kickers, stacked on top of each other \u2013 began with just under 9km to go. It was here, in 2023, that <a data-analytics-id=\"inline-link\" href=\"https:\/\/www.cyclingweekly.com\/racing\/jonas-vingegaard-powers-closer-to-tour-de-france-title-with-dominant-stage-16-time-trial-victory\" data-before-rewrite-localise=\"https:\/\/www.cyclingweekly.com\/racing\/jonas-vingegaard-powers-closer-to-tour-de-france-title-with-dominant-stage-16-time-trial-victory\" target=\"_blank\" rel=\"noopener\">Vingegaard blistered to a time trial victory<\/a> that sealed his second Tour de France title. On Friday, Leonard and Baudin began their ascent with a one-minute head start. They\u2019d both be tagged within 3km.<\/p>\n<p class=\"paywall\" aria-hidden=\"true\">Set up by UAE Team Emirates-XRG, and without having to lunge out of the saddle, Poga\u010dar accelerated away from the bunch with around 7km to go. Evenepoel immediately dropped away, and while Vingegaard followed momentarily, the Dane too soon found himself alone against the gradient.<\/p>\n<p class=\"paywall\" aria-hidden=\"true\">&#8220;I had to hurry up to see the finish [of my girlfriend] Ur\u0161ka [\u017digart] at the Tour de Suisse,&#8221; Poga\u010dar smiled afterwards. His winning margin on the day stood at one minute and one second \u2013 enough to claim the yellow jersey, and give him a gap as the race heads into the mountains this weekend.<\/p>\n<p class=\"paywall\" aria-hidden=\"true\">Crucially, too, he was able to watch his partner score a top-15 at the Tour de Suisse. &#8220;I was just in time, so all good,&#8221; he said.<\/p>\n<p>ResultsCrit\u00e9rium du Dauphin\u00e9, stage six: Valserh\u00f4ne &gt; Combloux (126.7km)<\/p>\n<p class=\"paywall\" aria-hidden=\"true\">1. Tadej Poga\u010dar (Slo) UAE Team Emirates-XRG, in 2:59:46<br \/>2. Jonas Vingegaard (Den) Visma-Lease a Bike, +1:01<br \/>3. Florian Lipowitz (Ger) Red Bull-Bora-Hansgrohe, +1:22<br \/>4. Matteo Jorgenson (USA) Visma-Lease a Bike, +1:30<br \/>5. Remco Evenepoel (Bel) Soudal Quick-Step, +1:50<br \/>6. Alex Baudin (Fra) EF Education-EasyPost, +1:56<br \/>7. Tobias Halland Johannessen (Nor) Uno-X, +2:03<br \/>8. Louis Barr\u00e9 (Fra) Intermarch\u00e9-Wanty, +2:04<br \/>9. Ben Tulett (GBr) Visma-Lease a Bike<br \/>10. Paul Seixas (Fra) Decathlon AG2R La Mondiale, both at same time<\/p>\n<p>General classification after stage six<\/p>\n<p class=\"paywall\" aria-hidden=\"true\">1. Tadej Poga\u010dar (Slo) UAE Team Emirates-XRG, in 21:35:08<br \/>2. Jonas Vingegaard (Den) Visma-Lease a Bike, +43s<br \/>3. Florian Lipowitz (Ger) Red Bull-Bora-Hansgrohe, +54s<br \/>4. Remco Evenepoel (Bel) Soudal Quick-Step, +1:22<br \/>5. Matteo Jorgenson (USA) Visma-Lease a Bike, +1:41<br \/>6. Eddie Dunbar (Irl) Jayco AlUla, +2:28<br \/>7. Louis Barr\u00e9 (Fra) Intermarch\u00e9-Wanty, +2:39<br \/>8. Paul Seixas (Fra) Decathlon AG2R La Mondiale, +2:49<br \/>9. Tobias Halland Johannessen (Nor) Uno-X, +3:21<br \/>10. Ben Tulett (GBr) Visma-Lease a Bike, +3:26<\/p>\n","protected":false},"excerpt":{"rendered":"With two Alpine stages to come, Tadej Poga\u010dar (UAE Team Emirates-XRG) overhauled the general classification at the Crit\u00e9rium&hellip;\n","protected":false},"author":2,"featured_media":183268,"comment_status":"","ping_status":"","sticky":false,"template":"","format":"standard","meta":{"footnotes":""},"categories":[4104],"tags":[4230,79,16,15],"class_list":{"0":"post-183267","1":"post","2":"type-post","3":"status-publish","4":"format-standard","5":"has-post-thumbnail","7":"category-cycling","8":"tag-cycling","9":"tag-sports","10":"tag-uk","11":"tag-united-kingdom"},"share_on_mastodon":{"url":"https:\/\/pubeurope.com\/@uk\/114680711465265278","error":""},"_links":{"self":[{"href":"https:\/\/www.europesays.com\/uk\/wp-json\/wp\/v2\/posts\/183267","targetHints":{"allow":["GET"]}}],"collection":[{"href":"https:\/\/www.europesays.com\/uk\/wp-json\/wp\/v2\/posts"}],"about":[{"href":"https:\/\/www.europesays.com\/uk\/wp-json\/wp\/v2\/types\/post"}],"author":[{"embeddable":true,"href":"https:\/\/www.europesays.com\/uk\/wp-json\/wp\/v2\/users\/2"}],"replies":[{"embeddable":true,"href":"https:\/\/www.europesays.com\/uk\/wp-json\/wp\/v2\/comments?post=183267"}],"version-history":[{"count":0,"href":"https:\/\/www.europesays.com\/uk\/wp-json\/wp\/v2\/posts\/183267\/revisions"}],"wp:featuredmedia":[{"embeddable":true,"href":"https:\/\/www.europesays.com\/uk\/wp-json\/wp\/v2\/media\/183268"}],"wp:attachment":[{"href":"https:\/\/www.europesays.com\/uk\/wp-json\/wp\/v2\/media?parent=183267"}],"wp:term":[{"taxonomy":"category","embeddable":true,"href":"https:\/\/www.europesays.com\/uk\/wp-json\/wp\/v2\/categories?post=183267"},{"taxonomy":"post_tag","embeddable":true,"href":"https:\/\/www.europesays.com\/uk\/wp-json\/wp\/v2\/tags?post=183267"}],"curies":[{"name":"wp","href":"https:\/\/api.w.org\/{rel}","templated":true}]}}