{"id":186513,"date":"2025-06-15T14:08:08","date_gmt":"2025-06-15T14:08:08","guid":{"rendered":"https:\/\/www.europesays.com\/uk\/186513\/"},"modified":"2025-06-15T14:08:08","modified_gmt":"2025-06-15T14:08:08","slug":"hungarys-foreign-minister-accuses-eu-and-ukraine-of-plotting-imaginary-anti-hungarian-economic-plan","status":"publish","type":"post","link":"https:\/\/www.europesays.com\/uk\/186513\/","title":{"rendered":"Hungary&#8217;s foreign minister accuses EU and Ukraine of plotting imaginary anti-Hungarian economic plan"},"content":{"rendered":"<p>Hungarian Foreign Minister P\u00e9ter Szijj\u00e1rt\u00f3. Photo: Getty Images<\/p>\n<p>Hungarian Foreign Minister P\u00e9ter Szijj\u00e1rt\u00f3 has claimed that he is aware of a so-called &#8220;von der Leyen-Zelenskyy plan&#8221;, which he says would &#8220;destroy the economies of Central European countries and deal a blow to the European economy as a whole&#8221;.<\/p>\n<p><strong>Source:<\/strong> Szijj\u00e1rt\u00f3 on pro-government Hungarian radio, as reported by European Pravda, citing Budapest-aligned news agency <a href=\"https:\/\/mti.hu\/\" target=\"_blank\" rel=\"noopener\">MTI<\/a><\/p>\n<p><strong>Details:<\/strong> The broadcast featuring Szijj\u00e1rt\u00f3 focused, among other topics, on the next package of European Union sanctions against Russia and the proposed ban on purchasing Russian energy resources.<\/p>\n<p>Advertisement:<\/p>\n<p>&#13;<br \/>\n&#13;<\/p>\n<p>The minister claimed that the EU leadership wants to &#8220;force&#8221; the Hungarian people to bear the cost of further support for Ukraine and thanked Slovakia for publicly backing Budapest\u2019s position.<\/p>\n<p>&#8220;The von der Leyen-Zelenskyy plan poses extremely serious challenges and threats to the energy sector not only in Hungary but also in Slovakia,&#8221; he said.<\/p>\n<p>The remainder of the broadcast was devoted to Szijj\u00e1rt\u00f3&#8217;s accusations of a &#8220;brutal violation&#8221; by the European Union and his pledge to wage a &#8220;tough battle&#8221; to prevent Hungarian consumers from facing higher energy costs.<\/p>\n<p>Szijj\u00e1rt\u00f3\u2019s remarks align with Hungary\u2019s official rhetoric towards Ukraine, which it accuses of showing insufficient gratitude and alleged hypocrisy, <a href=\"https:\/\/www.pravda.com.ua\/eng\/news\/2025\/06\/13\/7517022\/\" target=\"_blank\" rel=\"noopener\">particularly in light of the recent controversy over the expulsion of spies<\/a>.<\/p>\n<p class=\"hl1\"><strong>Read also: <\/strong><a href=\"https:\/\/www.eurointegration.com.ua\/eng\/articles\/2025\/05\/27\/7212495\/\" target=\"_blank\" rel=\"noopener\">Orb\u00e1n seeks &#8220;war&#8221; between Hungary and Ukraine: why, and what are the dangers?<\/a><\/p>\n<p><strong>Support Ukrainska Pravda on <\/strong><a href=\"https:\/\/www.patreon.com\/pravdaua\" target=\"_blank\" rel=\"noopener\"><strong>Patreon<\/strong><\/a><strong>!<\/strong><\/p>\n","protected":false},"excerpt":{"rendered":"Hungarian Foreign Minister P\u00e9ter Szijj\u00e1rt\u00f3. Photo: Getty Images Hungarian Foreign Minister P\u00e9ter Szijj\u00e1rt\u00f3 has claimed that he is&hellip;\n","protected":false},"author":2,"featured_media":186514,"comment_status":"","ping_status":"","sticky":false,"template":"","format":"standard","meta":{"footnotes":""},"categories":[5174],"tags":[18815,2000,299,5187,2190,14432],"class_list":{"0":"post-186513","1":"post","2":"type-post","3":"status-publish","4":"format-standard","5":"has-post-thumbnail","7":"category-eu","8":"tag-diplomatic-ties","9":"tag-eu","10":"tag-europe","11":"tag-european","12":"tag-hungary","13":"tag-zelenskyy"},"share_on_mastodon":{"url":"https:\/\/pubeurope.com\/@uk\/114687777675496918","error":""},"_links":{"self":[{"href":"https:\/\/www.europesays.com\/uk\/wp-json\/wp\/v2\/posts\/186513","targetHints":{"allow":["GET"]}}],"collection":[{"href":"https:\/\/www.europesays.com\/uk\/wp-json\/wp\/v2\/posts"}],"about":[{"href":"https:\/\/www.europesays.com\/uk\/wp-json\/wp\/v2\/types\/post"}],"author":[{"embeddable":true,"href":"https:\/\/www.europesays.com\/uk\/wp-json\/wp\/v2\/users\/2"}],"replies":[{"embeddable":true,"href":"https:\/\/www.europesays.com\/uk\/wp-json\/wp\/v2\/comments?post=186513"}],"version-history":[{"count":0,"href":"https:\/\/www.europesays.com\/uk\/wp-json\/wp\/v2\/posts\/186513\/revisions"}],"wp:featuredmedia":[{"embeddable":true,"href":"https:\/\/www.europesays.com\/uk\/wp-json\/wp\/v2\/media\/186514"}],"wp:attachment":[{"href":"https:\/\/www.europesays.com\/uk\/wp-json\/wp\/v2\/media?parent=186513"}],"wp:term":[{"taxonomy":"category","embeddable":true,"href":"https:\/\/www.europesays.com\/uk\/wp-json\/wp\/v2\/categories?post=186513"},{"taxonomy":"post_tag","embeddable":true,"href":"https:\/\/www.europesays.com\/uk\/wp-json\/wp\/v2\/tags?post=186513"}],"curies":[{"name":"wp","href":"https:\/\/api.w.org\/{rel}","templated":true}]}}