{"id":186727,"date":"2025-06-15T16:00:10","date_gmt":"2025-06-15T16:00:10","guid":{"rendered":"https:\/\/www.europesays.com\/uk\/186727\/"},"modified":"2025-06-15T16:00:10","modified_gmt":"2025-06-15T16:00:10","slug":"leeds-united-and-aston-villa-told-conditions-to-seal-deal-loan-with-e20m-option-to-buy","status":"publish","type":"post","link":"https:\/\/www.europesays.com\/uk\/186727\/","title":{"rendered":"Leeds United and Aston Villa told conditions to seal deal \u2013 Loan with \u20ac20m option to buy"},"content":{"rendered":"<p>There\u2019s a claim in the Turkish media that Besiktas have decided the transfer fee for Semih K\u0131l\u0131\u00e7soy.<\/p>\n<p>The 20-year-old forward has been linked with a move to England in recent weeks following reports of interest from Aston Villa and Leeds United.<\/p>\n<p><a href=\"https:\/\/www.sabah.com.tr\/spor\/futbol\/2025\/06\/13\/yonetim-20-milyon-euroda-israrcieuroda\" target=\"_blank\" rel=\"noopener\">Sabah<\/a>\u00a0report on the latest development regarding the future of K\u0131l\u0131\u00e7soy after reports the Istanbul club were looking to loan out the youngster.<\/p>\n<p>It\u2019s claimed Besiktas are still hoping to find a loan with Aston Villa and Leeds United still reportedly pursuing the attacker, but they also want to add a \u20ac20m option to buy into the agreement.<\/p>\n<p>K\u0131l\u0131\u00e7soy himself is said to be keen on a move to Europe after finding his chances limited last season.<\/p>\n<p>Last month <a href=\"https:\/\/sportwitness.co.uk\/loan-available-following-leeds-united-transfer-talks-falling-into-place-for-whites\/\" target=\"_blank\" rel=\"noopener\">we covered reports<\/a> Leeds United were looking to enter transfer talks with Besiktas over a loan deal for the forward. Ole Gunnar Solskjaer reportedly held meetings with the scouting team with regards to letting the player go out on a temporary deal.<\/p>\n<p>Aston Villa have also been linked with the Turkey international <a href=\"https:\/\/sportwitness.co.uk\/aston-villa-and-newcastle-united-in-race-to-sign-forward-club-now-open-to-selling\/\" target=\"_blank\" rel=\"noopener\">following reports<\/a> in May they were looking to sign him. Villa were also linked with the player last summer when they reportedly made an offer.<\/p>\n<p>K\u0131l\u0131\u00e7soy made 36 appearances for the Black Eagles this season, scoring four goals. He\u2019s contracted until June 2028.<\/p>\n","protected":false},"excerpt":{"rendered":"There\u2019s a claim in the Turkish media that Besiktas have decided the transfer fee for Semih K\u0131l\u0131\u00e7soy. The&hellip;\n","protected":false},"author":2,"featured_media":186728,"comment_status":"","ping_status":"","sticky":false,"template":"","format":"standard","meta":{"footnotes":""},"categories":[4100],"tags":[94,79,16,15],"class_list":{"0":"post-186727","1":"post","2":"type-post","3":"status-publish","4":"format-standard","5":"has-post-thumbnail","7":"category-football","8":"tag-football","9":"tag-sports","10":"tag-uk","11":"tag-united-kingdom"},"share_on_mastodon":{"url":"https:\/\/pubeurope.com\/@uk\/114688217807498415","error":""},"_links":{"self":[{"href":"https:\/\/www.europesays.com\/uk\/wp-json\/wp\/v2\/posts\/186727","targetHints":{"allow":["GET"]}}],"collection":[{"href":"https:\/\/www.europesays.com\/uk\/wp-json\/wp\/v2\/posts"}],"about":[{"href":"https:\/\/www.europesays.com\/uk\/wp-json\/wp\/v2\/types\/post"}],"author":[{"embeddable":true,"href":"https:\/\/www.europesays.com\/uk\/wp-json\/wp\/v2\/users\/2"}],"replies":[{"embeddable":true,"href":"https:\/\/www.europesays.com\/uk\/wp-json\/wp\/v2\/comments?post=186727"}],"version-history":[{"count":0,"href":"https:\/\/www.europesays.com\/uk\/wp-json\/wp\/v2\/posts\/186727\/revisions"}],"wp:featuredmedia":[{"embeddable":true,"href":"https:\/\/www.europesays.com\/uk\/wp-json\/wp\/v2\/media\/186728"}],"wp:attachment":[{"href":"https:\/\/www.europesays.com\/uk\/wp-json\/wp\/v2\/media?parent=186727"}],"wp:term":[{"taxonomy":"category","embeddable":true,"href":"https:\/\/www.europesays.com\/uk\/wp-json\/wp\/v2\/categories?post=186727"},{"taxonomy":"post_tag","embeddable":true,"href":"https:\/\/www.europesays.com\/uk\/wp-json\/wp\/v2\/tags?post=186727"}],"curies":[{"name":"wp","href":"https:\/\/api.w.org\/{rel}","templated":true}]}}