{"id":187215,"date":"2025-06-15T20:29:08","date_gmt":"2025-06-15T20:29:08","guid":{"rendered":"https:\/\/www.europesays.com\/uk\/187215\/"},"modified":"2025-06-15T20:29:08","modified_gmt":"2025-06-15T20:29:08","slug":"vingegaard-finishes-second-in-final-stage-and-overall-standings-of-criterium-du-dauphine-team-visma","status":"publish","type":"post","link":"https:\/\/www.europesays.com\/uk\/187215\/","title":{"rendered":"Vingegaard finishes second in final stage and overall standings of Crit\u00e9rium du Dauphin\u00e9 &#8211; Team Visma"},"content":{"rendered":"<ol>\n<li><a href=\"https:\/\/news.google.com\/rss\/articles\/CBMi5wFBVV95cUxQMnFnTzFRQ1RzR0JJeUdQSlJ1aXo2YmZmVENiR2l2QWxzNDBtVm1HS3R1X1loYjljN09taU40RW1kYWtjMEhhVUg4Q21zLTFDd2E0RkdJX3R5SWNIWVZvNVgwY21OQmJOand0ekU2aldwV2h6eU1NTzh3YzZWZ2wwVlVNdExlSjNMN3hTRGduMlJIaFF3ajB1Z1VTSVJGQjNMX0FlN2Q0RnRINWYzR3FzWkhkM3Uxa3BneU9UUi1zUzlZV1RDakYtRUtlRkNzY2FVOHF0OG9ibVl5R2I4dGotbHlqVThhT1U?oc=5\" target=\"_blank\" rel=\"noopener\">Vingegaard finishes second in final stage and overall standings of Crit\u00e9rium du Dauphin\u00e9<\/a>&nbsp;&nbsp;Team Visma<\/li>\n<li><a href=\"https:\/\/news.google.com\/rss\/articles\/CBMi0gFBVV95cUxOUXl5d1ZubGk1R0pOYVp6REdSdkpaN0tZejM5OEJQSU9KVkoyTFk5UE94bExaWEF6QUFOTGNGWHBkT2ZLelBNRlM1d28tZlM1YjkyRFdXYmFMaE9oN3FnaVU0UGUtMldwTnQ5NkVnbEVXVHMtNUtIY2xqWkxSR0hndmxYMEdFTDRQWFhWdG9hNTA3ZGhxbjBETWJHYjdzanJaWG4yWGYzMDRFNjFwMkZCRlN3VlN4c3VneV9qVV84VU9KQ0JvQjgzWi1zOWVJMVRGVVE?oc=5\" target=\"_blank\" rel=\"noopener\">&#8216;I expect Pogacar to be at his best&#8217; &#8211; Vingegaard wary of rival&#8217;s form ahead of Tour de France<\/a>&nbsp;&nbsp;tntsports.co.uk<\/li>\n<li><a href=\"https:\/\/news.google.com\/rss\/articles\/CBMiywFBVV95cUxNemhIMUtSZU9lamFFRGYwV0E0ZTlWTXl4c3RtZWQ0cFliS0FIbUk3bnNKWGFnQVdIYlJTMzBwVjF6WDJlZ1lwbGRKamgxMW1WcTNDNnNlSHo4S1hPeFVHTkJkV3VZLUJLdmpoOTNJQ1ZMXzM0V2twTjU2Q0pNMUFXeU5yZnBNTFNVTmtBdmxwUkVueVJSODRQU3huOFlUSGJlTlNfcE5zakMzbnJ2d3V6VTdOdlVDMUdPVmptMjBJVnNjaDVmRC12VV93WQ?oc=5\" target=\"_blank\" rel=\"noopener\">Pedersen makes bold claim after watching Vingegaard in the Dauphin\u00e9: &#8220;I\u2019ll just say it&#8230;&#8221;<\/a>&nbsp;&nbsp;IDLprocycling.com<\/li>\n<li><a href=\"https:\/\/news.google.com\/rss\/articles\/CBMi5gFBVV95cUxOUy13ZGJKX05NTkxGenpNaWlDcDZWX2lTZGhWTlo0aGlzTzA5M3JFM0QwZVZFalF0YmhEbWYzUkFTTFJrUHpFSzF0YWpTS2xXejQ3UmdBc3k3Yl9EczhBSUtMSGRQWEVtLTFaNUF1eEkwU1pySXgyZGVtREZwVjc1eURrOEhTVzFlQkI3UHVjTHBNazZyTTJ6T3RwUTk5dWdmTFM5b1NjeVVMRms0UHJkQUZDRGVQNk94Wk05MFp0YVdPbzhkdzFYblkyYUZiU2hUNmFTVVVGWHlSVFhvclNIYkRFeVU5Zw?oc=5\" target=\"_blank\" rel=\"noopener\">&#8216;I think I did quite a good job&#8217; \u2013 Jonas Vingegaard upbeat at Crit\u00e9rium du Dauphin\u00e9 despite another loss to Tadej Poga\u010dar<\/a>&nbsp;&nbsp;Cyclingnews<\/li>\n<li><a href=\"https:\/\/news.google.com\/rss\/articles\/CBMixwFBVV95cUxQYlR2SGhreVY0bEFlOEt5LVBFNlpHdlY4TDRyX2U0MHhTSmVwR1h4a25iV3dEdjVkNzlnakNiX09CaGJ1dkg3YW9HakxtdExjQi1YSnMtU25iaWFWZzQ3QTVScVg3N1JhVGxfODN1LVJMM0FDelpaaElDd1V6S0taR0E3Nm51UWJ5QjlObWxnaG5aTnp6cXFvWWlHamFCcEs2aV85NmVmd3hnTjlPZnJGVXJDalB1QlVCYzY0ZVc3M3UtaGNjVGlF?oc=5\" target=\"_blank\" rel=\"noopener\">&#8220;iI&#8217;s hard to see anything&#8221; &#8211; Jonas Vingegaard does not find weaknesses in Tadej Pogacar&#8217;s arsenal<\/a>&nbsp;&nbsp;CyclingUpToDate.com<\/li>\n<\/ol>\n","protected":false},"excerpt":{"rendered":"Vingegaard finishes second in final stage and overall standings of Crit\u00e9rium du Dauphin\u00e9&nbsp;&nbsp;Team Visma &#8216;I expect Pogacar to&hellip;\n","protected":false},"author":2,"featured_media":187216,"comment_status":"","ping_status":"","sticky":false,"template":"","format":"standard","meta":{"footnotes":""},"categories":[4104],"tags":[4230,76710,79,76711,16,15],"class_list":{"0":"post-187215","1":"post","2":"type-post","3":"status-publish","4":"format-standard","5":"has-post-thumbnail","7":"category-cycling","8":"tag-cycling","9":"tag-jonas-vingegaard-has-secured-second-place-overall-in-the-criterium-du-dauphine-in-the-final-stage-of-the-eight-day-race","10":"tag-sports","11":"tag-the-team-visma-lease-a-bike-leader-launched-an-attack-but-was-unable-to-gain-time-on-overall-winner-tadej-pogacar-the-days-victory-went-to-lenny-martinez","12":"tag-uk","13":"tag-united-kingdom"},"share_on_mastodon":{"url":"https:\/\/pubeurope.com\/@uk\/114689275613755173","error":""},"_links":{"self":[{"href":"https:\/\/www.europesays.com\/uk\/wp-json\/wp\/v2\/posts\/187215","targetHints":{"allow":["GET"]}}],"collection":[{"href":"https:\/\/www.europesays.com\/uk\/wp-json\/wp\/v2\/posts"}],"about":[{"href":"https:\/\/www.europesays.com\/uk\/wp-json\/wp\/v2\/types\/post"}],"author":[{"embeddable":true,"href":"https:\/\/www.europesays.com\/uk\/wp-json\/wp\/v2\/users\/2"}],"replies":[{"embeddable":true,"href":"https:\/\/www.europesays.com\/uk\/wp-json\/wp\/v2\/comments?post=187215"}],"version-history":[{"count":0,"href":"https:\/\/www.europesays.com\/uk\/wp-json\/wp\/v2\/posts\/187215\/revisions"}],"wp:featuredmedia":[{"embeddable":true,"href":"https:\/\/www.europesays.com\/uk\/wp-json\/wp\/v2\/media\/187216"}],"wp:attachment":[{"href":"https:\/\/www.europesays.com\/uk\/wp-json\/wp\/v2\/media?parent=187215"}],"wp:term":[{"taxonomy":"category","embeddable":true,"href":"https:\/\/www.europesays.com\/uk\/wp-json\/wp\/v2\/categories?post=187215"},{"taxonomy":"post_tag","embeddable":true,"href":"https:\/\/www.europesays.com\/uk\/wp-json\/wp\/v2\/tags?post=187215"}],"curies":[{"name":"wp","href":"https:\/\/api.w.org\/{rel}","templated":true}]}}