{"id":187328,"date":"2025-06-15T21:31:14","date_gmt":"2025-06-15T21:31:14","guid":{"rendered":"https:\/\/www.europesays.com\/uk\/187328\/"},"modified":"2025-06-15T21:31:14","modified_gmt":"2025-06-15T21:31:14","slug":"man-united-star-training-in-spain-while-waiting-for-call-from-barcelona","status":"publish","type":"post","link":"https:\/\/www.europesays.com\/uk\/187328\/","title":{"rendered":"Man United star training in Spain while waiting for call from Barcelona"},"content":{"rendered":"<p>A player long linked with a move to La Liga champions Barcelona is currently ramping up his fitness in Spain.<\/p>\n<p>This comes amid ongoing hopes of receiving fresh contact from those behind the scenes at the Camp Nou.<\/p>\n<p>Advertisement<\/p>\n<p>That\u2019s according to <strong><a href=\"https:\/\/www.mundodeportivo.com\/futbol\/fc-barcelona\/20250615\/1002483644\/rashford-espera-noticias-barca-marbella.html\" rel=\"nofollow noopener\" target=\"_blank\" data-ylk=\"slk:Mundo Deportivo;elm:context_link;itc:0;sec:content-canvas\" class=\"link \">Mundo Deportivo<\/a><\/strong>, who point towards Marcus Rashford as the player in question.<\/p>\n<p>England international Rashford is one of several options being taken into consideration at Barcelona amid an ongoing search for reinforcements out wide.<\/p>\n<p>The 27-year-old was previously linked with a Blaugrana switch back in January, and remains held in high regard by Hansi Flick and his staff.<\/p>\n<p>In turn, as per MD:<\/p>\n<p>\u2018While awaiting a final decision on his future,\u00a0Rashford\u00a0is currently training in Marbella to stay in shape and be in top condition for the start of the season.\u2019<\/p>\n<p>It is added that:<\/p>\n<p>\u2018Rashford\u00a0is one of the options that\u00a0FC Barcelona\u00a0have on the table to reinforce the attack next season and the Englishman prefers to wear the Bar\u00e7a shirt ahead of other offers he has received.\u2019<\/p>\n<p>Alongside Rashford, all of Luis D\u00edaz, Nico Williams and Ivan Peri\u0161i\u0107 are also on Barca\u2019s shortlist of winger options.<\/p>\n<p>Conor Laird \u2013 GSFN<\/p>\n","protected":false},"excerpt":{"rendered":"A player long linked with a move to La Liga champions Barcelona is currently ramping up his fitness&hellip;\n","protected":false},"author":2,"featured_media":187329,"comment_status":"","ping_status":"","sticky":false,"template":"","format":"standard","meta":{"footnotes":""},"categories":[5312],"tags":[199,76738,2000,299,76739,30567,103,76737,1063,104],"class_list":{"0":"post-187328","1":"post","2":"type-post","3":"status-publish","4":"format-standard","5":"has-post-thumbnail","7":"category-spain","8":"tag-barcelona","9":"tag-blaugrana","10":"tag-eu","11":"tag-europe","12":"tag-hansi-flick","13":"tag-man-united","14":"tag-marcus-rashford","15":"tag-mundo-deportivo","16":"tag-nico-williams","17":"tag-spain"},"share_on_mastodon":{"url":"https:\/\/pubeurope.com\/@uk\/114689519467824141","error":""},"_links":{"self":[{"href":"https:\/\/www.europesays.com\/uk\/wp-json\/wp\/v2\/posts\/187328","targetHints":{"allow":["GET"]}}],"collection":[{"href":"https:\/\/www.europesays.com\/uk\/wp-json\/wp\/v2\/posts"}],"about":[{"href":"https:\/\/www.europesays.com\/uk\/wp-json\/wp\/v2\/types\/post"}],"author":[{"embeddable":true,"href":"https:\/\/www.europesays.com\/uk\/wp-json\/wp\/v2\/users\/2"}],"replies":[{"embeddable":true,"href":"https:\/\/www.europesays.com\/uk\/wp-json\/wp\/v2\/comments?post=187328"}],"version-history":[{"count":0,"href":"https:\/\/www.europesays.com\/uk\/wp-json\/wp\/v2\/posts\/187328\/revisions"}],"wp:featuredmedia":[{"embeddable":true,"href":"https:\/\/www.europesays.com\/uk\/wp-json\/wp\/v2\/media\/187329"}],"wp:attachment":[{"href":"https:\/\/www.europesays.com\/uk\/wp-json\/wp\/v2\/media?parent=187328"}],"wp:term":[{"taxonomy":"category","embeddable":true,"href":"https:\/\/www.europesays.com\/uk\/wp-json\/wp\/v2\/categories?post=187328"},{"taxonomy":"post_tag","embeddable":true,"href":"https:\/\/www.europesays.com\/uk\/wp-json\/wp\/v2\/tags?post=187328"}],"curies":[{"name":"wp","href":"https:\/\/api.w.org\/{rel}","templated":true}]}}