{"id":189041,"date":"2025-06-16T13:08:10","date_gmt":"2025-06-16T13:08:10","guid":{"rendered":"https:\/\/www.europesays.com\/uk\/189041\/"},"modified":"2025-06-16T13:08:10","modified_gmt":"2025-06-16T13:08:10","slug":"pogacars-superiority-takeaways-from-the-criterium-du-dauphine","status":"publish","type":"post","link":"https:\/\/www.europesays.com\/uk\/189041\/","title":{"rendered":"Poga\u010dar\u2019s Superiority &#038; Takeaways from the Crit\u00e9rium du Dauphin\u00e9"},"content":{"rendered":"<p data-start=\"258\" data-end=\"1238\">But, of course, the Tour still has to be run and, in cycling as in life, anything can happen. But one thing that I think will not happen is that Vingegaard and Evenepoel will close the gap to the Slovenian enough to make the Tour competitive once it hits the big mountains. The gap is too great and the time is too short.<\/p>\n<p data-start=\"258\" data-end=\"1238\">For the record, Poga\u010dar won his first Dauphin\u00e9 by 59 seconds over Vingegaard, with Florian Lipowitz (Red Bull\u2013BORA\u2013hansgrohe) finishing third, at 2:38, and Evenepoel fourth, 4:21 adrift. And he did it without really breaking a sweat.<\/p>\n<p><strong data-start=\"1240\" data-end=\"1251\">The gap<\/strong><\/p>\n<p data-start=\"1240\" data-end=\"2548\">Poga\u010dar won three of the eight stages, including the stage 1 sprint to the finish against his two GC rivals and Mathieu van der Poel (Alpecin-Deceuninck). He also won the two big mountain stages, including the queen stage, Saturday\u2019s stage 7, which included more than 5,000 meters of altitude gain. The official results of that stage say that he beat Vingegaard by only 14 seconds, but that flatters the Dane because Poga\u010dar spent much of the final climb to the summit at the Valmeinier 1800 ski resort (16.5km @ 6.7%) in cruise control, and actually sat up in the final kilometer.<\/p>\n<p data-start=\"1240\" data-end=\"2548\">Had he raced to win by the largest possible margin, as he will in the Tour, he probably would have won by at least a minute, as he did on stage 6 \u2013 where he also seemed to take it easy once he\u2019d opened up a gap. And if he\u2019d raced at full throttle throughout the race, the final margin would have been at least twice as big, if not more.<\/p>\n<p data-start=\"1240\" data-end=\"2548\">Meanwhile, Evenepoel finished stage 7 in fifth place, 2:39 behind, also beaten by the surprisingly strong Lipowitz, at 1:21, and Tobias Johannessen (Uno-X Mobility), at 2:26. These riders were working hard to keep the gap to Poga\u010dar manageable \u2013 except maybe for Johannessen, who always rode behind Evenepoel and so was able to outsprint him on the final section.<\/p>\n<blockquote class=\"instagram-media\" style=\"background: #FFF; border: 0; border-radius: 3px; box-shadow: 0 0 1px 0 rgba(0,0,0,0.5),0 1px 10px 0 rgba(0,0,0,0.15); margin: 1px; max-width: 540px; min-width: 326px; padding: 0; width: calc(100% - 2px);\" data-instgrm-captioned=\"\" data-instgrm-permalink=\"https:\/\/www.instagram.com\/p\/DK7d7VNoss_\/?utm_source=ig_embed&amp;utm_campaign=loading\" data-instgrm-version=\"14\">\n<\/blockquote>\n<p><strong data-start=\"2550\" data-end=\"2575\">Injuries and training<\/strong><\/p>\n<p data-start=\"2550\" data-end=\"4662\">This doesn\u2019t mean that the world champion will never lose a Tour again. Just not this year. He has benefited from having been injury-free since 2023 and doing a lot of his preparation in actual races. He rode a full (and very successful) spring Classics schedule, while Vingegaard had only one complete race this year, the Tour of Algarve, which he won. He then crashed on stage 5 of Paris-Nice, suffered a concussion, which kept him from racing in the Volta a Catalunya.<\/p>\n<p data-start=\"2550\" data-end=\"4662\">There is no better training for races than racing. The two-time Tour winner certainly came out of the Dauphin\u00e9 stronger than he was before the race. But, you know, so did Poga\u010dar. Vingegaard looked better on the final climb of stage 8 than he did on the last ascent of stage 7. But, in his magisterial relaxation, so did Poga\u010dar. As strong and courageous as Vingegaard is, he will have to be satisfied with yet another second-place finish behind his big rival next month.<\/p>\n<p data-start=\"2550\" data-end=\"4662\">The story might be different in 2026. Because by then he will certainly have overcome the after-effects of his big crash in the Tour of the Basque Country in spring of last year. Yes, that was well over a year ago, but a bad crash and a long convalescence affect the body of a top-level athlete for a long time. Look at Egan Bernal, who is finally rounding into form following his life-threatening training crash in 2022. He is in his best form since that accident, but he is still not the rider he was before he rode into the back of a stopped bus.<\/p>\n<p data-start=\"2550\" data-end=\"4662\">The same is true of Evenepoel, who also had a big spring Classics schedule, but he doesn\u2019t seem to be the rider he was before his training crash in December. He\u2019ll ride better in the Tour, but it won\u2019t be good enough, I\u2019m afraid. He too will be close to his best next year \u2013 or perhaps as early as this year\u2019s Vuelta, if he rides in it.<\/p>\n<p data-start=\"2550\" data-end=\"4662\">In fairness, though, Evenepoel finished seventh in last year\u2019s Dauphin\u00e9, behind clearly inferior riders, and then finished third in the Tour, so he will surely improve. But he finished more than 9 minutes behind Poga\u010dar. So\u2026<\/p>\n<p><strong data-start=\"4664\" data-end=\"4678\">The future<\/strong><\/p>\n<p data-start=\"4664\" data-end=\"7260\">Lipowitz\u2019s strong showing and podium finish is not such a big surprise. He showed great climbing ability last year while working for teammates Primo\u017e Rogli\u010d and Aleksandr Vlasov. But his terrific ITT, in which he finished fifth, just eight seconds behind Poga\u010dar, was a revelation. The 24-year-old German may never win the Tour de France, certainly not until after both Poga\u010dar and Vingegaard have retired, but in a Giro or Vuelta without those two, he looks like he has the stuff to win.<\/p>\n<p data-start=\"4664\" data-end=\"7260\">Will 18-year-old Paul Seixas (Decathlon AG2R La Mondiale Team) live up to the promise he has started showing at such a young age? He finished 10th in the ITT, 16 seconds behind Lipowitz, and crossed the line 3:51 behind Poga\u010dar on stage 7. He was sixth in the GC when he crashed on the final climb of the race on Sunday and damaged his bike. He raced on with a bent handlebar and, for some reason, was never given another bike. So he ended up eighth in the final standings, 8:25 behind Poga\u010dar, still a remarkable performance for a teenager. He has an enormous upside that would, I believe, be better served by riding for a team with more funds.<\/p>\n<p data-start=\"4664\" data-end=\"7260\">And what about 25-year-old Matteo Jorgenson, who finished third in the ITT, just 37 seconds behind Evenepoel, the world\u2019s best time trial rider? His sixth-place finish in the GC was achieved while riding in support of Vingegaard. When will he have the chance to ride for his own glory? He looks very strong every time he rides with purpose, whether on a climb or on the flat.<\/p>\n<p data-start=\"4664\" data-end=\"7260\">Bahrain-Victorious\u2019s Lenny Martinez, who seemed seriously out of sorts and was way down in the GC after seven stages, joined the breakaway in Sunday\u2019s final stage and found himself in front with Movistar veteran Enric Mas. The 21-year-old Frenchman dropped Mas on the final climb, the Col du Mont-Cenis (9.6km @ 6.9%), with 7.3 km left to ride in the 133.3km course from Val-d\u2019Arc to the Plateau du Mont-Cenis, and rode alone to the finish line, finishing 33 seconds ahead of Vingegaard and Poga\u010dar.<\/p>\n<p data-start=\"4664\" data-end=\"7260\">This was the final gesture of the Slovenian\u2019s superiority. He did not ride away from Vingegaard and try to win the stage. And he let the Dane finish ahead of him. This probably wasn\u2019t generosity or showmanship. The Crit\u00e9rium du Dauphin\u00e9 GC victory was the 99th win of his career. If he\u2019d also won the stage, it would have made for 100 wins. I think, showman that he is, that Poga\u010dar wants to record that watershed victory in the Tour de France. Think of the headline: World\u2019s Greatest Cyclist Records 100th Victory in World\u2019s Greatest Race.<\/p>\n<blockquote class=\"instagram-media\" style=\"background: #FFF; border: 0; border-radius: 3px; box-shadow: 0 0 1px 0 rgba(0,0,0,0.5),0 1px 10px 0 rgba(0,0,0,0.15); margin: 1px; max-width: 540px; min-width: 326px; padding: 0; width: calc(100% - 2px);\" data-instgrm-captioned=\"\" data-instgrm-permalink=\"https:\/\/www.instagram.com\/p\/DK7j7MPMptQ\/?utm_source=ig_embed&amp;utm_campaign=loading\" data-instgrm-version=\"14\">\n<\/blockquote>\n<p>    <script async src=\"\/\/www.instagram.com\/embed.js\"><\/script><\/p>\n","protected":false},"excerpt":{"rendered":"But, of course, the Tour still has to be run and, in cycling as in life, anything can&hellip;\n","protected":false},"author":2,"featured_media":189042,"comment_status":"","ping_status":"","sticky":false,"template":"","format":"standard","meta":{"footnotes":""},"categories":[4104],"tags":[4230,79,16,15],"class_list":{"0":"post-189041","1":"post","2":"type-post","3":"status-publish","4":"format-standard","5":"has-post-thumbnail","7":"category-cycling","8":"tag-cycling","9":"tag-sports","10":"tag-uk","11":"tag-united-kingdom"},"share_on_mastodon":{"url":"https:\/\/pubeurope.com\/@uk\/114693203790446185","error":""},"_links":{"self":[{"href":"https:\/\/www.europesays.com\/uk\/wp-json\/wp\/v2\/posts\/189041","targetHints":{"allow":["GET"]}}],"collection":[{"href":"https:\/\/www.europesays.com\/uk\/wp-json\/wp\/v2\/posts"}],"about":[{"href":"https:\/\/www.europesays.com\/uk\/wp-json\/wp\/v2\/types\/post"}],"author":[{"embeddable":true,"href":"https:\/\/www.europesays.com\/uk\/wp-json\/wp\/v2\/users\/2"}],"replies":[{"embeddable":true,"href":"https:\/\/www.europesays.com\/uk\/wp-json\/wp\/v2\/comments?post=189041"}],"version-history":[{"count":0,"href":"https:\/\/www.europesays.com\/uk\/wp-json\/wp\/v2\/posts\/189041\/revisions"}],"wp:featuredmedia":[{"embeddable":true,"href":"https:\/\/www.europesays.com\/uk\/wp-json\/wp\/v2\/media\/189042"}],"wp:attachment":[{"href":"https:\/\/www.europesays.com\/uk\/wp-json\/wp\/v2\/media?parent=189041"}],"wp:term":[{"taxonomy":"category","embeddable":true,"href":"https:\/\/www.europesays.com\/uk\/wp-json\/wp\/v2\/categories?post=189041"},{"taxonomy":"post_tag","embeddable":true,"href":"https:\/\/www.europesays.com\/uk\/wp-json\/wp\/v2\/tags?post=189041"}],"curies":[{"name":"wp","href":"https:\/\/api.w.org\/{rel}","templated":true}]}}