{"id":191296,"date":"2025-06-17T09:16:10","date_gmt":"2025-06-17T09:16:10","guid":{"rendered":"https:\/\/www.europesays.com\/uk\/191296\/"},"modified":"2025-06-17T09:16:10","modified_gmt":"2025-06-17T09:16:10","slug":"will-france-need-imf-help-a-serious-warning","status":"publish","type":"post","link":"https:\/\/www.europesays.com\/uk\/191296\/","title":{"rendered":"Will France Need IMF help ? A Serious Warning"},"content":{"rendered":"<p>                            9h05 \u25aa<br \/>\n                        5<br \/>\n            min read \u25aa by<br \/>\n            Luc Jose A.<\/p>\n<p>For the first time, the idea of France being placed under IMF guardianship has entered the halls of Bercy. Long reserved for countries in crisis, this prospect, now openly acknowledged at the highest level of the State, reveals the extent of the budgetary slippage. An abyssal debt, sharply rising interest charges, and pressure from rating agencies form an explosive cocktail. The signal is clear: French economic sovereignty is faltering, and international institutions are now scrutinizing Paris with the same severity as struggling economies.<\/p>\n<p><img decoding=\"async\" src=\"data:image\/svg+xml,%3Csvg%20xmlns=\" http:=\"\" data-lazy- data-lazy- class=\"post-cover-image--img\" alt=\"An iconic female figure representing France, kneeling and slightly leaning forward. Her wrists are bound by heavy golden chains, connected to a black briefcase placed on the ground in front of her, stamped with the IMF logo &#x2014; symbolizing a guardianship imposed due to a massive public debt.\" data-lazy-src=\"https:\/\/www.europesays.com\/uk\/wp-content\/uploads\/2025\/06\/France-Dette-1024x683.png\"\/><\/p>\n<p>      In brief<\/p>\n<ul>\n<li>France is facing a critical budgetary situation, with public debt exceeding 3,300 billion euros.<\/li>\n<li>The Minister of Economy mentions for the first time the risk of being placed under IMF guardianship.<\/li>\n<li>In 2024, the interest on the debt alone will cost the State 67 billion euros, a historic record.<\/li>\n<li>The scenario of resorting to the IMF, long unthinkable, is gradually entering public debate.<\/li>\n<\/ul>\n<p>France\u2019s public debt : the figures worrying Bercy<\/p>\n<p>While <a href=\"https:\/\/www.cointribune.com\/en\/french-debt-interest-rates-are-skyrocketing\/\" target=\"_blank\" rel=\"noreferrer noopener\">the interest on French debt is exploding<\/a> in a tense economic context, the figures released by Bercy are enough to cause shivers.<\/p>\n<p>According to <a href=\"https:\/\/www.banque-france.fr\/system\/files\/2025-06\/Eco-Bref_Dette-publique.%20DEFpdf.pdf\" target=\"_blank\" rel=\"noreferrer noopener\">data published in early June<\/a>, France will have to allocate 67 billion euros in 2024 to pay only the interest on public debt, a historic record.<\/p>\n<p>This sum is in addition to a total debt that now exceeds 3,300 billion euros, or 113 % of GDP. Such a level of indebtedness places France among the most vulnerable states in the eurozone.<\/p>\n<p>It is in this climate that the Minister of Economy, \u00c9ric Lombard, has <a href=\"https:\/\/www.latribune.fr\/economie\/dette-de-la-france-une-mise-sous-tutelle-du-fmi-n-est-plus-exclue-1026984.html\" target=\"_blank\" rel=\"noreferrer noopener\">sounded<\/a> an unusual alarm bell : <\/p>\n<blockquote class=\"wp-block-quote\">\n<p>Our country is losing sovereignty, independence, and could find itself under the threat of a creditors\u2019 and IMF guardianship.<\/p>\n<\/blockquote>\n<p>Indeed, this statement, unusual in its gravity, marks a turning point in the official discourse surrounding France\u2019s budgetary trajectory.<\/p>\n<p>This shift is reinforced by a series of indicators that reflect the runaway public finances. The ministry anticipates a slippage that could reach 100 billion euros in deficit, a deterioration rate faster than estimated.<\/p>\n<p>In this context, the debt burden threatens to become, as early as this year, the primary public spending item, ahead of the State\u2019s core missions. Here is an overview of the budgetary comparisons presented by Bercy :<\/p>\n<ul>\n<li>67 billion euros devoted to debt interest alone in 2024 ;<\/li>\n<li>88 billion euros planned for the National Education budget ;<\/li>\n<li>59 billion euros allocated to National Defense in 2025.<\/li>\n<\/ul>\n<p>This simple inversion of budget hierarchy illustrates the gradual loss of control over the fundamental balances of public accounts, which fuels concerns among markets and rating agencies alike.<\/p>\n<p>A downgraded rating and a negative scenario<\/p>\n<p>The picture darkens further when observing the reaction of the rating agencies. On May 30, the agency Standard &amp; Poor\u2019s (S&amp;P) confirmed France\u2019s rating at AA\u2212, equivalent to 16.5 out of 20, but maintained a negative outlook.<\/p>\n<p>In financial language, this means that a future downgrade remains highly probable if no recovery measures are taken. Two other major agencies, Fitch and Moody\u2019s, share a similar evaluation. This negative convergence is not merely symbolic. It increases the likelihood of a rise in interest rates on French debt, which would further worsen the budgetary spiral.<\/p>\n<p>This new budgetary hierarchy, where the cost of debt would exceed this year the costs of Education (\u20ac88B) and Defense (\u20ac59B), represents an unprecedented reversal of State priorities.<\/p>\n<p>Conversely, several countries in the BRICS show a more stable budgetary trajectory, with controlled debt levels and sustained growth contrasting with France\u2019s structural imbalances.<\/p>\n<p>The fact that merely repaying interest becomes the heart of public spending illustrates a gradual loss of control over essential economic levers. It is in this context that some economists fear France tipping into a form of market dependency, which could severely restrict its decision-making capacities.<\/p>\n<p>While the hypothesis of resorting to the IMF may still seem extreme, the mere fact that it is publicly mentioned by a sitting minister represents a change of era. It is a strong political signal, intended perhaps as much to alert as to prepare minds.<\/p>\n<p class=\"post-conclusion\">The consequences of such guardianship would be considerable: loss of credibility in the markets, imposition of drastic reforms, and external monitoring of national budgetary choices. A scenario France has never experienced since World War II, which would place the Hexagon alongside countries like Greece or Argentina in the global financial imagination. However, <a href=\"https:\/\/www.cointribune.com\/en\/?p=807405\" target=\"_blank\" rel=\"noreferrer noopener\">can the State then requisition French savings to cover this public debt?<\/a><\/p>\n<p>Maximize your Cointribune experience with our &#8220;Read to Earn&#8221; program! For every article you read, earn points and access exclusive rewards. Sign up now and start earning benefits.<\/p>\n<p><\/p>\n<p>\t\t\t\t\t<img loading=\"lazy\" decoding=\"async\" alt=\"Luc Jose A. avatar\" class=\"w-full h-full wrote_by_image\" width=\"80\" height=\"80\" src=\"data:image\/svg+xml,%3Csvg%20xmlns=\" http:=\"\" data-lazy-src=\"https:\/\/www.cointribune.com\/app\/uploads\/2024\/02\/portrait-9.svg\"\/><\/p>\n<p>\t\t\t\t\t\t\t\t\tLuc Jose A.<\/p>\n<p class=\"text-gray-500 dark:!text-gray-200 !p-0 text-sm md:text-base wrote_by_description\">Dipl\u00f4m\u00e9 de Sciences Po Toulouse et titulaire d&#8217;une certification consultant blockchain d\u00e9livr\u00e9e par Alyra, j&#8217;ai rejoint l&#8217;aventure Cointribune en 2019.&#13;<br \/>\nConvaincu du potentiel de la blockchain pour transformer de nombreux secteurs de l&#8217;\u00e9conomie, j&#8217;ai pris l&#8217;engagement de sensibiliser et d&#8217;informer le grand public sur cet \u00e9cosyst\u00e8me en constante \u00e9volution. Mon objectif est de permettre \u00e0 chacun de mieux comprendre la blockchain et de saisir les opportunit\u00e9s qu&#8217;elle offre. Je m&#8217;efforce chaque jour de fournir une analyse objective de l&#8217;actualit\u00e9, de d\u00e9crypter les tendances du march\u00e9, de relayer les derni\u00e8res innovations technologiques et de mettre en perspective les enjeux \u00e9conomiques et soci\u00e9taux de cette r\u00e9volution en marche.<\/p>\n<p>DISCLAIMER<\/p>\n<p class=\"italic text-base\">The views, thoughts, and opinions expressed in this article belong solely to the author, and should not be taken as investment advice. Do your own research before taking any investment decisions.<\/p>\n","protected":false},"excerpt":{"rendered":"9h05 \u25aa 5 min read \u25aa by Luc Jose A. For the first time, the idea of France&hellip;\n","protected":false},"author":2,"featured_media":191297,"comment_status":"","ping_status":"","sticky":false,"template":"","format":"standard","meta":{"footnotes":""},"categories":[3090],"tags":[51,1700,16,15],"class_list":{"0":"post-191296","1":"post","2":"type-post","3":"status-publish","4":"format-standard","5":"has-post-thumbnail","7":"category-economy","8":"tag-business","9":"tag-economy","10":"tag-uk","11":"tag-united-kingdom"},"share_on_mastodon":{"url":"https:\/\/pubeurope.com\/@uk\/114697954433624651","error":""},"_links":{"self":[{"href":"https:\/\/www.europesays.com\/uk\/wp-json\/wp\/v2\/posts\/191296","targetHints":{"allow":["GET"]}}],"collection":[{"href":"https:\/\/www.europesays.com\/uk\/wp-json\/wp\/v2\/posts"}],"about":[{"href":"https:\/\/www.europesays.com\/uk\/wp-json\/wp\/v2\/types\/post"}],"author":[{"embeddable":true,"href":"https:\/\/www.europesays.com\/uk\/wp-json\/wp\/v2\/users\/2"}],"replies":[{"embeddable":true,"href":"https:\/\/www.europesays.com\/uk\/wp-json\/wp\/v2\/comments?post=191296"}],"version-history":[{"count":0,"href":"https:\/\/www.europesays.com\/uk\/wp-json\/wp\/v2\/posts\/191296\/revisions"}],"wp:featuredmedia":[{"embeddable":true,"href":"https:\/\/www.europesays.com\/uk\/wp-json\/wp\/v2\/media\/191297"}],"wp:attachment":[{"href":"https:\/\/www.europesays.com\/uk\/wp-json\/wp\/v2\/media?parent=191296"}],"wp:term":[{"taxonomy":"category","embeddable":true,"href":"https:\/\/www.europesays.com\/uk\/wp-json\/wp\/v2\/categories?post=191296"},{"taxonomy":"post_tag","embeddable":true,"href":"https:\/\/www.europesays.com\/uk\/wp-json\/wp\/v2\/tags?post=191296"}],"curies":[{"name":"wp","href":"https:\/\/api.w.org\/{rel}","templated":true}]}}