{"id":191587,"date":"2025-06-17T11:51:33","date_gmt":"2025-06-17T11:51:33","guid":{"rendered":"https:\/\/www.europesays.com\/uk\/191587\/"},"modified":"2025-06-17T11:51:33","modified_gmt":"2025-06-17T11:51:33","slug":"pro-bike-visma-lease-a-bikes-unreleased-cervelo-s5","status":"publish","type":"post","link":"https:\/\/www.europesays.com\/uk\/191587\/","title":{"rendered":"Pro bike: Visma-Lease a Bike&#8217;s unreleased Cerv\u00e9lo S5"},"content":{"rendered":"<p>As the premium warm-up race for the Tour de France, the Crit\u00e9rium du Dauphin\u00e9 tends to be the spot for riders to test their legs on French roads, and it tends to be the first place teams unleash brand new bikes before they\u2019re officially launched around the Tour\u2019s Grand D\u00e9part.<\/p>\n<p>This year the most high profile of those \u2013 although certainly not the most talked about \u2013\u00a0was Visma-Lease a Bike\u2019s new Cerv\u00e9lo S5. The brand has thus far been tight lipped about the new model\u2019s details, and it generally looks similar to <a href=\"https:\/\/www.cyclist.co.uk\/reviews\/cervelo-s5-review-2\" target=\"_blank\" rel=\"noopener\">the previous one<\/a>, however with Jonas Vingegaard and co. riding the <a href=\"https:\/\/www.cyclist.co.uk\/buying-guides\/best-aero-bikes\" target=\"_blank\" rel=\"noopener\">aero bike<\/a> on the <a href=\"https:\/\/www.cyclist.co.uk\/in-depth\/dauphine-2025-gallery\" target=\"_blank\" rel=\"noopener\">Dauphin\u00e9\u2019s high mountain stages<\/a>, it\u2019s safe to assume that it\u2019s much lighter than its predecessor and can probably now be classed as an <a href=\"https:\/\/www.cyclist.co.uk\/buying-guides\/best-all-round-road-race-bikes\" target=\"_blank\" rel=\"noopener\">all-round road race bike<\/a>. Does that mean it\u2019s bye-bye R5? <\/p>\n<p>Photographer Xavier Pereyron got a closer look at the details\u2026<\/p>\n<p>Related questions you can explore with Ask Cyclist, our AI search engine.<img class=\"lazyload\" decoding=\"async\" src=\"https:\/\/www.europesays.com\/uk\/wp-content\/uploads\/2025\/04\/ask-cyclist-logo.jpg\"\/>If you would like to ask your own question you just need to ,  or <a class=\"sub-miso1\" href=\"https:\/\/www.cyclist.co.uk\/subscriptions\/\" target=\"_blank\" rel=\"noopener\">subscribe<\/a>.<\/p>\n<p><img loading=\"lazy\" decoding=\"async\" width=\"970\" height=\"647\" src=\"https:\/\/www.europesays.com\/uk\/wp-content\/uploads\/2025\/06\/Criterium-du-Dauphine-Cyclist-Gallery-of-Bikes-33-970x647.webp.webp\" alt=\"\" class=\"lazyload wp-image-205124\"  data-\/>Xavier Pereyron<\/p>\n<p>Spot the difference with <a href=\"https:\/\/www.cyclist.co.uk\/reviews\/cervelo-s5-review-2\" target=\"_blank\" rel=\"noopener\">the previous model<\/a>. There have been plenty of tweaks including a much beefier fork.<\/p>\n<p><img loading=\"lazy\" decoding=\"async\" width=\"970\" height=\"647\" src=\"https:\/\/www.europesays.com\/uk\/wp-content\/uploads\/2025\/06\/Criterium-du-Dauphine-Cyclist-Gallery-of-Bikes-34-970x647.webp.webp\" alt=\"\" class=\"lazyload wp-image-205125\"  data-\/>Xavier Pereyron<\/p>\n<p>The most noticeable difference is probably the bar, which has been given a kink in the centre, creating a bigger hole like the <a href=\"https:\/\/www.cyclist.co.uk\/reviews\/trek-madone-gen-8-road-bike-review\" target=\"_blank\" rel=\"noopener\">Trek Madone<\/a>\u2018s rear IsoFlow.<\/p>\n<p><img loading=\"lazy\" decoding=\"async\" width=\"970\" height=\"647\" src=\"https:\/\/www.europesays.com\/uk\/wp-content\/uploads\/2025\/06\/Criterium-du-Dauphine-Cyclist-Gallery-of-Bikes-93-970x647.webp.webp\" alt=\"\" class=\"lazyload wp-image-205142\"  data-\/>Xavier Pereyron<\/p>\n<p>Unlike the <a href=\"https:\/\/www.cyclist.co.uk\/news\/colnago-y1rs\" target=\"_blank\" rel=\"noopener\">Colnago Y1Rs<\/a> there\u2019s no issue with adding a mount.<\/p>\n<p><a href=\"https:\/\/www.cyclist.co.uk\/newsletters\" target=\"_blank\" rel=\"noopener\"><img loading=\"lazy\" decoding=\"async\" width=\"970\" height=\"332\" src=\"https:\/\/www.europesays.com\/uk\/wp-content\/uploads\/2025\/06\/Newsletter-flash-v2-2-970x332.webp.webp\" alt=\"Cyclist newsletter banner saying 'tasty morsels sent straight to your inbox, click here to sign up'\" class=\"lazyload wp-image-202091\"  data-\/><\/a><\/p>\n<p><img class=\"lazyload\" decoding=\"async\" src=\"https:\/\/www.europesays.com\/uk\/wp-content\/uploads\/2025\/06\/Criterium-du-Dauphine-Cyclist-Gallery-of-Bikes-65-647x970.webp.webp\" alt=\"This image has an empty alt attribute; its file name is Criterium-du-Dauphine-Cyclist-Gallery-of-Bikes-65-647x970.webp\"\/><\/p>\n<p>Hopefully the wind tunnel testing included a bike computer.<\/p>\n<p><img loading=\"lazy\" decoding=\"async\" width=\"970\" height=\"647\" src=\"https:\/\/www.europesays.com\/uk\/wp-content\/uploads\/2025\/06\/Criterium-du-Dauphine-Cyclist-Gallery-of-Bikes-69-970x647.webp.webp\" alt=\"\" class=\"lazyload wp-image-205135\"  data-\/>Xavier Pereyron<\/p>\n<p>Ant&#8217;s eye view.<\/p>\n<p><img loading=\"lazy\" decoding=\"async\" width=\"970\" height=\"647\" src=\"https:\/\/www.europesays.com\/uk\/wp-content\/uploads\/2025\/06\/Criterium-du-Dauphine-Cyclist-Gallery-of-Bikes-88-970x647.webp.webp\" alt=\"\" class=\"lazyload wp-image-205140\"  data-\/>Xavier Pereyron<\/p>\n<p>It&#8217;s a sizeable lift up from the headset.<\/p>\n<p><img loading=\"lazy\" decoding=\"async\" width=\"970\" height=\"647\" src=\"https:\/\/www.europesays.com\/uk\/wp-content\/uploads\/2025\/06\/Criterium-du-Dauphine-Cyclist-Gallery-of-Bikes-54-970x647.webp.webp\" alt=\"\" class=\"lazyload wp-image-205130\"  data-\/>Xavier Pereyron<\/p>\n<p><img loading=\"lazy\" decoding=\"async\" width=\"647\" height=\"970\" src=\"https:\/\/www.europesays.com\/uk\/wp-content\/uploads\/2025\/06\/Criterium-du-Dauphine-Cyclist-Gallery-of-Bikes-59-647x970.webp.webp\" alt=\"\" class=\"lazyload wp-image-205131\"  data-\/>Xavier Pereyron<\/p>\n<p>They&#8217;ve coupled the new bike with Vittoria&#8217;s new (ish, <a href=\"https:\/\/www.cyclist.co.uk\/news\/vittoria-corsa-wide-rim\" target=\"_blank\" rel=\"noopener\">they came out in March<\/a>) 29mm Corsa Pro tyres, which are designed specifically for wider rims for an extra aero boost.<\/p>\n<p><img loading=\"lazy\" decoding=\"async\" width=\"970\" height=\"647\" src=\"https:\/\/www.europesays.com\/uk\/wp-content\/uploads\/2025\/06\/Criterium-du-Dauphine-Cyclist-Gallery-of-Bikes-84-970x647.webp.webp\" alt=\"\" class=\"lazyload wp-image-205136\"  data-\/>Xavier Pereyron<\/p>\n<p><img loading=\"lazy\" decoding=\"async\" width=\"647\" height=\"970\" src=\"https:\/\/www.europesays.com\/uk\/wp-content\/uploads\/2025\/06\/Criterium-du-Dauphine-Cyclist-Gallery-of-Bikes-87-647x970.webp.webp\" alt=\"\" class=\"lazyload wp-image-205139\"  data-\/>Xavier Pereyron<\/p>\n<p>For those interested in Vingegaard&#8217;s saddle height.<\/p>\n<p><img loading=\"lazy\" decoding=\"async\" width=\"970\" height=\"647\" src=\"https:\/\/www.europesays.com\/uk\/wp-content\/uploads\/2025\/06\/Criterium-du-Dauphine-Cyclist-Gallery-of-Bikes-85-970x647.webp.webp\" alt=\"\" class=\"lazyload wp-image-205137\"  data-\/>Xavier Pereyron<\/p>\n<p>Full sponsor-correct SRAM Red.<\/p>\n<p><img loading=\"lazy\" decoding=\"async\" width=\"970\" height=\"647\" src=\"https:\/\/www.europesays.com\/uk\/wp-content\/uploads\/2025\/06\/Criterium-du-Dauphine-Cyclist-Gallery-of-Bikes-52-970x647.webp.webp\" alt=\"\" class=\"lazyload wp-image-205129\"  data-\/>Xavier Pereyron<\/p>\n<p>Very chunky bottom bracket junction.<\/p>\n<p><img loading=\"lazy\" decoding=\"async\" width=\"970\" height=\"647\" src=\"https:\/\/www.europesays.com\/uk\/wp-content\/uploads\/2025\/06\/Criterium-du-Dauphine-Cyclist-Gallery-of-Bikes-30-970x647.webp.webp\" alt=\"\" class=\"lazyload wp-image-205122\"  data-\/>Xavier Pereyron<\/p>\n<p><img loading=\"lazy\" decoding=\"async\" width=\"647\" height=\"970\" src=\"https:\/\/www.europesays.com\/uk\/wp-content\/uploads\/2025\/06\/Criterium-du-Dauphine-Cyclist-Gallery-of-Bikes-91-647x970.webp.webp\" alt=\"\" class=\"lazyload wp-image-205141\"  data-\/>Xavier Pereyron<\/p>\n<p>Yes, it wasn&#8217;t just Poga\u010dar testing out Visma&#8217;s TT bike. Maxim Van Gils was clearly interested in the new S5&#8217;s weight, and he was certainly not saying it feels heavy.<\/p>\n<p><a href=\"https:\/\/www.cyclist.co.uk\/subscriptions?utm_source=Web&amp;utm_medium=Banner&amp;utm_campaign=Banner+4\" target=\"_blank\" rel=\"noopener\"><img loading=\"lazy\" decoding=\"async\" width=\"970\" height=\"300\" src=\"https:\/\/www.europesays.com\/uk\/wp-content\/uploads\/2025\/06\/Subs-flash-165-for-web-4-970x300.webp.webp\" alt=\"Cyclist banner saying 'the world's best cycling magazine, delivered to your door, click here to subscribe'\" class=\"lazyload wp-image-203936\"  data-\/><\/a><\/p>\n","protected":false},"excerpt":{"rendered":"As the premium warm-up race for the Tour de France, the Crit\u00e9rium du Dauphin\u00e9 tends to be the&hellip;\n","protected":false},"author":2,"featured_media":191588,"comment_status":"","ping_status":"","sticky":false,"template":"","format":"standard","meta":{"footnotes":""},"categories":[4104],"tags":[78425,4230,31323,78426,79,16,15,11186],"class_list":{"0":"post-191587","1":"post","2":"type-post","3":"status-publish","4":"format-standard","5":"has-post-thumbnail","7":"category-cycling","8":"tag-cervelo","9":"tag-cycling","10":"tag-jonas-vingegaard","11":"tag-pro-bikes","12":"tag-sports","13":"tag-uk","14":"tag-united-kingdom","15":"tag-visma-lease-a-bike"},"share_on_mastodon":{"url":"https:\/\/pubeurope.com\/@uk\/114698563860554138","error":""},"_links":{"self":[{"href":"https:\/\/www.europesays.com\/uk\/wp-json\/wp\/v2\/posts\/191587","targetHints":{"allow":["GET"]}}],"collection":[{"href":"https:\/\/www.europesays.com\/uk\/wp-json\/wp\/v2\/posts"}],"about":[{"href":"https:\/\/www.europesays.com\/uk\/wp-json\/wp\/v2\/types\/post"}],"author":[{"embeddable":true,"href":"https:\/\/www.europesays.com\/uk\/wp-json\/wp\/v2\/users\/2"}],"replies":[{"embeddable":true,"href":"https:\/\/www.europesays.com\/uk\/wp-json\/wp\/v2\/comments?post=191587"}],"version-history":[{"count":0,"href":"https:\/\/www.europesays.com\/uk\/wp-json\/wp\/v2\/posts\/191587\/revisions"}],"wp:featuredmedia":[{"embeddable":true,"href":"https:\/\/www.europesays.com\/uk\/wp-json\/wp\/v2\/media\/191588"}],"wp:attachment":[{"href":"https:\/\/www.europesays.com\/uk\/wp-json\/wp\/v2\/media?parent=191587"}],"wp:term":[{"taxonomy":"category","embeddable":true,"href":"https:\/\/www.europesays.com\/uk\/wp-json\/wp\/v2\/categories?post=191587"},{"taxonomy":"post_tag","embeddable":true,"href":"https:\/\/www.europesays.com\/uk\/wp-json\/wp\/v2\/tags?post=191587"}],"curies":[{"name":"wp","href":"https:\/\/api.w.org\/{rel}","templated":true}]}}