{"id":196943,"date":"2025-06-19T10:52:19","date_gmt":"2025-06-19T10:52:19","guid":{"rendered":"https:\/\/www.europesays.com\/uk\/196943\/"},"modified":"2025-06-19T10:52:19","modified_gmt":"2025-06-19T10:52:19","slug":"tour-de-suisse-stage-5-live-hardest-mountain-test-of-the-race-brings-gc-battle-into-spotlight","status":"publish","type":"post","link":"https:\/\/www.europesays.com\/uk\/196943\/","title":{"rendered":"Tour de Suisse stage 5 Live \u2013 Hardest mountain test of the race brings GC battle into spotlight"},"content":{"rendered":"<p>Refresh <\/p>\n<p>2025-06-19T10:49:46.329Z<\/p>\n<p>The yellow jersey group is 22 seconds behind, but more attacks are coming in this aggressive start to start 5.<\/p>\n<p>2025-06-19T10:48:59.663Z<\/p>\n<p>The front group has split up, with five riders getting away with the Julierpass&#8217; summit approaching: Bilbao, Powless, Romo, Vlasov and Fortunato.<\/p>\n<p>2025-06-19T10:48:19.821Z<\/p>\n<p>It&#8217;s now 19 riders in the lead with a slim advantage: Bilbao, Powless, Romo, Vlasov, Christen, Fortunato, Izagirre, Buratti, Bisiaux, Swift, L\u00f3pez, Simmons, Quintana, Barta, Vansevenant, Bettiol, Blackmore, Houle and Bax.<\/p>\n<p>2025-06-19T10:46:06.225Z<\/p>\n<p>The group in front has grown again in size. Christen, Quinn Simmons (Lidl-Trek), Nairo Quintana, Will Barta (Movistar), Aleksandr Vlasov (Red Bull-Bora-Hansgrohe), Mauri Vansevenant (Soudal-QuickStep), Lorenzo Fortunato (XDS-Astana), Joe Blackmore and Hugo Houle (Israel-Premier Tech) are the latest to jump across.<\/p>\n<p>2025-06-19T10:43:36.731Z<\/p>\n<p>A look back at the original 12-man break. Two of them have dropped and been replaced by chasers, with more riders now trying to bridge across on the Julierpass climb.<\/p>\n<p class=\"vanilla-image-block\" style=\"padding-top:70.56%;\"><img decoding=\"async\" src=\"https:\/\/www.europesays.com\/uk\/wp-content\/uploads\/2025\/06\/ahAnZwoFkszdrpBKxJYDF8.png\" alt=\"SANTA MARIA IN CALANCA, SWITZERLAND - JUNE 19: (L-R) Javier Romo of Spain and Team Movistar, Nicolo Buratti of Italy and Team Bahrain - Victorious, Felix Engelhardt of Germany and Team Jayco AlUla - Red Mountain Jersey and Ion Izagirre of Spain and Team Cofidis compete in the breakaway during the 88th Tour de Suisse, Stage 5 a 183.8km stage from La Punt to Santa Maria in Calanca 941m \/ #UCIWT \/ on June 19, 2025 in Santa Maria in Calanca, Switzerland. (Photo by Tim de Waele\/Getty Images)\"   loading=\"lazy\" data-original-mos=\"https:\/\/www.europesays.com\/uk\/wp-content\/uploads\/2025\/06\/ahAnZwoFkszdrpBKxJYDF8.png\" data-pin-media=\"https:\/\/www.europesays.com\/uk\/wp-content\/uploads\/2025\/06\/ahAnZwoFkszdrpBKxJYDF8.png\"\/><\/p>\n<p>(Image credit: Getty Images)<\/p>\n<p>2025-06-19T10:41:12.652Z<\/p>\n<p>Lemmen has now made contact in front, restoring the breakaway to its original size of 12 riders. Askey and Haller dropped, L\u00f3pez and the Dutchman replacing them on this first climb.<\/p>\n<p>2025-06-19T10:40:29.188Z<\/p>\n<p>Another counterattack was tried by Jan Christen (UAE Team Emirates-XRG), but that was quickly caught back by the bunch.<\/p>\n<p>2025-06-19T10:39:32.453Z<br \/>\n165km to go<\/p>\n<p class=\"paywall\" aria-hidden=\"true\">Marco Haller is the next rider from the break to drop.<\/p>\n<p>2025-06-19T10:38:44.973Z<\/p>\n<p>L\u00f3pez has made contact with those in front. Lemmen is a bit further behind, but the peloton is now just 15 seconds in arrears.<\/p>\n<p>2025-06-19T10:37:48.638Z<\/p>\n<p>Lots of riders are beginning to struggle at the back of the main bunch. This will be a very long day in the saddle for those forming the grupetto.<\/p>\n<p>2025-06-19T10:36:51.663Z<\/p>\n<p>It&#8217;s Juanpe L\u00f3pez (Lidl-Trek) and Bart Lemmen (Visma-Lease a Bike) who have attacked out of the peloton. They both lost time yesterday.<\/p>\n<p>2025-06-19T10:35:48.688Z<\/p>\n<p>Askey is the first rider to drop from the 12-man move, with counterattacks now coming from the peloton.<\/p>\n<p>2025-06-19T10:35:15.954Z<\/p>\n<p>The start of the climb has hurt the break&#8217;s chances, with the gap cut down already to 30 seconds.<\/p>\n<p>2025-06-19T10:32:36.434Z<\/p>\n<p>At the foot of the Julierpass climb (7.3km at 6.5%), the gap from the peloton to the breakaway was at 50 seconds.<\/p>\n<p>2025-06-19T10:28:00.425Z<br \/>\n170km to go<\/p>\n<p class=\"paywall\" aria-hidden=\"true\">The gap to the 12-man break is growing, now at 45 seconds with the first categorised climb approaching.<\/p>\n<p>2025-06-19T10:27:22.997Z<\/p>\n<p>Here&#8217;s the moment the original trio of Romo, Bilbao and Swift got away.<\/p>\n<p class=\"vanilla-image-block\" style=\"padding-top:73.80%;\"><img decoding=\"async\" src=\"https:\/\/www.europesays.com\/uk\/wp-content\/uploads\/2025\/06\/Rjob5bzSbzEePhDJvN7Kmk.png\" alt=\"SANTA MARIA IN CALANCA, SWITZERLAND - JUNE 19: (L-R) Javier Romo of Spain and Team Movistar, Pello Bilbao of Spain and Team Bahrain - Victorious and Ben Swift of Great Britain and Team INEOS Grenadiers compete in the breakaway during the 88th Tour de Suisse, Stage 5 a 183.8km stage from La Punt to Santa Maria in Calanca 941m \/ #UCIWT \/ on June 19, 2025 in Santa Maria in Calanca, Switzerland. (Photo by Tim de Waele\/Getty Images)\"   loading=\"lazy\" data-original-mos=\"https:\/\/www.europesays.com\/uk\/wp-content\/uploads\/2025\/06\/Rjob5bzSbzEePhDJvN7Kmk.png\" data-pin-media=\"https:\/\/www.europesays.com\/uk\/wp-content\/uploads\/2025\/06\/Rjob5bzSbzEePhDJvN7Kmk.png\"\/><\/p>\n<p>(Image credit: Getty Images)<\/p>\n<p>2025-06-19T10:25:37.137Z<\/p>\n<p>That large leading group now has 25 seconds on the chasing peloton.<\/p>\n<p>2025-06-19T10:25:17.829Z<\/p>\n<p>With 174km to go, the new leading break is as follows: Bilbao, Swift, Romo, Felix Engelhardt (Jayco AlUla), Ion Izagirre (Cofidis), Nicol\u00f2 Buratti (Bahrain Victorious), L\u00e9o Bisiaux (Decathlon Ag2R La Mondiale), Neilson Powless (EF Education-EasyPost), Lewis Askey (Groupama-FDJ), Alberto Bettiol (XDS-Astana), Sjoerd Bax (Q36.5) and Marco Haller (Tudor).<\/p>\n<p>2025-06-19T10:23:03.814Z<\/p>\n<p>That trio had built a slim 10-second lead, but they have been joined by 9 more riders to form a leading group of 12.<\/p>\n<p>2025-06-19T10:19:34.090Z<\/p>\n<p>Pello Bilbao (Bahrain Victorious), Ben Swift (Ineos Grenadiers) and Javier Romo (Movistar) have broken away slightly as a trio, with more counters coming from behind them.<\/p>\n<p>2025-06-19T10:17:30.835Z<\/p>\n<p>Several early attacks are being launched in anticipation of the first climb, Julierpass.<\/p>\n<p>2025-06-19T10:16:55.260Z<\/p>\n<p>Here&#8217;s a look at the jersey wearers on stage 5. From left to right, Felix Engelhardt (Jayco AlUla) leads the King of the Mountains classification, Jo\u00e3o Almeida (UAE Team Emirates-XRG) the points, K\u00e9vin Vauquelin (Ark\u00e9a-B&amp;B Hotels) is wearing the best young rider&#8217;s white jersey, looking after it on behalf of Romain Gr\u00e9goire (Grouapama-FDJ), who is wearing the race leader&#8217;s yellow jersey.<\/p>\n<p class=\"vanilla-image-block\" style=\"padding-top:67.60%;\"><img decoding=\"async\" src=\"https:\/\/www.europesays.com\/uk\/wp-content\/uploads\/2025\/06\/wZnSHEwfbgf9RhEXv6G7oD.png\" alt=\"LA PUNT, SWITZERLAND - JUNE 19: (L-R) Felix Engelhardt of Germany and Team Jayco AlUla - Red Mountain Jersey and Joao Almeida of Portugal and UAE Team Emirates - XRG - Black Points Jersey, Kevin Vauquelin of France and Team Arkea - B&amp;B Hotels - White best young jersey and Romain Gregoire of France and Team Groupama - FDJ - Yellow leader jersey prior to the 88th Tour de Suisse, Stage 5 a 183.8km stage from La Punt to Santa Maria in Calanca 941m \/ #UCIWT \/ on June 19, 2025 in La Punt, Switzerland. (Photo by Tim de Waele\/Getty Images)\"   loading=\"lazy\" data-original-mos=\"https:\/\/www.europesays.com\/uk\/wp-content\/uploads\/2025\/06\/wZnSHEwfbgf9RhEXv6G7oD.png\" data-pin-media=\"https:\/\/www.europesays.com\/uk\/wp-content\/uploads\/2025\/06\/wZnSHEwfbgf9RhEXv6G7oD.png\"\/><\/p>\n<p>(Image credit: Getty Images)<\/p>\n<p>2025-06-19T10:13:59.290Z<br \/>\n183km to go<\/p>\n<p class=\"paywall\" aria-hidden=\"true\">Official start given on stage 5 of the Tour de Suisse!<\/p>\n<p>2025-06-19T10:10:39.696Z<\/p>\n<p>No abandons this morning, so all 141 riders who finished yesterday have taken the start of stage 5.<\/p>\n<p>2025-06-19T10:09:42.694Z<\/p>\n<p>The riders are gone from the neutralised roll out and there&#8217;s been a crash for two riders and some mechanical issues.<\/p>\n<p>2025-06-19T10:07:59.107Z<\/p>\n<p>Here&#8217;s Gr\u00e9goire ahead of the stage start, chatting with compatriot Julian Alaphilippe (Tudor) after they worked well together to bring the yellow jersey back to his rivals.<\/p>\n<p class=\"vanilla-image-block\" style=\"padding-top:62.80%;\"><img decoding=\"async\" src=\"https:\/\/www.europesays.com\/uk\/wp-content\/uploads\/2025\/06\/znp9Z29xUH3atRr9GDT4u7.png\" alt=\"LA PUNT, SWITZERLAND - JUNE 19: (L-R) Romain Gregoire of France and Team Groupama - FDJ - Yellow leader jersey and Julian Alaphilippe of France and Team Tudor Pro Cycling prior to the 88th Tour de Suisse, Stage 5 a 183.8km stage from La Punt to Santa Maria in Calanca 941m \/ #UCIWT \/ on June 19, 2025 in La Punt, Switzerland. (Photo by Tim de Waele\/Getty Images)\"   loading=\"lazy\" data-original-mos=\"https:\/\/www.europesays.com\/uk\/wp-content\/uploads\/2025\/06\/znp9Z29xUH3atRr9GDT4u7.png\" data-pin-media=\"https:\/\/www.europesays.com\/uk\/wp-content\/uploads\/2025\/06\/znp9Z29xUH3atRr9GDT4u7.png\"\/><\/p>\n<p>(Image credit: Getty Images)<\/p>\n<p>2025-06-19T10:05:34.450Z<\/p>\n<p>Romain Gr\u00e9goire (Groupama-FDJ) will start the day as the GC leader, but he&#8217;s faced some criticism from second-place overall K\u00e9vin Vauquelin (Ark\u00e9a-B&amp;B Hotels) after riding defensively in yesterday&#8217;s final:<\/p>\n<p><a data-analytics-id=\"inline-link\" href=\"https:\/\/www.cyclingnews.com\/news\/you-have-to-respect-it-but-it-sucks-tour-de-suisse-gc-challenger-kevin-vauquelin-criticises-race-leader-romain-gregoire-for-lack-of-collaboration\/\" data-before-rewrite-localise=\"https:\/\/www.cyclingnews.com\/news\/you-have-to-respect-it-but-it-sucks-tour-de-suisse-gc-challenger-kevin-vauquelin-criticises-race-leader-romain-gregoire-for-lack-of-collaboration\/\" target=\"_blank\" rel=\"noopener\"><strong>&#8216;You have to respect it, but it sucks&#8217; \u2013 Tour de Suisse GC challenger K\u00e9vin Vauquelin criticises race leader Romain Gr\u00e9goire for lack of collaboration<\/strong><\/a><\/p>\n<p>2025-06-19T09:57:01.123Z<br \/>\nClimbs on stage 5<\/p>\n<p class=\"paywall\" aria-hidden=\"true\">There are four category 1 climbs awaiting the riders on the 183.8km route to Santa Maria in Calanca:<br \/>\u2013 Julierpass (7.3km at 6.5%)<br \/>\u2013 Passo del San Bernardino (7.5km at 5.9%)<br \/>\u2013 Castaneda (4.4km at 9.8%)<br \/>\u2013 Castaneda (4.4km at 9.8%)<\/p>\n<p>2025-06-19T09:54:11.071Z<\/p>\n<p>Here&#8217;s a look at the profile for the Queen stage, with climbing arriving soon after the start. It should bring quite the fight for the breakaway.<\/p>\n<p class=\"vanilla-image-block\" style=\"padding-top:36.89%;\"><img decoding=\"async\" src=\"https:\/\/www.europesays.com\/uk\/wp-content\/uploads\/2025\/06\/MmabQizUDjhZ3EDgeXhUfd.png\" alt=\"Tour de Suisse 2025 profiles\"   loading=\"lazy\" data-original-mos=\"https:\/\/www.europesays.com\/uk\/wp-content\/uploads\/2025\/06\/MmabQizUDjhZ3EDgeXhUfd.png\" data-pin-media=\"https:\/\/www.europesays.com\/uk\/wp-content\/uploads\/2025\/06\/MmabQizUDjhZ3EDgeXhUfd.png\"\/><\/p>\n<p>(Image credit: Tour de Suisse)<\/p>\n<p>2025-06-19T09:53:06.482Z<\/p>\n<p>Under 15 minutes until the start of stage 5 now.<\/p>\n<p>2025-06-19T09:50:32.575Z<\/p>\n<p>Nice words from Bahrain Victorious DS Micha\u0142 Go\u0142a\u015b on an emotional day for Gino M\u00e4der&#8217;s team. They&#8217;ll be racing hard with him in mind, as always.<\/p>\n<blockquote class=\"twitter-tweet hawk-ignore\" data-lang=\"en\">\n<p lang=\"en\" dir=\"ltr\">\ud83c\udde8\ud83c\udded #TourdeSuisse | ST 5\ud83d\udea9 La Punt\ud83c\udfc1 Santa Maria in Calanca\ud83d\udccf 183.8km\ud83d\udde3\ufe0f SD @golasmichal : \u201cIt\u2019s an emotional day for us. Every day we ride for Gino \u2014 but today, even more so.\u201d @tds @rideforGino_ #RideAsOne pic.twitter.com\/edPmfP40zA<a href=\"https:\/\/twitter.com\/cantworkitout\/status\/1935634871746981989\" target=\"_blank\" rel=\"noopener\">June 19, 2025<\/a><\/p>\n<\/blockquote>\n<p>2025-06-19T09:48:16.160Z<\/p>\n<p>If you missed yesterday&#8217;s stage in the mountains, catch up with the action and Jo\u00e3o Almeida beginning his comeback on GC with our race report:<\/p>\n<p><a data-analytics-id=\"inline-link\" href=\"https:\/\/www.cyclingnews.com\/races\/tour-de-suisse-2025\/stage-4\/results\/\" data-before-rewrite-localise=\"https:\/\/www.cyclingnews.com\/races\/tour-de-suisse-2025\/stage-4\/results\/\" target=\"_blank\" rel=\"noopener\"><strong>Tour de Suisse: Jo\u00e3o Almeida goes solo on the Spl\u00fcgenpass for stage 4 victory<\/strong><\/a><\/p>\n<p>2025-06-19T09:41:04.833Z<\/p>\n<p>An emotional moment from the start of stage 5, as a new memorial to Gino M\u00e4der is unveiled on the Albulapass. La Punt was the finish location of the stage where he tragically passed away two years ago.<\/p>\n<blockquote class=\"twitter-tweet hawk-ignore\" data-lang=\"en\">\n<p lang=\"en\" dir=\"ltr\">We still miss you Gino\ud83d\udda4 But now we have a place to come by and always remember you as an inspiring person\ud83d\udd4a\ufe0f.#rideforgino pic.twitter.com\/0RSvyKmJ7h<a href=\"https:\/\/twitter.com\/cantworkitout\/status\/1935627573855211867\" target=\"_blank\" rel=\"noopener\">June 19, 2025<\/a><\/p>\n<\/blockquote>\n<p>2025-06-19T09:33:50.353Z<\/p>\n<p>Just over 30 minutes until the start of stage 5 in La Punt, near Switzerland&#8217;s border with Italy.<\/p>\n<p>2025-06-19T09:22:29.611Z<\/p>\n<p>Hello and welcome back to Cyclingnews&#8217; live coverage of the 2025 Tour de Suisse!<\/p>\n<p><script async src=\"https:\/\/platform.twitter.com\/widgets.js\" charset=\"utf-8\"><\/script><\/p>\n","protected":false},"excerpt":{"rendered":"Refresh 2025-06-19T10:49:46.329Z The yellow jersey group is 22 seconds behind, but more attacks are coming in this aggressive&hellip;\n","protected":false},"author":2,"featured_media":196944,"comment_status":"","ping_status":"","sticky":false,"template":"","format":"standard","meta":{"footnotes":""},"categories":[4104],"tags":[4230,79,16,15],"class_list":{"0":"post-196943","1":"post","2":"type-post","3":"status-publish","4":"format-standard","5":"has-post-thumbnail","7":"category-cycling","8":"tag-cycling","9":"tag-sports","10":"tag-uk","11":"tag-united-kingdom"},"share_on_mastodon":{"url":"https:\/\/pubeurope.com\/@uk\/114709656215939628","error":""},"_links":{"self":[{"href":"https:\/\/www.europesays.com\/uk\/wp-json\/wp\/v2\/posts\/196943","targetHints":{"allow":["GET"]}}],"collection":[{"href":"https:\/\/www.europesays.com\/uk\/wp-json\/wp\/v2\/posts"}],"about":[{"href":"https:\/\/www.europesays.com\/uk\/wp-json\/wp\/v2\/types\/post"}],"author":[{"embeddable":true,"href":"https:\/\/www.europesays.com\/uk\/wp-json\/wp\/v2\/users\/2"}],"replies":[{"embeddable":true,"href":"https:\/\/www.europesays.com\/uk\/wp-json\/wp\/v2\/comments?post=196943"}],"version-history":[{"count":0,"href":"https:\/\/www.europesays.com\/uk\/wp-json\/wp\/v2\/posts\/196943\/revisions"}],"wp:featuredmedia":[{"embeddable":true,"href":"https:\/\/www.europesays.com\/uk\/wp-json\/wp\/v2\/media\/196944"}],"wp:attachment":[{"href":"https:\/\/www.europesays.com\/uk\/wp-json\/wp\/v2\/media?parent=196943"}],"wp:term":[{"taxonomy":"category","embeddable":true,"href":"https:\/\/www.europesays.com\/uk\/wp-json\/wp\/v2\/categories?post=196943"},{"taxonomy":"post_tag","embeddable":true,"href":"https:\/\/www.europesays.com\/uk\/wp-json\/wp\/v2\/tags?post=196943"}],"curies":[{"name":"wp","href":"https:\/\/api.w.org\/{rel}","templated":true}]}}