{"id":197563,"date":"2025-06-19T16:25:10","date_gmt":"2025-06-19T16:25:10","guid":{"rendered":"https:\/\/www.europesays.com\/uk\/197563\/"},"modified":"2025-06-19T16:25:10","modified_gmt":"2025-06-19T16:25:10","slug":"prince-william-appears-with-his-mother-in-law-and-sparks-rumors-in-england","status":"publish","type":"post","link":"https:\/\/www.europesays.com\/uk\/197563\/","title":{"rendered":"Prince William appears with his mother-in-law and sparks rumors in England"},"content":{"rendered":"<p>From official ceremonies to the most private events, members of the British royal family are always under the media spotlight. King Charles III, together with his wife Camilla, remains a role model for the British people. Their presence at events like Royal Ascot only increases the public&#8217;s interest in the monarchy.<\/p>\n<p>In recent years, the royal family has managed to modernize while keeping the traditions that make them unique. Despite the challenges they have faced, the royal family remains an essential part of the British social fabric. It is a symbol of stability and, at the same time, of closeness with their people.<\/p>\n<p>                    <img decoding=\"async\" style=\"width:100%\" src=\"https:\/\/www.europesays.com\/uk\/wp-content\/uploads\/2025\/06\/imagen-carole-middleton-madre-kate-middleton_1200_800.webp.webp\" class=\"img-responsive lazyload\" alt=\"A smiling woman in a blue dress with a matching headpiece.\" title=\"A smiling woman in a blue dress with a matching headpiece.\"\/><\/p>\n<p>| Europa Press<\/p>\n<p>The bond between William and his mother-in-law, Carole Middleton<\/p>\n<p>During the second day of Royal Ascot, Prince William was seen sharing a warm and close gesture with his mother-in-law, Carole Middleton. The relationship between William and the Middletons has always been close, which did not go unnoticed at this event. Carole, who has been an essential support for her daughter Kate during her recovery process, shared this moment with William.<\/p>\n<\/p>\n<p>&#8220;This close bond has been strengthened even more over time, especially after the difficulties Kate has gone through,&#8221; the media commented. Carole and William shared moments of complicity and smiles, showing their ties. This gesture reaffirms that, despite the protocols, the closeness between them is unbreakable.<\/p>\n<p>                    <img decoding=\"async\" style=\"width:100%\" src=\"https:\/\/www.europesays.com\/uk\/wp-content\/uploads\/2025\/06\/principe-guillermo-sombrero-negro-royal-ascot_1200_1600.webp.webp\" class=\"img-responsive lazyload\" alt=\"Prince William wearing a top hat, formal suit, and tie at an outdoor event\" title=\"Prince William wearing a top hat, formal suit, and tie at an outdoor event\"\/><\/p>\n<p>| Europa Press<\/p>\n<p>A debut at Royal Ascot full of style<\/p>\n<p>Royal Ascot also witnessed the debut of Aliz\u00e9e Th\u00e9venet, wife of James Middleton, Kate&#8217;s brother. Accompanied by Carole, Aliz\u00e9e made a remarkable entrance in a mint plaid dress, highlighting her elegance. Although it was her first appearance at an event of such magnitude, Aliz\u00e9e managed to capture attention for her look and for the bond with her mother-in-law, Carole Middleton.<\/p>\n<p>Aliz\u00e9e&#8217;s debut confirmed her integration into the Middleton family and, also, the fact that she has found her place in public life. Through her style and relaxed attitude, the young woman has shown that she is part of this exclusive circle with complete naturalness.<\/p>\n<p class=\"facebookChannelText\"><a href=\"https:\/\/www.facebook.com\/RoyalsCelebs\" target=\"_blank\" rel=\"nofollow noreferrer noopener\" title=\"Follow us in Facebook\"><img loading=\"lazy\" decoding=\"async\" width=\"30\" height=\"30\" class=\"lazyload\" alt=\"logo facebook\" src=\"\/filesedc\/uploads\/other\/facebook.gif\"\/><b>\u00a0 NEW ON FACEBOOK!<\/b> \ud83d\udcf2 Click here to receive the hottest royal and celebrity news directly to your Facebook, for FREE and EXCLUSIVE! Don&#8217;t miss out!<\/a><\/p>\n<p>Prince William, in addition to sharing family moments, also played a prominent role during the day by presenting an award to jockey William Buick. This gesture highlights his growing prominence within the monarchy and his responsibility at major events like Royal Ascot. As the day went on, the royal family, together with the Middletons, made it clear that family unity remains an essential pillar.<\/p>\n","protected":false},"excerpt":{"rendered":"From official ceremonies to the most private events, members of the British royal family are always under the&hellip;\n","protected":false},"author":2,"featured_media":197564,"comment_status":"","ping_status":"","sticky":false,"template":"","format":"standard","meta":{"footnotes":""},"categories":[7708],"tags":[5105,7710,519,448],"class_list":{"0":"post-197563","1":"post","2":"type-post","3":"status-publish","4":"format-standard","5":"has-post-thumbnail","7":"category-royals","8":"tag-royal","9":"tag-royal-families","10":"tag-royal-family","11":"tag-royals"},"share_on_mastodon":{"url":"https:\/\/pubeurope.com\/@uk\/114710965720119677","error":""},"_links":{"self":[{"href":"https:\/\/www.europesays.com\/uk\/wp-json\/wp\/v2\/posts\/197563","targetHints":{"allow":["GET"]}}],"collection":[{"href":"https:\/\/www.europesays.com\/uk\/wp-json\/wp\/v2\/posts"}],"about":[{"href":"https:\/\/www.europesays.com\/uk\/wp-json\/wp\/v2\/types\/post"}],"author":[{"embeddable":true,"href":"https:\/\/www.europesays.com\/uk\/wp-json\/wp\/v2\/users\/2"}],"replies":[{"embeddable":true,"href":"https:\/\/www.europesays.com\/uk\/wp-json\/wp\/v2\/comments?post=197563"}],"version-history":[{"count":0,"href":"https:\/\/www.europesays.com\/uk\/wp-json\/wp\/v2\/posts\/197563\/revisions"}],"wp:featuredmedia":[{"embeddable":true,"href":"https:\/\/www.europesays.com\/uk\/wp-json\/wp\/v2\/media\/197564"}],"wp:attachment":[{"href":"https:\/\/www.europesays.com\/uk\/wp-json\/wp\/v2\/media?parent=197563"}],"wp:term":[{"taxonomy":"category","embeddable":true,"href":"https:\/\/www.europesays.com\/uk\/wp-json\/wp\/v2\/categories?post=197563"},{"taxonomy":"post_tag","embeddable":true,"href":"https:\/\/www.europesays.com\/uk\/wp-json\/wp\/v2\/tags?post=197563"}],"curies":[{"name":"wp","href":"https:\/\/api.w.org\/{rel}","templated":true}]}}