{"id":203036,"date":"2025-06-21T17:15:18","date_gmt":"2025-06-21T17:15:18","guid":{"rendered":"https:\/\/www.europesays.com\/uk\/203036\/"},"modified":"2025-06-21T17:15:18","modified_gmt":"2025-06-21T17:15:18","slug":"copenhagen-sprint-women-lorena-wiebes-confirms-she-is-fastest-sprinter-in-the-womens-peloton","status":"publish","type":"post","link":"https:\/\/www.europesays.com\/uk\/203036\/","title":{"rendered":"Copenhagen Sprint Women: Lorena Wiebes confirms she is fastest sprinter in the women&#8217;s peloton"},"content":{"rendered":"<p><a data-analytics-id=\"inline-link\" href=\"https:\/\/www.cyclingnews.com\/riders\/lorena-wiebes\/\" data-before-rewrite-localise=\"https:\/\/www.cyclingnews.com\/riders\/lorena-wiebes\/\" target=\"_blank\" rel=\"noopener\">Lorena Wiebes<\/a> (SD Worx-Protime) left no doubt as to who is the best sprinter in the women&#8217;s peloton, winning the <a data-analytics-id=\"inline-link\" href=\"https:\/\/www.cyclingnews.com\/news\/copenhagen-sprint-praised-for-parity-in-prize-money-for-new-mens-and-womens-worldtour-races-this-weekend\/\" data-before-rewrite-localise=\"https:\/\/www.cyclingnews.com\/news\/copenhagen-sprint-praised-for-parity-in-prize-money-for-new-mens-and-womens-worldtour-races-this-weekend\/\" target=\"_blank\" rel=\"noopener\">Copenhagen Sprint<\/a> by several bike lengths.<\/p>\n<p><a data-analytics-id=\"inline-link\" href=\"https:\/\/www.cyclingnews.com\/news\/elisa-balsamos-world-championships-winning-cannondale-supersix-evo\/\" data-before-rewrite-localise=\"https:\/\/www.cyclingnews.com\/news\/elisa-balsamos-world-championships-winning-cannondale-supersix-evo\/\" target=\"_blank\" rel=\"noopener\">Elisa Balsamo <\/a>(Lidl-Trek) took second place while Chiara Consonni (Canyon-SRAM zondacrypto) just edged out Charlotte Kool (Picnic PostNL) for third place.<\/p>\n<p class=\"paywall\" aria-hidden=\"true\">After an early break had been brought back, there were no attacks on the three laps of the finishing circuit in the centre of Copenhagen.<\/p>\n<p>You may like<\/p>\n<p class=\"paywall\" aria-hidden=\"true\">A crash on the final lap split the peloton, and Wiebes was led out perfectly by her teammate Barbara Guarischi to win the sprint.<\/p>\n<p class=\"paywall\" aria-hidden=\"true\">\u201cIt feels really great, it was a nice race. The crowds were amazing, in every town there were so many people cheering for us, and in the city centre, so many people came out and watched us, it\u2019s special,\u201d said Wiebes after her 104th professional victory.<\/p>\n<p class=\"paywall\" aria-hidden=\"true\">The European champion was never out of position on the final lap and Guarischi gave her a world-class lead-out.<\/p>\n<p class=\"paywall\" aria-hidden=\"true\">\u201cWe had to adjust a bit because we were missing one rider [Blanka Vas]. I let somebody in between Barbara Guarischi and me. She did a really, really strong lead-out; she was putting me in a perfect position. I started a bit early, but it was better than going too late,\u201d Wiebes said, describing the sprint.<\/p>\n<p class=\"vanilla-image-block\" style=\"padding-top:71.97%;\"><img decoding=\"async\" src=\"https:\/\/www.europesays.com\/uk\/wp-content\/uploads\/2025\/06\/mHGL83LLRbBTsvHv3iPa9N.jpg\" alt=\"Lorena Wiebes wins the Copenhagen Sprint 2025\"   loading=\"lazy\" data-original-mos=\"https:\/\/www.europesays.com\/uk\/wp-content\/uploads\/2025\/06\/mHGL83LLRbBTsvHv3iPa9N.jpg\" data-pin-media=\"https:\/\/www.europesays.com\/uk\/wp-content\/uploads\/2025\/06\/mHGL83LLRbBTsvHv3iPa9N.jpg\"\/><\/p>\n<p>(Image credit: Getty Images)How it unfolded<\/p>\n<p class=\"paywall\" aria-hidden=\"true\">From the sign-in and start in Roskilde, the peloton faced a 151km course, snaking through North Zealand before reaching the Danish capital and finishing with three laps of a 10.3km circuit in the city centre and the N\u00f8rrebro quarter.<\/p>\n<p class=\"paywall\" aria-hidden=\"true\">Along the way, there were three town sprints counting for a separate classification, and Meis Poland (VolkerWessels) attacked just before Frederikssund to win the first one. She then became part of a breakaway of four that formed with 110km to go, the other three riders being Julia Borgstr\u00f6m (AG Insurance-Soudal), Britt de Grave (DD Group), and April Tacey (Coop-Repsol).<\/p>\n<p class=\"paywall\" aria-hidden=\"true\">They were just over a minute ahead with 80km to go. Poland tried to go for the second town sprint in Ganl\u00f8se but was outsprinted by Tacey, Borgstr\u00f6m, and De Grave. A large central reservation then caused a crash in the peloton that took down over a dozen riders, including Balsamo and four of her Lidl-Trek teammates. Blanka Vas (SD Worx-Protime), Cindy Pomares (CJ O\u2019Shea), and Nora Tveit (DAS-Hutchinson) had to abandon the race.<\/p>\n<p class=\"vanilla-image-block\" style=\"padding-top:68.85%;\"><img decoding=\"async\" src=\"https:\/\/www.europesays.com\/uk\/wp-content\/uploads\/2025\/06\/mFkKs2VqVmGhtRBtZRExKe.jpg\" alt=\"April Tacey in the breakaway\"   loading=\"lazy\" data-original-mos=\"https:\/\/www.europesays.com\/uk\/wp-content\/uploads\/2025\/06\/mFkKs2VqVmGhtRBtZRExKe.jpg\" data-pin-media=\"https:\/\/www.europesays.com\/uk\/wp-content\/uploads\/2025\/06\/mFkKs2VqVmGhtRBtZRExKe.jpg\"\/><\/p>\n<p>April Tacey in the breakaway (Image credit: Getty Images)<\/p>\n<p class=\"paywall\" aria-hidden=\"true\">Only a few kilometres later, there was a second crash as a rider hit the protective haybale tied to a bollard head-on. Again, around a dozen riders went down, and Elynor B\u00e4ckstedt (UAE Team ADQ), Romy Kasper, Daria Pikulik, and her sister Wiktoria Pikulik (all Human Powered Health) could not continue.<\/p>\n<p class=\"paywall\" aria-hidden=\"true\">With 50km to go and the peloton bearing down on the breakaway, only 25 seconds behind, Poland tried to get away in order to reach the final town sprint. She dropped De Grave and Borgstr\u00f6m, but Tacey jumped across and soon dropped Poland herself.<\/p>\n<p class=\"paywall\" aria-hidden=\"true\">Tacey won the final town sprint in R\u00f8dovre, but the peloton then reeled her in on the hill of Valby Bakke. On the city centre circuit, the sprinters\u2019 teams controlled proceedings, keeping the pace high enough to discourage any attacks, and a big peloton entered the final lap together.<\/p>\n<p class=\"paywall\" aria-hidden=\"true\">Danish champion Rebecca Koerner (Uno-X Mobility) and Georgia Baker (Liv AlUla Jayco) crashed as they turned left onto the cobbles of Adelgade with 8.5km to go. Although only two riders hit the deck, this crash split the peloton as many riders were held up, and the speed was high on the final lap.<\/p>\n<p class=\"vanilla-image-block\" style=\"padding-top:65.92%;\"><img decoding=\"async\" src=\"https:\/\/www.europesays.com\/uk\/wp-content\/uploads\/2025\/06\/434AGcTcQyGAdM6sLD7XyA.jpg\" alt=\"The peloton racing at the Copenhagen Sprint\"   loading=\"lazy\" data-original-mos=\"https:\/\/www.europesays.com\/uk\/wp-content\/uploads\/2025\/06\/434AGcTcQyGAdM6sLD7XyA.jpg\" data-pin-media=\"https:\/\/www.europesays.com\/uk\/wp-content\/uploads\/2025\/06\/434AGcTcQyGAdM6sLD7XyA.jpg\"\/><\/p>\n<p>The peloton racing at the Copenhagen Sprint (Image credit: Getty Images)<\/p>\n<p class=\"paywall\" aria-hidden=\"true\">Only some 30 riders remained in front, and although more riders got back on, it was a reduced peloton that entered the final kilometres. Picnic PostNL surged to the front at the 2km mark, entering the right-hand turn into N\u00f8rre All\u00e9 at the front with Josie Nelson, Pfeiffer Georgi, and Megan Jastrab ahead of Kool.<\/p>\n<p class=\"paywall\" aria-hidden=\"true\">Georgi led the field through the penultimate turn on Skt. Hans Torv but was too strong for Jastrab, who had to leave a small gap. At the flamme rouge, Lidl-Trek came alongside with Fleur Moors and Clara Copponi leading out Balsamo, and Guarischi jumped from Kool\u2019s wheel to that of Moors to get the optimal line through the final corner for herself and Wiebes.<\/p>\n<p class=\"paywall\" aria-hidden=\"true\">On the 900-metre finishing straight, Georgi was still pulling at the front with the Lidl-Trek train on her wheel until Guarischi began her lead-out on Fredens Bro with 550 metres to go. Kool was in Guarischi\u2019s wheel, followed by Wiebes, who had Balsamo and Consonni jostling for position behind her.<\/p>\n<p class=\"paywall\" aria-hidden=\"true\">Wiebes started her sprint 200 metres from the line, and Kool hesitated briefly before launching herself. Consonni and Balsamo went after Wiebes right away but were no match for her acceleration, and Wiebes won the sprint by several bike lengths.<\/p>\n<p class=\"vanilla-image-block\" style=\"padding-top:66.70%;\"><img decoding=\"async\" src=\"https:\/\/www.europesays.com\/uk\/wp-content\/uploads\/2025\/06\/zJhqh3HWMmvizjmfdMLBzH.jpg\" alt=\"Lorena Wiebes celebrates winning the Copenhagen Sprint\"   loading=\"lazy\" data-original-mos=\"https:\/\/www.europesays.com\/uk\/wp-content\/uploads\/2025\/06\/zJhqh3HWMmvizjmfdMLBzH.jpg\" data-pin-media=\"https:\/\/www.europesays.com\/uk\/wp-content\/uploads\/2025\/06\/zJhqh3HWMmvizjmfdMLBzH.jpg\"\/><\/p>\n<p>(Image credit: Getty Images)ResultsSwipe to scroll horizontallyElite Women<\/p>\n<tr class=\"table__head__row\">\n<p>Position<\/p>\n<p>Rider (Team)<\/p>\n<p>Time Gap<\/p>\n<\/tr>\n<tr class=\"table__body__row\">\n<td class=\"table_body__data\" colspan=\"1\" style=\"text-align:left\">\n<p>1<\/p>\n<\/td>\n<td class=\"table_body__data\" colspan=\"1\" style=\"text-align:left\">\n<p>Lorena Wiebes (Team SD Worx \u2013 Protime)<\/p>\n<\/td>\n<td class=\"table_body__data\" colspan=\"1\" style=\"text-align:left\">\n<p>3:32:30<\/p>\n<\/td>\n<\/tr>\n<tr class=\"table__body__row\">\n<td class=\"table_body__data\" colspan=\"1\" style=\"text-align:left\">\n<p>2<\/p>\n<\/td>\n<td class=\"table_body__data\" colspan=\"1\" style=\"text-align:left\">\n<p>Elisa Balsamo (Lidl \u2013 Trek)<\/p>\n<\/td>\n<td class=\"table_body__data\" colspan=\"1\" style=\"text-align:left\">\n<p>,,<\/p>\n<\/td>\n<\/tr>\n<tr class=\"table__body__row\">\n<td class=\"table_body__data\" colspan=\"1\" style=\"text-align:left\">\n<p>3<\/p>\n<\/td>\n<td class=\"table_body__data\" colspan=\"1\" style=\"text-align:left\">\n<p>Chiara Consonni (Canyon\/\/SRAM Racing)<\/p>\n<\/td>\n<td class=\"table_body__data\" colspan=\"1\" style=\"text-align:left\">\n<p>,,<\/p>\n<\/td>\n<\/tr>\n<tr class=\"table__body__row\">\n<td class=\"table_body__data\" colspan=\"1\" style=\"text-align:left\">\n<p>4<\/p>\n<\/td>\n<td class=\"table_body__data\" colspan=\"1\" style=\"text-align:left\">\n<p>Charlotte Kool (Team Picnic PostNL)<\/p>\n<\/td>\n<td class=\"table_body__data\" colspan=\"1\" style=\"text-align:left\">\n<p>,,<\/p>\n<\/td>\n<\/tr>\n<tr class=\"table__body__row\">\n<td class=\"table_body__data\" colspan=\"1\" style=\"text-align:left\">\n<p>5<\/p>\n<\/td>\n<td class=\"table_body__data\" colspan=\"1\" style=\"text-align:left\">\n<p>Nienke Veenhoven (Team Visma | Lease a Bike)<\/p>\n<\/td>\n<td class=\"table_body__data\" colspan=\"1\" style=\"text-align:left\">\n<p>,,<\/p>\n<\/td>\n<\/tr>\n<tr class=\"table__body__row\">\n<td class=\"table_body__data\" colspan=\"1\" style=\"text-align:left\">\n<p>6<\/p>\n<\/td>\n<td class=\"table_body__data\" colspan=\"1\" style=\"text-align:left\">\n<p>Lily Williams (Human Powered Health)<\/p>\n<\/td>\n<td class=\"table_body__data\" colspan=\"1\" style=\"text-align:left\">\n<p>,,<\/p>\n<\/td>\n<\/tr>\n<tr class=\"table__body__row\">\n<td class=\"table_body__data\" colspan=\"1\" style=\"text-align:left\">\n<p>7<\/p>\n<\/td>\n<td class=\"table_body__data\" colspan=\"1\" style=\"text-align:left\">\n<p>Susanne Andersen (Uno\u2011X Mobility)<\/p>\n<\/td>\n<td class=\"table_body__data\" colspan=\"1\" style=\"text-align:left\">\n<p>,,<\/p>\n<\/td>\n<\/tr>\n<tr class=\"table__body__row\">\n<td class=\"table_body__data\" colspan=\"1\" style=\"text-align:left\">\n<p>8<\/p>\n<\/td>\n<td class=\"table_body__data\" colspan=\"1\" style=\"text-align:left\">\n<p>Amalie Dideriksen (Cofidis Women Team)<\/p>\n<\/td>\n<td class=\"table_body__data\" colspan=\"1\" style=\"text-align:left\">\n<p>,,<\/p>\n<\/td>\n<\/tr>\n<tr class=\"table__body__row\">\n<td class=\"table_body__data\" colspan=\"1\" style=\"text-align:left\">\n<p>9<\/p>\n<\/td>\n<td class=\"table_body__data\" colspan=\"1\" style=\"text-align:left\">\n<p>Myl\u00e8ne De Zoete (CERATIZIT Pro Cycling Team)<\/p>\n<\/td>\n<td class=\"table_body__data\" colspan=\"1\" style=\"text-align:left\">\n<p>0:03<\/p>\n<\/td>\n<\/tr>\n<tr class=\"table__body__row\">\n<td class=\"table_body__data\" colspan=\"1\" style=\"text-align:left\">\n<p>10<\/p>\n<\/td>\n<td class=\"table_body__data\" colspan=\"1\" style=\"text-align:left\">\n<p>Sofia Bertizzolo (UAE Team ADQ)<\/p>\n<\/td>\n<td class=\"table_body__data\" colspan=\"1\" style=\"text-align:left\">\n<p>,,<\/p>\n<\/td>\n<\/tr>\n<tr class=\"table__body__row\">\n<td class=\"table_body__data\" colspan=\"1\" style=\"text-align:left\">\n<p>11<\/p>\n<\/td>\n<td class=\"table_body__data\" colspan=\"1\" style=\"text-align:left\">\n<p>Lonneke Uneken (VolkerWessels Women\u2019s Pro Cycling Team)<\/p>\n<\/td>\n<td class=\"table_body__data\" colspan=\"1\" style=\"text-align:left\">\n<p>,,<\/p>\n<\/td>\n<\/tr>\n<tr class=\"table__body__row\">\n<td class=\"table_body__data\" colspan=\"1\" style=\"text-align:left\">\n<p>12<\/p>\n<\/td>\n<td class=\"table_body__data\" colspan=\"1\" style=\"text-align:left\">\n<p>Meike Uiterwijk Winkel (BePink &#8211; Imatra &#8211; Bongioanni)<\/p>\n<\/td>\n<td class=\"table_body__data\" colspan=\"1\" style=\"text-align:left\">\n<p>,,<\/p>\n<\/td>\n<\/tr>\n<tr class=\"table__body__row\">\n<td class=\"table_body__data\" colspan=\"1\" style=\"text-align:left\">\n<p>13<\/p>\n<\/td>\n<td class=\"table_body__data\" colspan=\"1\" style=\"text-align:left\">\n<p>Michaela Drummond (Ark\u00e9a B&amp;B Hotels Women)<\/p>\n<\/td>\n<td class=\"table_body__data\" colspan=\"1\" style=\"text-align:left\">\n<p>,,<\/p>\n<\/td>\n<\/tr>\n<tr class=\"table__body__row\">\n<td class=\"table_body__data\" colspan=\"1\" style=\"text-align:left\">\n<p>14<\/p>\n<\/td>\n<td class=\"table_body__data\" colspan=\"1\" style=\"text-align:left\">\n<p>Kathrin Schweinberger (Human Powered Health)<\/p>\n<\/td>\n<td class=\"table_body__data\" colspan=\"1\" style=\"text-align:left\">\n<p>,,<\/p>\n<\/td>\n<\/tr>\n<tr class=\"table__body__row\">\n<td class=\"table_body__data\" colspan=\"1\" style=\"text-align:left\">\n<p>15<\/p>\n<\/td>\n<td class=\"table_body__data\" colspan=\"1\" style=\"text-align:left\">\n<p>Barbara Guarischi (Team SD Worx \u2013 Protime)<\/p>\n<\/td>\n<td class=\"table_body__data\" colspan=\"1\" style=\"text-align:left\">\n<p>,,<\/p>\n<\/td>\n<\/tr>\n<tr class=\"table__body__row\">\n<td class=\"table_body__data\" colspan=\"1\" style=\"text-align:left\">\n<p>16<\/p>\n<\/td>\n<td class=\"table_body__data\" colspan=\"1\" style=\"text-align:left\">\n<p>Jeanne Korevaar (Liv \u2013 AlUla \u2013 Jayco)<\/p>\n<\/td>\n<td class=\"table_body__data\" colspan=\"1\" style=\"text-align:left\">\n<p>,,<\/p>\n<\/td>\n<\/tr>\n<tr class=\"table__body__row\">\n<td class=\"table_body__data\" colspan=\"1\" style=\"text-align:left\">\n<p>17<\/p>\n<\/td>\n<td class=\"table_body__data\" colspan=\"1\" style=\"text-align:left\">\n<p>Pfeiffer Georgi (Team Picnic PostNL)<\/p>\n<\/td>\n<td class=\"table_body__data\" colspan=\"1\" style=\"text-align:left\">\n<p>0:08<\/p>\n<\/td>\n<\/tr>\n<tr class=\"table__body__row\">\n<td class=\"table_body__data\" colspan=\"1\" style=\"text-align:left\">\n<p>18<\/p>\n<\/td>\n<td class=\"table_body__data\" colspan=\"1\" style=\"text-align:left\">\n<p>Shari Bossuyt (AG Insurance \u2013 Soudal Team)<\/p>\n<\/td>\n<td class=\"table_body__data\" colspan=\"1\" style=\"text-align:left\">\n<p>0:09<\/p>\n<\/td>\n<\/tr>\n<tr class=\"table__body__row\">\n<td class=\"table_body__data\" colspan=\"1\" style=\"text-align:left\">\n<p>19<\/p>\n<\/td>\n<td class=\"table_body__data\" colspan=\"1\" style=\"text-align:left\">\n<p>Monica Greenwood (Team Coop &#8211; Repsol)<\/p>\n<\/td>\n<td class=\"table_body__data\" colspan=\"1\" style=\"text-align:left\">\n<p>0:11<\/p>\n<\/td>\n<\/tr>\n<tr class=\"table__body__row\">\n<td class=\"table_body__data\" colspan=\"1\" style=\"text-align:left\">\n<p>20<\/p>\n<\/td>\n<td class=\"table_body__data\" colspan=\"1\" style=\"text-align:left\">\n<p>Imogen Wolff (Team Visma | Lease a Bike)<\/p>\n<\/td>\n<td class=\"table_body__data\" colspan=\"1\" style=\"text-align:left\">\n<p>,,<\/p>\n<\/td>\n<\/tr>\n<tr class=\"table__body__row\">\n<td class=\"table_body__data\" colspan=\"1\" style=\"text-align:left\">\n<p>21<\/p>\n<\/td>\n<td class=\"table_body__data\" colspan=\"1\" style=\"text-align:left\">\n<p>Ruby Roseman-Gannon (Liv \u2013 AlUla \u2013 Jayco)<\/p>\n<\/td>\n<td class=\"table_body__data\" colspan=\"1\" style=\"text-align:left\">\n<p>,,<\/p>\n<\/td>\n<\/tr>\n<tr class=\"table__body__row\">\n<td class=\"table_body__data\" colspan=\"1\" style=\"text-align:left\">\n<p>22<\/p>\n<\/td>\n<td class=\"table_body__data\" colspan=\"1\" style=\"text-align:left\">\n<p>S&#8217;annara Grove (CJ O&#8217;Shea Racing)<\/p>\n<\/td>\n<td class=\"table_body__data\" colspan=\"1\" style=\"text-align:left\">\n<p>,,<\/p>\n<\/td>\n<\/tr>\n<tr class=\"table__body__row\">\n<td class=\"table_body__data\" colspan=\"1\" style=\"text-align:left\">\n<p>23<\/p>\n<\/td>\n<td class=\"table_body__data\" colspan=\"1\" style=\"text-align:left\">\n<p>Franziska Brau\u00dfe (CERATIZIT Pro Cycling Team)<\/p>\n<\/td>\n<td class=\"table_body__data\" colspan=\"1\" style=\"text-align:left\">\n<p>,,<\/p>\n<\/td>\n<\/tr>\n<tr class=\"table__body__row\">\n<td class=\"table_body__data\" colspan=\"1\" style=\"text-align:left\">\n<p>24<\/p>\n<\/td>\n<td class=\"table_body__data\" colspan=\"1\" style=\"text-align:left\">\n<p>Krist\u00fdna Burlov\u00e1 (CERATIZIT Pro Cycling Team)<\/p>\n<\/td>\n<td class=\"table_body__data\" colspan=\"1\" style=\"text-align:left\">\n<p>,,<\/p>\n<\/td>\n<\/tr>\n<tr class=\"table__body__row\">\n<td class=\"table_body__data\" colspan=\"1\" style=\"text-align:left\">\n<p>25<\/p>\n<\/td>\n<td class=\"table_body__data\" colspan=\"1\" style=\"text-align:left\">\n<p>Aoife O&#8217;Brien (DAS &#8211; Hutchinson)<\/p>\n<\/td>\n<td class=\"table_body__data\" colspan=\"1\" style=\"text-align:left\">\n<p>,,<\/p>\n<\/td>\n<\/tr>\n<tr class=\"table__body__row\">\n<td class=\"table_body__data\" colspan=\"1\" style=\"text-align:left\">\n<p>26<\/p>\n<\/td>\n<td class=\"table_body__data\" colspan=\"1\" style=\"text-align:left\">\n<p>Grace Lister (Hess Cycling Team)<\/p>\n<\/td>\n<td class=\"table_body__data\" colspan=\"1\" style=\"text-align:left\">\n<p>,,<\/p>\n<\/td>\n<\/tr>\n<tr class=\"table__body__row\">\n<td class=\"table_body__data\" colspan=\"1\" style=\"text-align:left\">\n<p>27<\/p>\n<\/td>\n<td class=\"table_body__data\" colspan=\"1\" style=\"text-align:left\">\n<p>Nicole Steigenga (AG Insurance \u2013 Soudal Team)<\/p>\n<\/td>\n<td class=\"table_body__data\" colspan=\"1\" style=\"text-align:left\">\n<p>,,<\/p>\n<\/td>\n<\/tr>\n<tr class=\"table__body__row\">\n<td class=\"table_body__data\" colspan=\"1\" style=\"text-align:left\">\n<p>28<\/p>\n<\/td>\n<td class=\"table_body__data\" colspan=\"1\" style=\"text-align:left\">\n<p>Eugenia Bujak (Cofidis Women Team)<\/p>\n<\/td>\n<td class=\"table_body__data\" colspan=\"1\" style=\"text-align:left\">\n<p>,,<\/p>\n<\/td>\n<\/tr>\n<tr class=\"table__body__row\">\n<td class=\"table_body__data\" colspan=\"1\" style=\"text-align:left\">\n<p>29<\/p>\n<\/td>\n<td class=\"table_body__data\" colspan=\"1\" style=\"text-align:left\">\n<p>Elisabeth Ebras (BePink &#8211; Imatra &#8211; Bongioanni)<\/p>\n<\/td>\n<td class=\"table_body__data\" colspan=\"1\" style=\"text-align:left\">\n<p>,,<\/p>\n<\/td>\n<\/tr>\n<tr class=\"table__body__row\">\n<td class=\"table_body__data\" colspan=\"1\" style=\"text-align:left\">\n<p>30<\/p>\n<\/td>\n<td class=\"table_body__data\" colspan=\"1\" style=\"text-align:left\">\n<p>Alberte Greve (Uno\u2011X Mobility)<\/p>\n<\/td>\n<td class=\"table_body__data\" colspan=\"1\" style=\"text-align:left\">\n<p>,,<\/p>\n<\/td>\n<\/tr>\n<tr class=\"table__body__row\">\n<td class=\"table_body__data\" colspan=\"1\" style=\"text-align:left\">\n<p>31<\/p>\n<\/td>\n<td class=\"table_body__data\" colspan=\"1\" style=\"text-align:left\">\n<p>Liv Wenzel (Hess Cycling Team)<\/p>\n<\/td>\n<td class=\"table_body__data\" colspan=\"1\" style=\"text-align:left\">\n<p>,,<\/p>\n<\/td>\n<\/tr>\n<tr class=\"table__body__row\">\n<td class=\"table_body__data\" colspan=\"1\" style=\"text-align:left\">\n<p>32<\/p>\n<\/td>\n<td class=\"table_body__data\" colspan=\"1\" style=\"text-align:left\">\n<p>Victoire Berteau (Cofidis Women Team)<\/p>\n<\/td>\n<td class=\"table_body__data\" colspan=\"1\" style=\"text-align:left\">\n<p>,,<\/p>\n<\/td>\n<\/tr>\n<tr class=\"table__body__row\">\n<td class=\"table_body__data\" colspan=\"1\" style=\"text-align:left\">\n<p>33<\/p>\n<\/td>\n<td class=\"table_body__data\" colspan=\"1\" style=\"text-align:left\">\n<p>Linda Riedmann (Team Visma | Lease a Bike)<\/p>\n<\/td>\n<td class=\"table_body__data\" colspan=\"1\" style=\"text-align:left\">\n<p>,,<\/p>\n<\/td>\n<\/tr>\n<tr class=\"table__body__row\">\n<td class=\"table_body__data\" colspan=\"1\" style=\"text-align:left\">\n<p>34<\/p>\n<\/td>\n<td class=\"table_body__data\" colspan=\"1\" style=\"text-align:left\">\n<p>Karlijn Koops (Hess Cycling Team)<\/p>\n<\/td>\n<td class=\"table_body__data\" colspan=\"1\" style=\"text-align:left\">\n<p>,,<\/p>\n<\/td>\n<\/tr>\n<tr class=\"table__body__row\">\n<td class=\"table_body__data\" colspan=\"1\" style=\"text-align:left\">\n<p>35<\/p>\n<\/td>\n<td class=\"table_body__data\" colspan=\"1\" style=\"text-align:left\">\n<p>Alice McWilliam (Hess Cycling Team)<\/p>\n<\/td>\n<td class=\"table_body__data\" colspan=\"1\" style=\"text-align:left\">\n<p>,,<\/p>\n<\/td>\n<\/tr>\n<tr class=\"table__body__row\">\n<td class=\"table_body__data\" colspan=\"1\" style=\"text-align:left\">\n<p>36<\/p>\n<\/td>\n<td class=\"table_body__data\" colspan=\"1\" style=\"text-align:left\">\n<p>Clara Copponi (Lidl \u2013 Trek)<\/p>\n<\/td>\n<td class=\"table_body__data\" colspan=\"1\" style=\"text-align:left\">\n<p>0:16<\/p>\n<\/td>\n<\/tr>\n<tr class=\"table__body__row\">\n<td class=\"table_body__data\" colspan=\"1\" style=\"text-align:left\">\n<p>37<\/p>\n<\/td>\n<td class=\"table_body__data\" colspan=\"1\" style=\"text-align:left\">\n<p>Femke Markus (Team SD Worx \u2013 Protime)<\/p>\n<\/td>\n<td class=\"table_body__data\" colspan=\"1\" style=\"text-align:left\">\n<p>0:18<\/p>\n<\/td>\n<\/tr>\n<tr class=\"table__body__row\">\n<td class=\"table_body__data\" colspan=\"1\" style=\"text-align:left\">\n<p>38<\/p>\n<\/td>\n<td class=\"table_body__data\" colspan=\"1\" style=\"text-align:left\">\n<p>Fleur Moors (Lidl \u2013 Trek)<\/p>\n<\/td>\n<td class=\"table_body__data\" colspan=\"1\" style=\"text-align:left\">\n<p>,,<\/p>\n<\/td>\n<\/tr>\n<tr class=\"table__body__row\">\n<td class=\"table_body__data\" colspan=\"1\" style=\"text-align:left\">\n<p>39<\/p>\n<\/td>\n<td class=\"table_body__data\" colspan=\"1\" style=\"text-align:left\">\n<p>Anastasiya Kolesava (Canyon\/\/SRAM Racing)<\/p>\n<\/td>\n<td class=\"table_body__data\" colspan=\"1\" style=\"text-align:left\">\n<p>0:21<\/p>\n<\/td>\n<\/tr>\n<tr class=\"table__body__row\">\n<td class=\"table_body__data\" colspan=\"1\" style=\"text-align:left\">\n<p>40<\/p>\n<\/td>\n<td class=\"table_body__data\" colspan=\"1\" style=\"text-align:left\">\n<p>Sara Fiorin (CERATIZIT Pro Cycling Team)<\/p>\n<\/td>\n<td class=\"table_body__data\" colspan=\"1\" style=\"text-align:left\">\n<p>0:22<\/p>\n<\/td>\n<\/tr>\n<tr class=\"table__body__row\">\n<td class=\"table_body__data\" colspan=\"1\" style=\"text-align:left\">\n<p>41<\/p>\n<\/td>\n<td class=\"table_body__data\" colspan=\"1\" style=\"text-align:left\">\n<p>Megan Jastrab (Team Picnic PostNL)<\/p>\n<\/td>\n<td class=\"table_body__data\" colspan=\"1\" style=\"text-align:left\">\n<p>0:24<\/p>\n<\/td>\n<\/tr>\n<tr class=\"table__body__row\">\n<td class=\"table_body__data\" colspan=\"1\" style=\"text-align:left\">\n<p>42<\/p>\n<\/td>\n<td class=\"table_body__data\" colspan=\"1\" style=\"text-align:left\">\n<p>Emilia Fahlin (Ark\u00e9a B&amp;B Hotels Women)<\/p>\n<\/td>\n<td class=\"table_body__data\" colspan=\"1\" style=\"text-align:left\">\n<p>0:31<\/p>\n<\/td>\n<\/tr>\n<tr class=\"table__body__row\">\n<td class=\"table_body__data\" colspan=\"1\" style=\"text-align:left\">\n<p>43<\/p>\n<\/td>\n<td class=\"table_body__data\" colspan=\"1\" style=\"text-align:left\">\n<p>Marjolein Van &#8216;T Geloof (Ark\u00e9a B&amp;B Hotels Women)<\/p>\n<\/td>\n<td class=\"table_body__data\" colspan=\"1\" style=\"text-align:left\">\n<p>,,<\/p>\n<\/td>\n<\/tr>\n<tr class=\"table__body__row\">\n<td class=\"table_body__data\" colspan=\"1\" style=\"text-align:left\">\n<p>44<\/p>\n<\/td>\n<td class=\"table_body__data\" colspan=\"1\" style=\"text-align:left\">\n<p>Zoe B\u00e4ckstedt (Canyon\/\/SRAM Racing)<\/p>\n<\/td>\n<td class=\"table_body__data\" colspan=\"1\" style=\"text-align:left\">\n<p>0:34<\/p>\n<\/td>\n<\/tr>\n<tr class=\"table__body__row\">\n<td class=\"table_body__data\" colspan=\"1\" style=\"text-align:left\">\n<p>45<\/p>\n<\/td>\n<td class=\"table_body__data\" colspan=\"1\" style=\"text-align:left\">\n<p>Valentine Fortin (Cofidis Women Team)<\/p>\n<\/td>\n<td class=\"table_body__data\" colspan=\"1\" style=\"text-align:left\">\n<p>,,<\/p>\n<\/td>\n<\/tr>\n<tr class=\"table__body__row\">\n<td class=\"table_body__data\" colspan=\"1\" style=\"text-align:left\">\n<p>46<\/p>\n<\/td>\n<td class=\"table_body__data\" colspan=\"1\" style=\"text-align:left\">\n<p>Maeve Plouffe (Hess Cycling Team)<\/p>\n<\/td>\n<td class=\"table_body__data\" colspan=\"1\" style=\"text-align:left\">\n<p>0:38<\/p>\n<\/td>\n<\/tr>\n<tr class=\"table__body__row\">\n<td class=\"table_body__data\" colspan=\"1\" style=\"text-align:left\">\n<p>47<\/p>\n<\/td>\n<td class=\"table_body__data\" colspan=\"1\" style=\"text-align:left\">\n<p>Femke Gerritse (Team SD Worx \u2013 Protime)<\/p>\n<\/td>\n<td class=\"table_body__data\" colspan=\"1\" style=\"text-align:left\">\n<p>0:46<\/p>\n<\/td>\n<\/tr>\n<tr class=\"table__body__row\">\n<td class=\"table_body__data\" colspan=\"1\" style=\"text-align:left\">\n<p>48<\/p>\n<\/td>\n<td class=\"table_body__data\" colspan=\"1\" style=\"text-align:left\">\n<p>Lauretta Hanson (Lidl \u2013 Trek)<\/p>\n<\/td>\n<td class=\"table_body__data\" colspan=\"1\" style=\"text-align:left\">\n<p>0:49<\/p>\n<\/td>\n<\/tr>\n<tr class=\"table__body__row\">\n<td class=\"table_body__data\" colspan=\"1\" style=\"text-align:left\">\n<p>49<\/p>\n<\/td>\n<td class=\"table_body__data\" colspan=\"1\" style=\"text-align:left\">\n<p>Scarlett Souren (VolkerWessels Women\u2019s Pro Cycling Team)<\/p>\n<\/td>\n<td class=\"table_body__data\" colspan=\"1\" style=\"text-align:left\">\n<p>0:52<\/p>\n<\/td>\n<\/tr>\n<tr class=\"table__body__row\">\n<td class=\"table_body__data\" colspan=\"1\" style=\"text-align:left\">\n<p>50<\/p>\n<\/td>\n<td class=\"table_body__data\" colspan=\"1\" style=\"text-align:left\">\n<p>Yonna Van Dam (DD Group Pro Cycling Team)<\/p>\n<\/td>\n<td class=\"table_body__data\" colspan=\"1\" style=\"text-align:left\">\n<p>,,<\/p>\n<\/td>\n<\/tr>\n<tr class=\"table__body__row\">\n<td class=\"table_body__data\" colspan=\"1\" style=\"text-align:left\">\n<p>51<\/p>\n<\/td>\n<td class=\"table_body__data\" colspan=\"1\" style=\"text-align:left\">\n<p>Camilla R\u00e5nes Bye (Team Coop &#8211; Repsol)<\/p>\n<\/td>\n<td class=\"table_body__data\" colspan=\"1\" style=\"text-align:left\">\n<p>,,<\/p>\n<\/td>\n<\/tr>\n<tr class=\"table__body__row\">\n<td class=\"table_body__data\" colspan=\"1\" style=\"text-align:left\">\n<p>52<\/p>\n<\/td>\n<td class=\"table_body__data\" colspan=\"1\" style=\"text-align:left\">\n<p>Ellen Hj\u00f8llund Klinge (Denmark)<\/p>\n<\/td>\n<td class=\"table_body__data\" colspan=\"1\" style=\"text-align:left\">\n<p>,,<\/p>\n<\/td>\n<\/tr>\n<tr class=\"table__body__row\">\n<td class=\"table_body__data\" colspan=\"1\" style=\"text-align:left\">\n<p>53<\/p>\n<\/td>\n<td class=\"table_body__data\" colspan=\"1\" style=\"text-align:left\">\n<p>Christina Bragh Lorenzen (Denmark)<\/p>\n<\/td>\n<td class=\"table_body__data\" colspan=\"1\" style=\"text-align:left\">\n<p>,,<\/p>\n<\/td>\n<\/tr>\n<tr class=\"table__body__row\">\n<td class=\"table_body__data\" colspan=\"1\" style=\"text-align:left\">\n<p>54<\/p>\n<\/td>\n<td class=\"table_body__data\" colspan=\"1\" style=\"text-align:left\">\n<p>Daniek Hengeveld (CERATIZIT Pro Cycling Team)<\/p>\n<\/td>\n<td class=\"table_body__data\" colspan=\"1\" style=\"text-align:left\">\n<p>,,<\/p>\n<\/td>\n<\/tr>\n<tr class=\"table__body__row\">\n<td class=\"table_body__data\" colspan=\"1\" style=\"text-align:left\">\n<p>55<\/p>\n<\/td>\n<td class=\"table_body__data\" colspan=\"1\" style=\"text-align:left\">\n<p>Magdalene Lind (Team Coop &#8211; Repsol)<\/p>\n<\/td>\n<td class=\"table_body__data\" colspan=\"1\" style=\"text-align:left\">\n<p>,,<\/p>\n<\/td>\n<\/tr>\n<tr class=\"table__body__row\">\n<td class=\"table_body__data\" colspan=\"1\" style=\"text-align:left\">\n<p>56<\/p>\n<\/td>\n<td class=\"table_body__data\" colspan=\"1\" style=\"text-align:left\">\n<p>Vittoria Grassi (BePink &#8211; Imatra &#8211; Bongioanni)<\/p>\n<\/td>\n<td class=\"table_body__data\" colspan=\"1\" style=\"text-align:left\">\n<p>,,<\/p>\n<\/td>\n<\/tr>\n<tr class=\"table__body__row\">\n<td class=\"table_body__data\" colspan=\"1\" style=\"text-align:left\">\n<p>57<\/p>\n<\/td>\n<td class=\"table_body__data\" colspan=\"1\" style=\"text-align:left\">\n<p>Libby Smithson (DAS &#8211; Hutchinson)<\/p>\n<\/td>\n<td class=\"table_body__data\" colspan=\"1\" style=\"text-align:left\">\n<p>,,<\/p>\n<\/td>\n<\/tr>\n<tr class=\"table__body__row\">\n<td class=\"table_body__data\" colspan=\"1\" style=\"text-align:left\">\n<p>58<\/p>\n<\/td>\n<td class=\"table_body__data\" colspan=\"1\" style=\"text-align:left\">\n<p>Kirstie Van Haaften (Cofidis Women Team)<\/p>\n<\/td>\n<td class=\"table_body__data\" colspan=\"1\" style=\"text-align:left\">\n<p>,,<\/p>\n<\/td>\n<\/tr>\n<tr class=\"table__body__row\">\n<td class=\"table_body__data\" colspan=\"1\" style=\"text-align:left\">\n<p>59<\/p>\n<\/td>\n<td class=\"table_body__data\" colspan=\"1\" style=\"text-align:left\">\n<p>Julia Van Bokhoven (DAS &#8211; Hutchinson)<\/p>\n<\/td>\n<td class=\"table_body__data\" colspan=\"1\" style=\"text-align:left\">\n<p>,,<\/p>\n<\/td>\n<\/tr>\n<tr class=\"table__body__row\">\n<td class=\"table_body__data\" colspan=\"1\" style=\"text-align:left\">\n<p>60<\/p>\n<\/td>\n<td class=\"table_body__data\" colspan=\"1\" style=\"text-align:left\">\n<p>Marthe Goossens (AG Insurance \u2013 Soudal Team)<\/p>\n<\/td>\n<td class=\"table_body__data\" colspan=\"1\" style=\"text-align:left\">\n<p>,,<\/p>\n<\/td>\n<\/tr>\n<tr class=\"table__body__row\">\n<td class=\"table_body__data\" colspan=\"1\" style=\"text-align:left\">\n<p>61<\/p>\n<\/td>\n<td class=\"table_body__data\" colspan=\"1\" style=\"text-align:left\">\n<p>Julia Borgstr\u00f6m (AG Insurance \u2013 Soudal Team)<\/p>\n<\/td>\n<td class=\"table_body__data\" colspan=\"1\" style=\"text-align:left\">\n<p>,,<\/p>\n<\/td>\n<\/tr>\n<tr class=\"table__body__row\">\n<td class=\"table_body__data\" colspan=\"1\" style=\"text-align:left\">\n<p>62<\/p>\n<\/td>\n<td class=\"table_body__data\" colspan=\"1\" style=\"text-align:left\">\n<p>Amber Van Der Hulst (Liv \u2013 AlUla \u2013 Jayco)<\/p>\n<\/td>\n<td class=\"table_body__data\" colspan=\"1\" style=\"text-align:left\">\n<p>,,<\/p>\n<\/td>\n<\/tr>\n<tr class=\"table__body__row\">\n<td class=\"table_body__data\" colspan=\"1\" style=\"text-align:left\">\n<p>63<\/p>\n<\/td>\n<td class=\"table_body__data\" colspan=\"1\" style=\"text-align:left\">\n<p>April Tacey (Team Coop &#8211; Repsol)<\/p>\n<\/td>\n<td class=\"table_body__data\" colspan=\"1\" style=\"text-align:left\">\n<p>,,<\/p>\n<\/td>\n<\/tr>\n<tr class=\"table__body__row\">\n<td class=\"table_body__data\" colspan=\"1\" style=\"text-align:left\">\n<p>64<\/p>\n<\/td>\n<td class=\"table_body__data\" colspan=\"1\" style=\"text-align:left\">\n<p>Amandine Fouquenet (Ark\u00e9a B&amp;B Hotels Women)<\/p>\n<\/td>\n<td class=\"table_body__data\" colspan=\"1\" style=\"text-align:left\">\n<p>,,<\/p>\n<\/td>\n<\/tr>\n<tr class=\"table__body__row\">\n<td class=\"table_body__data\" colspan=\"1\" style=\"text-align:left\">\n<p>65<\/p>\n<\/td>\n<td class=\"table_body__data\" colspan=\"1\" style=\"text-align:left\">\n<p>Maur\u00e8ne Tr\u00e9gou\u00ebt (Ark\u00e9a B&amp;B Hotels Women)<\/p>\n<\/td>\n<td class=\"table_body__data\" colspan=\"1\" style=\"text-align:left\">\n<p>,,<\/p>\n<\/td>\n<\/tr>\n<tr class=\"table__body__row\">\n<td class=\"table_body__data\" colspan=\"1\" style=\"text-align:left\">\n<p>66<\/p>\n<\/td>\n<td class=\"table_body__data\" colspan=\"1\" style=\"text-align:left\">\n<p>Marita Jensen (Denmark)<\/p>\n<\/td>\n<td class=\"table_body__data\" colspan=\"1\" style=\"text-align:left\">\n<p>,,<\/p>\n<\/td>\n<\/tr>\n<tr class=\"table__body__row\">\n<td class=\"table_body__data\" colspan=\"1\" style=\"text-align:left\">\n<p>67<\/p>\n<\/td>\n<td class=\"table_body__data\" colspan=\"1\" style=\"text-align:left\">\n<p>Mari Hole Mohr (Team Coop &#8211; Repsol)<\/p>\n<\/td>\n<td class=\"table_body__data\" colspan=\"1\" style=\"text-align:left\">\n<p>,,<\/p>\n<\/td>\n<\/tr>\n<tr class=\"table__body__row\">\n<td class=\"table_body__data\" colspan=\"1\" style=\"text-align:left\">\n<p>68<\/p>\n<\/td>\n<td class=\"table_body__data\" colspan=\"1\" style=\"text-align:left\">\n<p>Caroline Kirk Schad (Denmark)<\/p>\n<\/td>\n<td class=\"table_body__data\" colspan=\"1\" style=\"text-align:left\">\n<p>,,<\/p>\n<\/td>\n<\/tr>\n<tr class=\"table__body__row\">\n<td class=\"table_body__data\" colspan=\"1\" style=\"text-align:left\">\n<p>69<\/p>\n<\/td>\n<td class=\"table_body__data\" colspan=\"1\" style=\"text-align:left\">\n<p>Maaike Colj\u00e9 (Ark\u00e9a B&amp;B Hotels Women)<\/p>\n<\/td>\n<td class=\"table_body__data\" colspan=\"1\" style=\"text-align:left\">\n<p>,,<\/p>\n<\/td>\n<\/tr>\n<tr class=\"table__body__row\">\n<td class=\"table_body__data\" colspan=\"1\" style=\"text-align:left\">\n<p>70<\/p>\n<\/td>\n<td class=\"table_body__data\" colspan=\"1\" style=\"text-align:left\">\n<p>Anne Dorthe Ysland (Uno\u2011X Mobility)<\/p>\n<\/td>\n<td class=\"table_body__data\" colspan=\"1\" style=\"text-align:left\">\n<p>,,<\/p>\n<\/td>\n<\/tr>\n<tr class=\"table__body__row\">\n<td class=\"table_body__data\" colspan=\"1\" style=\"text-align:left\">\n<p>71<\/p>\n<\/td>\n<td class=\"table_body__data\" colspan=\"1\" style=\"text-align:left\">\n<p>Femke Beuling (VolkerWessels Women\u2019s Pro Cycling Team)<\/p>\n<\/td>\n<td class=\"table_body__data\" colspan=\"1\" style=\"text-align:left\">\n<p>,,<\/p>\n<\/td>\n<\/tr>\n<tr class=\"table__body__row\">\n<td class=\"table_body__data\" colspan=\"1\" style=\"text-align:left\">\n<p>72<\/p>\n<\/td>\n<td class=\"table_body__data\" colspan=\"1\" style=\"text-align:left\">\n<p>Mia Gjertsen (Uno\u2011X Mobility)<\/p>\n<\/td>\n<td class=\"table_body__data\" colspan=\"1\" style=\"text-align:left\">\n<p>,,<\/p>\n<\/td>\n<\/tr>\n<tr class=\"table__body__row\">\n<td class=\"table_body__data\" colspan=\"1\" style=\"text-align:left\">\n<p>73<\/p>\n<\/td>\n<td class=\"table_body__data\" colspan=\"1\" style=\"text-align:left\">\n<p>Margaux Vigi\u00e9 (Team Visma | Lease a Bike)<\/p>\n<\/td>\n<td class=\"table_body__data\" colspan=\"1\" style=\"text-align:left\">\n<p>,,<\/p>\n<\/td>\n<\/tr>\n<tr class=\"table__body__row\">\n<td class=\"table_body__data\" colspan=\"1\" style=\"text-align:left\">\n<p>74<\/p>\n<\/td>\n<td class=\"table_body__data\" colspan=\"1\" style=\"text-align:left\">\n<p>Stina Kagevi (Team Coop &#8211; Repsol)<\/p>\n<\/td>\n<td class=\"table_body__data\" colspan=\"1\" style=\"text-align:left\">\n<p>,,<\/p>\n<\/td>\n<\/tr>\n<tr class=\"table__body__row\">\n<td class=\"table_body__data\" colspan=\"1\" style=\"text-align:left\">\n<p>75<\/p>\n<\/td>\n<td class=\"table_body__data\" colspan=\"1\" style=\"text-align:left\">\n<p>Sophie Von Berswordt (Team Visma | Lease a Bike)<\/p>\n<\/td>\n<td class=\"table_body__data\" colspan=\"1\" style=\"text-align:left\">\n<p>,,<\/p>\n<\/td>\n<\/tr>\n<tr class=\"table__body__row\">\n<td class=\"table_body__data\" colspan=\"1\" style=\"text-align:left\">\n<p>76<\/p>\n<\/td>\n<td class=\"table_body__data\" colspan=\"1\" style=\"text-align:left\">\n<p>Josie Nelson (Team Picnic PostNL)<\/p>\n<\/td>\n<td class=\"table_body__data\" colspan=\"1\" style=\"text-align:left\">\n<p>,,<\/p>\n<\/td>\n<\/tr>\n<tr class=\"table__body__row\">\n<td class=\"table_body__data\" colspan=\"1\" style=\"text-align:left\">\n<p>77<\/p>\n<\/td>\n<td class=\"table_body__data\" colspan=\"1\" style=\"text-align:left\">\n<p>Elizabeth Holden (UAE Team ADQ)<\/p>\n<\/td>\n<td class=\"table_body__data\" colspan=\"1\" style=\"text-align:left\">\n<p>,,<\/p>\n<\/td>\n<\/tr>\n<tr class=\"table__body__row\">\n<td class=\"table_body__data\" colspan=\"1\" style=\"text-align:left\">\n<p>78<\/p>\n<\/td>\n<td class=\"table_body__data\" colspan=\"1\" style=\"text-align:left\">\n<p>Alice Towers (Canyon\/\/SRAM Racing)<\/p>\n<\/td>\n<td class=\"table_body__data\" colspan=\"1\" style=\"text-align:left\">\n<p>,,<\/p>\n<\/td>\n<\/tr>\n<tr class=\"table__body__row\">\n<td class=\"table_body__data\" colspan=\"1\" style=\"text-align:left\">\n<p>79<\/p>\n<\/td>\n<td class=\"table_body__data\" colspan=\"1\" style=\"text-align:left\">\n<p>Laura Auerbach-Lind (Denmark)<\/p>\n<\/td>\n<td class=\"table_body__data\" colspan=\"1\" style=\"text-align:left\">\n<p>,,<\/p>\n<\/td>\n<\/tr>\n<tr class=\"table__body__row\">\n<td class=\"table_body__data\" colspan=\"1\" style=\"text-align:left\">\n<p>80<\/p>\n<\/td>\n<td class=\"table_body__data\" colspan=\"1\" style=\"text-align:left\">\n<p>Marina Garau (BePink &#8211; Imatra &#8211; Bongioanni)<\/p>\n<\/td>\n<td class=\"table_body__data\" colspan=\"1\" style=\"text-align:left\">\n<p>,,<\/p>\n<\/td>\n<\/tr>\n<tr class=\"table__body__row\">\n<td class=\"table_body__data\" colspan=\"1\" style=\"text-align:left\">\n<p>81<\/p>\n<\/td>\n<td class=\"table_body__data\" colspan=\"1\" style=\"text-align:left\">\n<p>Beatrice Caudera (BePink &#8211; Imatra &#8211; Bongioanni)<\/p>\n<\/td>\n<td class=\"table_body__data\" colspan=\"1\" style=\"text-align:left\">\n<p>1:01<\/p>\n<\/td>\n<\/tr>\n<tr class=\"table__body__row\">\n<td class=\"table_body__data\" colspan=\"1\" style=\"text-align:left\">\n<p>82<\/p>\n<\/td>\n<td class=\"table_body__data\" colspan=\"1\" style=\"text-align:left\">\n<p>Sofie Van Rooijen (UAE Team ADQ)<\/p>\n<\/td>\n<td class=\"table_body__data\" colspan=\"1\" style=\"text-align:left\">\n<p>1:11<\/p>\n<\/td>\n<\/tr>\n<tr class=\"table__body__row\">\n<td class=\"table_body__data\" colspan=\"1\" style=\"text-align:left\">\n<p>83<\/p>\n<\/td>\n<td class=\"table_body__data\" colspan=\"1\" style=\"text-align:left\">\n<p>Tereza Neumanova (UAE Team ADQ)<\/p>\n<\/td>\n<td class=\"table_body__data\" colspan=\"1\" style=\"text-align:left\">\n<p>,,<\/p>\n<\/td>\n<\/tr>\n<tr class=\"table__body__row\">\n<td class=\"table_body__data\" colspan=\"1\" style=\"text-align:left\">\n<p>84<\/p>\n<\/td>\n<td class=\"table_body__data\" colspan=\"1\" style=\"text-align:left\">\n<p>Jony Van Den Eijnden (DD Group Pro Cycling Team)<\/p>\n<\/td>\n<td class=\"table_body__data\" colspan=\"1\" style=\"text-align:left\">\n<p>,,<\/p>\n<\/td>\n<\/tr>\n<tr class=\"table__body__row\">\n<td class=\"table_body__data\" colspan=\"1\" style=\"text-align:left\">\n<p>85<\/p>\n<\/td>\n<td class=\"table_body__data\" colspan=\"1\" style=\"text-align:left\">\n<p>Martina Fidanza (Team Visma | Lease a Bike)<\/p>\n<\/td>\n<td class=\"table_body__data\" colspan=\"1\" style=\"text-align:left\">\n<p>,,<\/p>\n<\/td>\n<\/tr>\n<tr class=\"table__body__row\">\n<td class=\"table_body__data\" colspan=\"1\" style=\"text-align:left\">\n<p>86<\/p>\n<\/td>\n<td class=\"table_body__data\" colspan=\"1\" style=\"text-align:left\">\n<p>Valerie Demey (VolkerWessels Women\u2019s Pro Cycling Team)<\/p>\n<\/td>\n<td class=\"table_body__data\" colspan=\"1\" style=\"text-align:left\">\n<p>,,<\/p>\n<\/td>\n<\/tr>\n<tr class=\"table__body__row\">\n<td class=\"table_body__data\" colspan=\"1\" style=\"text-align:left\">\n<p>87<\/p>\n<\/td>\n<td class=\"table_body__data\" colspan=\"1\" style=\"text-align:left\">\n<p>Anniina Ahtosalo (Uno\u2011X Mobility)<\/p>\n<\/td>\n<td class=\"table_body__data\" colspan=\"1\" style=\"text-align:left\">\n<p>1:13<\/p>\n<\/td>\n<\/tr>\n<tr class=\"table__body__row\">\n<td class=\"table_body__data\" colspan=\"1\" style=\"text-align:left\">\n<p>88<\/p>\n<\/td>\n<td class=\"table_body__data\" colspan=\"1\" style=\"text-align:left\">\n<p>Maggie Coles-Lyster (Human Powered Health)<\/p>\n<\/td>\n<td class=\"table_body__data\" colspan=\"1\" style=\"text-align:left\">\n<p>,,<\/p>\n<\/td>\n<\/tr>\n<tr class=\"table__body__row\">\n<td class=\"table_body__data\" colspan=\"1\" style=\"text-align:left\">\n<p>89<\/p>\n<\/td>\n<td class=\"table_body__data\" colspan=\"1\" style=\"text-align:left\">\n<p>Elizabeth Deignan (Lidl \u2013 Trek)<\/p>\n<\/td>\n<td class=\"table_body__data\" colspan=\"1\" style=\"text-align:left\">\n<p>,,<\/p>\n<\/td>\n<\/tr>\n<tr class=\"table__body__row\">\n<td class=\"table_body__data\" colspan=\"1\" style=\"text-align:left\">\n<p>90<\/p>\n<\/td>\n<td class=\"table_body__data\" colspan=\"1\" style=\"text-align:left\">\n<p>Alexandra Manly (AG Insurance \u2013 Soudal Team)<\/p>\n<\/td>\n<td class=\"table_body__data\" colspan=\"1\" style=\"text-align:left\">\n<p>1:19<\/p>\n<\/td>\n<\/tr>\n<tr class=\"table__body__row\">\n<td class=\"table_body__data\" colspan=\"1\" style=\"text-align:left\">\n<p>91<\/p>\n<\/td>\n<td class=\"table_body__data\" colspan=\"1\" style=\"text-align:left\">\n<p>Rachele Barbieri (Team Picnic PostNL)<\/p>\n<\/td>\n<td class=\"table_body__data\" colspan=\"1\" style=\"text-align:left\">\n<p>1:21<\/p>\n<\/td>\n<\/tr>\n<tr class=\"table__body__row\">\n<td class=\"table_body__data\" colspan=\"1\" style=\"text-align:left\">\n<p>92<\/p>\n<\/td>\n<td class=\"table_body__data\" colspan=\"1\" style=\"text-align:left\">\n<p>Rebecca Koerner (Uno\u2011X Mobility)<\/p>\n<\/td>\n<td class=\"table_body__data\" colspan=\"1\" style=\"text-align:left\">\n<p>1:39<\/p>\n<\/td>\n<\/tr>\n<tr class=\"table__body__row\">\n<td class=\"table_body__data\" colspan=\"1\" style=\"text-align:left\">\n<p>93<\/p>\n<\/td>\n<td class=\"table_body__data\" colspan=\"1\" style=\"text-align:left\">\n<p>Fauve Bastiaenssen (AG Insurance \u2013 Soudal Team)<\/p>\n<\/td>\n<td class=\"table_body__data\" colspan=\"1\" style=\"text-align:left\">\n<p>,,<\/p>\n<\/td>\n<\/tr>\n<tr class=\"table__body__row\">\n<td class=\"table_body__data\" colspan=\"1\" style=\"text-align:left\">\n<p>94<\/p>\n<\/td>\n<td class=\"table_body__data\" colspan=\"1\" style=\"text-align:left\">\n<p>Julie Stockman (DD Group Pro Cycling Team)<\/p>\n<\/td>\n<td class=\"table_body__data\" colspan=\"1\" style=\"text-align:left\">\n<p>3:23<\/p>\n<\/td>\n<\/tr>\n<tr class=\"table__body__row\">\n<td class=\"table_body__data\" colspan=\"1\" style=\"text-align:left\">\n<p>95<\/p>\n<\/td>\n<td class=\"table_body__data\" colspan=\"1\" style=\"text-align:left\">\n<p>Quinty Ton (Liv \u2013 AlUla \u2013 Jayco)<\/p>\n<\/td>\n<td class=\"table_body__data\" colspan=\"1\" style=\"text-align:left\">\n<p>3:31<\/p>\n<\/td>\n<\/tr>\n<tr class=\"table__body__row\">\n<td class=\"table_body__data\" colspan=\"1\" style=\"text-align:left\">\n<p>96<\/p>\n<\/td>\n<td class=\"table_body__data\" colspan=\"1\" style=\"text-align:left\">\n<p>Andrea Casagranda (BePink &#8211; Imatra &#8211; Bongioanni)<\/p>\n<\/td>\n<td class=\"table_body__data\" colspan=\"1\" style=\"text-align:left\">\n<p>,,<\/p>\n<\/td>\n<\/tr>\n<tr class=\"table__body__row\">\n<td class=\"table_body__data\" colspan=\"1\" style=\"text-align:left\">\n<p>97<\/p>\n<\/td>\n<td class=\"table_body__data\" colspan=\"1\" style=\"text-align:left\">\n<p>Ida Krickau Ketelsen (CJ O&#8217;Shea Racing)<\/p>\n<\/td>\n<td class=\"table_body__data\" colspan=\"1\" style=\"text-align:left\">\n<p>,,<\/p>\n<\/td>\n<\/tr>\n<tr class=\"table__body__row\">\n<td class=\"table_body__data\" colspan=\"1\" style=\"text-align:left\">\n<p>98<\/p>\n<\/td>\n<td class=\"table_body__data\" colspan=\"1\" style=\"text-align:left\">\n<p>Britt De Grave (DD Group Pro Cycling Team)<\/p>\n<\/td>\n<td class=\"table_body__data\" colspan=\"1\" style=\"text-align:left\">\n<p>3:53<\/p>\n<\/td>\n<\/tr>\n<tr class=\"table__body__row\">\n<td class=\"table_body__data\" colspan=\"1\" style=\"text-align:left\">\n<p>99<\/p>\n<\/td>\n<td class=\"table_body__data\" colspan=\"1\" style=\"text-align:left\">\n<p>Gertrud Riis Madsen (Denmark)<\/p>\n<\/td>\n<td class=\"table_body__data\" colspan=\"1\" style=\"text-align:left\">\n<p>,,<\/p>\n<\/td>\n<\/tr>\n<tr class=\"table__body__row\">\n<td class=\"table_body__data\" colspan=\"1\" style=\"text-align:left\">\n<p>100<\/p>\n<\/td>\n<td class=\"table_body__data\" colspan=\"1\" style=\"text-align:left\">\n<p>Silje Bader (Team Picnic PostNL)<\/p>\n<\/td>\n<td class=\"table_body__data\" colspan=\"1\" style=\"text-align:left\">\n<p>,,<\/p>\n<\/td>\n<\/tr>\n<tr class=\"table__body__row\">\n<td class=\"table_body__data\" colspan=\"1\" style=\"text-align:left\">\n<p>101<\/p>\n<\/td>\n<td class=\"table_body__data\" colspan=\"1\" style=\"text-align:left\">\n<p>Marion Borras (Cofidis Women Team)<\/p>\n<\/td>\n<td class=\"table_body__data\" colspan=\"1\" style=\"text-align:left\">\n<p>,,<\/p>\n<\/td>\n<\/tr>\n<tr class=\"table__body__row\">\n<td class=\"table_body__data\" colspan=\"1\" style=\"text-align:left\">\n<p>102<\/p>\n<\/td>\n<td class=\"table_body__data\" colspan=\"1\" style=\"text-align:left\">\n<p>Skylar Schneider (Team SD Worx \u2013 Protime)<\/p>\n<\/td>\n<td class=\"table_body__data\" colspan=\"1\" style=\"text-align:left\">\n<p>,,<\/p>\n<\/td>\n<\/tr>\n<tr class=\"table__body__row\">\n<td class=\"table_body__data\" colspan=\"1\" style=\"text-align:left\">\n<p>103<\/p>\n<\/td>\n<td class=\"table_body__data\" colspan=\"1\" style=\"text-align:left\">\n<p>Elise Timmerman (DD Group Pro Cycling Team)<\/p>\n<\/td>\n<td class=\"table_body__data\" colspan=\"1\" style=\"text-align:left\">\n<p>4:41<\/p>\n<\/td>\n<\/tr>\n<tr class=\"table__body__row\">\n<td class=\"table_body__data\" colspan=\"1\" style=\"text-align:left\">\n<p>104<\/p>\n<\/td>\n<td class=\"table_body__data\" colspan=\"1\" style=\"text-align:left\">\n<p>Maria Martins (Canyon\/\/SRAM Racing)<\/p>\n<\/td>\n<td class=\"table_body__data\" colspan=\"1\" style=\"text-align:left\">\n<p>,,<\/p>\n<\/td>\n<\/tr>\n<tr class=\"table__body__row\">\n<td class=\"table_body__data\" colspan=\"1\" style=\"text-align:left\">\n<p>105<\/p>\n<\/td>\n<td class=\"table_body__data\" colspan=\"1\" style=\"text-align:left\">\n<p>Wilma Aintila (Canyon\/\/SRAM Racing)<\/p>\n<\/td>\n<td class=\"table_body__data\" colspan=\"1\" style=\"text-align:left\">\n<p>,,<\/p>\n<\/td>\n<\/tr>\n<tr class=\"table__body__row\">\n<td class=\"table_body__data\" colspan=\"1\" style=\"text-align:left\">\n<p>106<\/p>\n<\/td>\n<td class=\"table_body__data\" colspan=\"1\" style=\"text-align:left\">\n<p>Felicity Wilson-Haffenden (Lidl \u2013 Trek)<\/p>\n<\/td>\n<td class=\"table_body__data\" colspan=\"1\" style=\"text-align:left\">\n<p>,,<\/p>\n<\/td>\n<\/tr>\n<tr class=\"table__body__row\">\n<td class=\"table_body__data\" colspan=\"1\" style=\"text-align:left\">\n<p>107<\/p>\n<\/td>\n<td class=\"table_body__data\" colspan=\"1\" style=\"text-align:left\">\n<p>Josie Talbot (Liv \u2013 AlUla \u2013 Jayco)<\/p>\n<\/td>\n<td class=\"table_body__data\" colspan=\"1\" style=\"text-align:left\">\n<p>6:05<\/p>\n<\/td>\n<\/tr>\n<tr class=\"table__body__row\">\n<td class=\"table_body__data\" colspan=\"1\" style=\"text-align:left\">\n<p>108<\/p>\n<\/td>\n<td class=\"table_body__data\" colspan=\"1\" style=\"text-align:left\">\n<p>Georgia Baker (Liv \u2013 AlUla \u2013 Jayco)<\/p>\n<\/td>\n<td class=\"table_body__data\" colspan=\"1\" style=\"text-align:left\">\n<p>,,<\/p>\n<\/td>\n<\/tr>\n<tr class=\"table__body__row\">\n<td class=\"table_body__data\" colspan=\"1\" style=\"text-align:left\">\n<p>109<\/p>\n<\/td>\n<td class=\"table_body__data\" colspan=\"1\" style=\"text-align:left\">\n<p>Meis Poland (VolkerWessels Women\u2019s Pro Cycling Team)<\/p>\n<\/td>\n<td class=\"table_body__data\" colspan=\"1\" style=\"text-align:left\">\n<p>8:10<\/p>\n<\/td>\n<\/tr>\n<tr class=\"table__body__row\">\n<td class=\"table_body__data\" colspan=\"1\" style=\"text-align:left\">\n<p>110<\/p>\n<\/td>\n<td class=\"table_body__data\" colspan=\"1\" style=\"text-align:left\">\n<p>Yilla Threels (CJ O&#8217;Shea Racing)<\/p>\n<\/td>\n<td class=\"table_body__data\" colspan=\"1\" style=\"text-align:left\">\n<p>,,<\/p>\n<\/td>\n<\/tr>\n","protected":false},"excerpt":{"rendered":"Lorena Wiebes (SD Worx-Protime) left no doubt as to who is the best sprinter in the women&#8217;s peloton,&hellip;\n","protected":false},"author":2,"featured_media":203037,"comment_status":"","ping_status":"","sticky":false,"template":"","format":"standard","meta":{"footnotes":""},"categories":[4104],"tags":[4230,79,16,15],"class_list":{"0":"post-203036","1":"post","2":"type-post","3":"status-publish","4":"format-standard","5":"has-post-thumbnail","7":"category-cycling","8":"tag-cycling","9":"tag-sports","10":"tag-uk","11":"tag-united-kingdom"},"share_on_mastodon":{"url":"https:\/\/pubeurope.com\/@uk\/114722486803448591","error":""},"_links":{"self":[{"href":"https:\/\/www.europesays.com\/uk\/wp-json\/wp\/v2\/posts\/203036","targetHints":{"allow":["GET"]}}],"collection":[{"href":"https:\/\/www.europesays.com\/uk\/wp-json\/wp\/v2\/posts"}],"about":[{"href":"https:\/\/www.europesays.com\/uk\/wp-json\/wp\/v2\/types\/post"}],"author":[{"embeddable":true,"href":"https:\/\/www.europesays.com\/uk\/wp-json\/wp\/v2\/users\/2"}],"replies":[{"embeddable":true,"href":"https:\/\/www.europesays.com\/uk\/wp-json\/wp\/v2\/comments?post=203036"}],"version-history":[{"count":0,"href":"https:\/\/www.europesays.com\/uk\/wp-json\/wp\/v2\/posts\/203036\/revisions"}],"wp:featuredmedia":[{"embeddable":true,"href":"https:\/\/www.europesays.com\/uk\/wp-json\/wp\/v2\/media\/203037"}],"wp:attachment":[{"href":"https:\/\/www.europesays.com\/uk\/wp-json\/wp\/v2\/media?parent=203036"}],"wp:term":[{"taxonomy":"category","embeddable":true,"href":"https:\/\/www.europesays.com\/uk\/wp-json\/wp\/v2\/categories?post=203036"},{"taxonomy":"post_tag","embeddable":true,"href":"https:\/\/www.europesays.com\/uk\/wp-json\/wp\/v2\/tags?post=203036"}],"curies":[{"name":"wp","href":"https:\/\/api.w.org\/{rel}","templated":true}]}}