{"id":204612,"date":"2025-06-22T07:54:09","date_gmt":"2025-06-22T07:54:09","guid":{"rendered":"https:\/\/www.europesays.com\/uk\/204612\/"},"modified":"2025-06-22T07:54:09","modified_gmt":"2025-06-22T07:54:09","slug":"royal-family-sources-scare-everyone-by-exposing-queen-sofias-problem","status":"publish","type":"post","link":"https:\/\/www.europesays.com\/uk\/204612\/","title":{"rendered":"Royal family sources scare everyone by exposing Queen Sof\u00eda&#8217;s problem"},"content":{"rendered":"<p>Sources close to the royal family have revealed a problem that caused shock in the halls of Zarzuela. <a href=\"https:\/\/es.e-noticies.cat\/gente\/estado-salud-reina-sofia-hace-saltar-las-alarmas-toda-familia-real\" title=\"Queen Sof\u00eda&#039;s health condition sets off alarms throughout the entire Royal Family\" target=\"_blank\" rel=\"noopener\">Queen Emerita Do\u00f1a Sof\u00eda<\/a> appeared deeply affected after the emotional ceremony in memory of her close friend, General Manuel Barr\u00f3s. The figure of the military officer thus returned to the forefront in an event filled with emotion, affection, and remembrance.<\/p>\n<p>Manuel Barr\u00f3s passed away in April 2022, after a difficult process of physical deterioration caused by Amyotrophic Lateral Sclerosis. His relationship with Do\u00f1a Sof\u00eda went beyond the professional and became a close friendship that lasted more than three decades. According to sources close to the palace, the general was an essential support for the queen in her most difficult and discreet moments.<\/p>\n<p><img decoding=\"async\" style=\"width:100%\" src=\"https:\/\/www.europesays.com\/uk\/wp-content\/uploads\/2025\/06\/manuel-barros-reina-sofia_1200_800.webp.webp\" class=\"img-responsive lazyload\" alt=\"Short shot of Manuel Barr\u00f3s with a serious face and Queen Sof\u00eda with a smiling face\" title=\"Short shot of Manuel Barr\u00f3s with a serious face and Queen Sof\u00eda with a smiling face\"\/><\/p>\n<p>| Europa Press<\/p>\n<p>Last Thursday, the Alzheimer Center Queen Sof\u00eda Foundation hosted the II International Congress on ALS Manolo Barr\u00f3s Research. Although it was a scientific meeting, for the queen emerita it had a much deeper and more personal meaning. She closed the event with the emotion of someone who has closely shared suffering, loss, and hope.<\/p>\n<p>                    Queen Sof\u00eda and the royal family join forces in the fight against ALS: an emotional and committed tribute<\/p>\n<p>The congress, organized by the Center for Research on Neurological Diseases together with the Queen Sof\u00eda Foundation, has become an international benchmark. In Spain, more than 4,000 people live with this neurodegenerative disease that, to this day, has no cure or definitive treatment. The goal was clear: to promote advances that improve diagnosis, medical management, and the quality of life of patients.<\/p>\n<p><img decoding=\"async\" style=\"width:100%\" src=\"https:\/\/www.europesays.com\/uk\/wp-content\/uploads\/2025\/06\/imagen-reina-sofia-pascua_1200_800.webp.webp\" class=\"img-responsive lazyload\" alt=\"People sitting in a row of seats during a formal event, talking to each other.\" title=\"People sitting in a row of seats during a formal event, talking to each other.\"\/><\/p>\n<p>| Europapress<\/p>\n<p>The meeting also served to present a pioneering scientific project that bears the name of <a href=\"https:\/\/es.e-noticies.cat\/gente\/muere-manuel-barros-empleado-juan-carlos\" title=\"Manuel Barr\u00f3s, an employee of Juan Carlos I who protected him for years, dies\" target=\"_blank\" rel=\"noopener\">General Barr\u00f3s<\/a>. This research seeks to identify biomarkers in the early stages of the disease, in collaboration with German universities such as Bonn and Cologne. The Queen Sof\u00eda Foundation strongly supports this work, in an attempt to transform personal pain into cutting-edge scientific progress.<\/p>\n<p>                    In the royal family, Queen Sof\u00eda stands out for a bond of loyalty and discretion that goes beyond protocol<\/p>\n<p>From the royal environment, they emphasize the closeness between Do\u00f1a Sof\u00eda and Barr\u00f3s, whom they describe as a discreet, loyal man who was always present in the background. The queen hasn&#8217;t managed to overcome her loss and, according to consulted sources, she remains marked by the absence of her most loyal friend. What she experienced during the congress was, for her, an emotional tribute rather than an official act, a silent farewell that says a lot without words.<\/p>\n<p class=\"facebookChannelText\"><a href=\"https:\/\/www.facebook.com\/RoyalsCelebs\" target=\"_blank\" rel=\"nofollow noreferrer noopener\" title=\"Follow us in Facebook\"><img loading=\"lazy\" decoding=\"async\" width=\"30\" height=\"30\" class=\"lazyload\" alt=\"logo facebook\" src=\"\/filesedc\/uploads\/other\/facebook.gif\"\/><b>\u00a0 NEW ON FACEBOOK!<\/b> \ud83d\udcf2 Click here to receive the hottest royal and celebrity news directly to your Facebook, for FREE and EXCLUSIVE! Don&#8217;t miss out!<\/a><\/p>\n<p><img decoding=\"async\" style=\"width:100%\" src=\"https:\/\/www.europesays.com\/uk\/wp-content\/uploads\/2025\/06\/irene-grecia-silla-ruedas-reina-sofia-bolso-mano_1200_1600.webp.webp\" class=\"img-responsive lazyload\" alt=\"Irene of Greece and Queen Sofia dressed in black, Irene in a wheelchair and Sofia standing holding a bag, with people in the background. Tweet from August 1, 2024\" title=\"Irene of Greece and Queen Sofia dressed in black, Irene in a wheelchair and Sofia standing holding a bag, with people in the background. Tweet from August 1, 2024\"\/><\/p>\n<p>| Twitter, @Josemn1_<\/p>\n<p>Ultimately, the event highlighted the strength of a queen who doesn&#8217;t forget her own. Do\u00f1a Sof\u00eda showed once again that behind protocol there is heart, history, and memory. This intimate and scientific tribute was also a testimony of love, loss, commitment, and legacy for those who have shared her journey.<\/p>\n","protected":false},"excerpt":{"rendered":"Sources close to the royal family have revealed a problem that caused shock in the halls of Zarzuela.&hellip;\n","protected":false},"author":2,"featured_media":204613,"comment_status":"","ping_status":"","sticky":false,"template":"","format":"standard","meta":{"footnotes":""},"categories":[7708],"tags":[5105,7710,519,448],"class_list":{"0":"post-204612","1":"post","2":"type-post","3":"status-publish","4":"format-standard","5":"has-post-thumbnail","7":"category-royals","8":"tag-royal","9":"tag-royal-families","10":"tag-royal-family","11":"tag-royals"},"share_on_mastodon":{"url":"https:\/\/pubeurope.com\/@uk\/114725943147145993","error":""},"_links":{"self":[{"href":"https:\/\/www.europesays.com\/uk\/wp-json\/wp\/v2\/posts\/204612","targetHints":{"allow":["GET"]}}],"collection":[{"href":"https:\/\/www.europesays.com\/uk\/wp-json\/wp\/v2\/posts"}],"about":[{"href":"https:\/\/www.europesays.com\/uk\/wp-json\/wp\/v2\/types\/post"}],"author":[{"embeddable":true,"href":"https:\/\/www.europesays.com\/uk\/wp-json\/wp\/v2\/users\/2"}],"replies":[{"embeddable":true,"href":"https:\/\/www.europesays.com\/uk\/wp-json\/wp\/v2\/comments?post=204612"}],"version-history":[{"count":0,"href":"https:\/\/www.europesays.com\/uk\/wp-json\/wp\/v2\/posts\/204612\/revisions"}],"wp:featuredmedia":[{"embeddable":true,"href":"https:\/\/www.europesays.com\/uk\/wp-json\/wp\/v2\/media\/204613"}],"wp:attachment":[{"href":"https:\/\/www.europesays.com\/uk\/wp-json\/wp\/v2\/media?parent=204612"}],"wp:term":[{"taxonomy":"category","embeddable":true,"href":"https:\/\/www.europesays.com\/uk\/wp-json\/wp\/v2\/categories?post=204612"},{"taxonomy":"post_tag","embeddable":true,"href":"https:\/\/www.europesays.com\/uk\/wp-json\/wp\/v2\/tags?post=204612"}],"curies":[{"name":"wp","href":"https:\/\/api.w.org\/{rel}","templated":true}]}}