{"id":205959,"date":"2025-06-22T20:36:14","date_gmt":"2025-06-22T20:36:14","guid":{"rendered":"https:\/\/www.europesays.com\/uk\/205959\/"},"modified":"2025-06-22T20:36:14","modified_gmt":"2025-06-22T20:36:14","slug":"wins-for-tim-merlier-and-filippo-baroncini-in-belgium-jordi-meeus-in-copenhagen-and-mattias-skjelmose-in-andorra","status":"publish","type":"post","link":"https:\/\/www.europesays.com\/uk\/205959\/","title":{"rendered":"Wins for Tim Merlier and Filippo Baroncini in Belgium, Jordi Meeus in Copenhagen and Mattias Skjelmose in Andorra"},"content":{"rendered":"<p>A busy day of racing across Europe offered several pointers towards the Tour de France, which gets under way in Lille in less than a fortnight. At the Baloise Belgium Tour, Filippo Baroncini wrapped up the overall title as Tim Merlier took his second bunch sprint of the race. In Denmark, Jordi Meeus bagged his second victory in three days at the inaugural Copenhagen Sprint. In Andorra, meanwhile, Mattias Skjelmose confirmed he\u2019s shaping up nicely after illness for July as he won another new race, the Andorra MoraBanc Cl\u00e0ssica.<\/p>\n<p>The Baloise Belgium Tour concluded with a final stage in Brussels. The winner on day one, Tim Merlier (Soudal Quick-Step) gained a psychological boost on some of the sprint rivals that he will face at the Tour when he cantered to his second victory of the race.<\/p>\n<p class=\"paywall\" aria-hidden=\"true\">Swinging into the final straight, Alpecin Deceuninck looked set to lead out Jasper Philipsen for his second success of the race, only to see Merlier sweep out of their slipstream and breeze away for his 10th win of the season. It also that suggested that the Belgian is currently the form sprinter going into the Tour, where the European champion will share leadership with Remco Evenepoel. \u00a0\u00a0<\/p>\n<p>You may like<\/p>\n<p class=\"paywall\" aria-hidden=\"true\">Philipsen finished fifth, behind Juan Sebasti\u00e1n Molano (UAE Team Emirates-XRG), Kim Heiduk (Ineos Grenadiers) and Tim Torn Teutenberg (Lidl-Trek). The overall title went to Molano\u2019s teammate Filippo Baroncini, who finished four seconds ahead of Britain\u2019s Ethan Hayter (Soudal Quick-Step), who won the race\u2019s time trial on Friday.<\/p>\n<p class=\"paywall\" aria-hidden=\"true\">In Denmark, meanwhile, Jordi Meeus (Red Bull-Bora-hansgrohe) bagged his second bunch sprint success in three days when he emerged from the pack in the very final metres to win the first edition of the Copenhagen Sprint WorldTour event.<\/p>\n<p class=\"paywall\" aria-hidden=\"true\">Winner of stage six of the Tour de Suisse on Friday, Meeus quit the race that same evening and required the agreement of that event\u2019s organisers to be able to compete in Copenhagen.<\/p>\n<p class=\"paywall\" aria-hidden=\"true\">He made the most of the opportunity in a crash-affected finale. With 10km to go, pre-race favourite Olav Kooij went down with several other riders and failed to finish. In the final straight, S\u00f8ren W\u00e6renskjold (Uno-X Mobility) and Dylan Groenewegen (Jayco-AlUla) both opened early but faded into the headwind blowing from behind the line.<\/p>\n<p class=\"newsletter-form__strapline\">The latest race content, interviews, features, reviews and expert buying guides, direct to your inbox!<\/p>\n<p class=\"paywall\" aria-hidden=\"true\">Meeus, though, judged his acceleration perfectly, emerging in the final metres from behind Frenchman Alexis Renard (Cofidis), who was second, ahead of compatriots \u00c9milien Jeanni\u00e8re (TotalEnergies) and Arnaud D\u00e9mare (Ark\u00e9a-B&amp;B Hotels).<\/p>\n<p class=\"paywall\" aria-hidden=\"true\">The day\u2019s second new one-day race was the Andorra MoraBanc Cl\u00e0ssica. The threat of thunderstorms resulted in a late reworking of the route. The Beixalis climb was removed, as was the gravel section at Engolasters that was turned into a mud bath by torrential rain during the stage in the 2019 Vuelta a Espa\u00f1a that saw Tadej Poga\u010dar take his first Grand Tour stage win.<\/p>\n<p class=\"paywall\" aria-hidden=\"true\">The 114.4km event still featured plenty of climbing, notably the massive Envalira pass, as well as the Coll d\u2019Ordino and Coll de la Comella. On the final 10.7km climb to the finish at the Coll de la Botella, Mattias Skjelmose (Lidl-Trek), Enric Mas (Movistar), Cristian Rodr\u00edguez (Ark\u00e9a-B&amp;B Hotels), Sebastian Berwick (Caja Rural) and Esteb\u00e1n Chaves (EF Education-EasyPost) ended up vying for victory.<\/p>\n<p class=\"paywall\" aria-hidden=\"true\">After Colombian veteran Chaves was reeled in following an attack with a kilometre remaining, the leading quintet marked each other until 200m to go, where Skjelmose accelerated. Mas and then Rodr\u00edguez chased, but the Dane held on, victory giving him a pre-Tour de France boost after recent setbacks.<\/p>\n<p class=\"paywall\" aria-hidden=\"true\">\u201cOf course [I\u2019m happy]! I was sick for a long time and lost both the Dauphin\u00e9 and Suisse,\u201d explained Skjelmose at the finish. \u201cLuckily, I could do this race, and I think the shape is there for the Tour [de France]. I was feeling good all day and the guys did a perfect job. I did my own pace and knew if I could come there that I could sprint.<\/p>\n<p class=\"paywall\" aria-hidden=\"true\">\u201cThis was super good, we had to see how this race was going, but the Tour is a completely different race so we will have to see, but after today I\u2019m more confident, I think we can do a good Tour. I\u2019m looking forward to [it].\u201d<\/p>\n<p class=\"paywall\" aria-hidden=\"true\">\u00a0<\/p>\n","protected":false},"excerpt":{"rendered":"A busy day of racing across Europe offered several pointers towards the Tour de France, which gets under&hellip;\n","protected":false},"author":2,"featured_media":205960,"comment_status":"","ping_status":"","sticky":false,"template":"","format":"standard","meta":{"footnotes":""},"categories":[4104],"tags":[4230,79,16,15],"class_list":{"0":"post-205959","1":"post","2":"type-post","3":"status-publish","4":"format-standard","5":"has-post-thumbnail","7":"category-cycling","8":"tag-cycling","9":"tag-sports","10":"tag-uk","11":"tag-united-kingdom"},"share_on_mastodon":{"url":"https:\/\/pubeurope.com\/@uk\/114728939315446627","error":""},"_links":{"self":[{"href":"https:\/\/www.europesays.com\/uk\/wp-json\/wp\/v2\/posts\/205959","targetHints":{"allow":["GET"]}}],"collection":[{"href":"https:\/\/www.europesays.com\/uk\/wp-json\/wp\/v2\/posts"}],"about":[{"href":"https:\/\/www.europesays.com\/uk\/wp-json\/wp\/v2\/types\/post"}],"author":[{"embeddable":true,"href":"https:\/\/www.europesays.com\/uk\/wp-json\/wp\/v2\/users\/2"}],"replies":[{"embeddable":true,"href":"https:\/\/www.europesays.com\/uk\/wp-json\/wp\/v2\/comments?post=205959"}],"version-history":[{"count":0,"href":"https:\/\/www.europesays.com\/uk\/wp-json\/wp\/v2\/posts\/205959\/revisions"}],"wp:featuredmedia":[{"embeddable":true,"href":"https:\/\/www.europesays.com\/uk\/wp-json\/wp\/v2\/media\/205960"}],"wp:attachment":[{"href":"https:\/\/www.europesays.com\/uk\/wp-json\/wp\/v2\/media?parent=205959"}],"wp:term":[{"taxonomy":"category","embeddable":true,"href":"https:\/\/www.europesays.com\/uk\/wp-json\/wp\/v2\/categories?post=205959"},{"taxonomy":"post_tag","embeddable":true,"href":"https:\/\/www.europesays.com\/uk\/wp-json\/wp\/v2\/tags?post=205959"}],"curies":[{"name":"wp","href":"https:\/\/api.w.org\/{rel}","templated":true}]}}